{"id":103561,"date":"2026-03-09T20:23:18","date_gmt":"2026-03-10T02:23:18","guid":{"rendered":"https:\/\/redsemlac.com\/semmexico\/?p=103561"},"modified":"2026-03-09T20:23:34","modified_gmt":"2026-03-10T02:23:34","slug":"se-solidariza-la-unam-con-la-uaem-por-asesinatos-de-dos-alumnas","status":"publish","type":"post","link":"https:\/\/redsemlac.com\/semmexico\/se-solidariza-la-unam-con-la-uaem-por-asesinatos-de-dos-alumnas\/","title":{"rendered":"Se solidariza la UNAM con la UAEM por asesinatos de dos alumnas"},"content":{"rendered":"\n<ul class=\"wp-block-list\">\n<li>Se suman con firmeza a la condena de los asesinatos de Kimberly y Karol<\/li>\n<\/ul>\n\n\n\n<p class=\"wp-block-paragraph\">Redacci\u00f3n<\/p>\n\n\n\n<p class=\"wp-block-paragraph\">SemM\u00e9xico, Ciudad de M\u00e9xico, 9 de marzo, 2026.- La Universidad Nacional Aut\u00f3noma de M\u00e9xico, respetuosa de la autonom\u00eda universitaria, expres\u00f3 su solidaridad con la comunidad de la Universidad Aut\u00f3noma del Estado de Morelos (UAEM), agraviada por los feminicidios de Kimberly Joselin Ramos Beltr\u00e1n y Karol Toledo G\u00f3mez, estudiantes de esa instituci\u00f3n educativa.<\/p>\n\n\n\n<p class=\"wp-block-paragraph\">El pronunciamiento se emiti\u00f3 en torno a la conmemoraci\u00f3n del D\u00eda Internacional de las Mujeres, que se conmemor\u00f3 este 8 de marzo, en la que expresa su solidaridad y se suman con firmeza a la condena de estos hechos que han enlutado a la sociedad morelense, y confiamos en que las autoridades investigar\u00e1n a fondo para detener a los responsables para llevarlos ante la justicia.<\/p>\n\n\n\n<p class=\"wp-block-paragraph\">El breve pronunciamiento indica que las entidades acad\u00e9micas que forman parte del&nbsp;<em>campus<\/em>&nbsp;Morelos de la UNAM comparten proyectos, actividades, tareas cotidianas e instalaciones con la UAEM, por lo que estamos reforzando las medidas de prevenci\u00f3n y seguridad que nos corresponden y nos mantenemos atentos para colaborar en todo lo que sea posible con las necesidades que determine la comunidad de la UAEM.<\/p>\n\n\n\n<p class=\"wp-block-paragraph\">SEM\/sj<\/p>\n","protected":false},"excerpt":{"rendered":"<p>Redacci\u00f3n SemM\u00e9xico, Ciudad de M\u00e9xico, 9 de marzo, 2026.- La Universidad Nacional Aut\u00f3noma de M\u00e9xico, respetuosa de la autonom\u00eda universitaria, expres\u00f3 su solidaridad con la comunidad de la Universidad Aut\u00f3noma del Estado de Morelos (UAEM), agraviada por los feminicidios de Kimberly Joselin Ramos Beltr\u00e1n y Karol Toledo G\u00f3mez, estudiantes de esa instituci\u00f3n educativa. El pronunciamiento [&hellip;]<\/p>\n","protected":false},"author":3,"featured_media":103562,"comment_status":"open","ping_status":"open","sticky":false,"template":"","format":"standard","meta":{"_monsterinsights_skip_tracking":false,"footnotes":""},"categories":[48],"tags":[],"class_list":["post-103561","post","type-post","status-publish","format-standard","has-post-thumbnail","category-no-mas-impunidad-no-mas-impunidad"],"_links":{"self":[{"href":"https:\/\/redsemlac.com\/semmexico\/wp-json\/wp\/v2\/posts\/103561","targetHints":{"allow":["GET"]}}],"collection":[{"href":"https:\/\/redsemlac.com\/semmexico\/wp-json\/wp\/v2\/posts"}],"about":[{"href":"https:\/\/redsemlac.com\/semmexico\/wp-json\/wp\/v2\/types\/post"}],"author":[{"embeddable":true,"href":"https:\/\/redsemlac.com\/semmexico\/wp-json\/wp\/v2\/users\/3"}],"replies":[{"embeddable":true,"href":"https:\/\/redsemlac.com\/semmexico\/wp-json\/wp\/v2\/comments?post=103561"}],"version-history":[{"count":0,"href":"https:\/\/redsemlac.com\/semmexico\/wp-json\/wp\/v2\/posts\/103561\/revisions"}],"wp:featuredmedia":[{"embeddable":true,"href":"https:\/\/redsemlac.com\/semmexico\/wp-json\/wp\/v2\/media\/103562"}],"wp:attachment":[{"href":"https:\/\/redsemlac.com\/semmexico\/wp-json\/wp\/v2\/media?parent=103561"}],"wp:term":[{"taxonomy":"category","embeddable":true,"href":"https:\/\/redsemlac.com\/semmexico\/wp-json\/wp\/v2\/categories?post=103561"},{"taxonomy":"post_tag","embeddable":true,"href":"https:\/\/redsemlac.com\/semmexico\/wp-json\/wp\/v2\/tags?post=103561"}],"curies":[{"name":"wp","href":"https:\/\/api.w.org\/{rel}","templated":true}]}}