{"id":103500,"date":"2026-03-09T14:58:56","date_gmt":"2026-03-09T20:58:56","guid":{"rendered":"https:\/\/redsemlac.com\/semmexico\/?p=103500"},"modified":"2026-03-09T14:58:57","modified_gmt":"2026-03-09T20:58:57","slug":"de-nuevo-salomon-jara-cruz-reprimio-a-las-manifestantes-del-8m-en-oaxaca","status":"publish","type":"post","link":"https:\/\/redsemlac.com\/semmexico\/de-nuevo-salomon-jara-cruz-reprimio-a-las-manifestantes-del-8m-en-oaxaca\/","title":{"rendered":"De nuevo Salom\u00f3n Jara Cruz reprimi\u00f3 a las manifestantes del 8M en Oaxaca"},"content":{"rendered":"\n<ul class=\"wp-block-list\">\n<li>Fue una multitudinaria marcha, se estima que fueron m\u00e1s de 4 mil manifestantes<\/li>\n\n\n\n<li>Lourdes, Quetzal y Diego fueron detenidos<\/li>\n<\/ul>\n\n\n\n<p class=\"wp-block-paragraph\">Soledad Jarqu\u00edn Edgar<\/p>\n\n\n\n<p class=\"wp-block-paragraph\">SemM\u00e9xico, Oaxaca, 8 de marzo, 2026.- Por segunda ocasi\u00f3n el gobierno de Salom\u00f3n Jara Cruz reprimi\u00f3 la marcha del 8M frente al palacio de gobierno que, pese a estar rodeado de vallas met\u00e1licas fue horadado por las mujeres, se prendieron pancartas y algunas de ellas lanzadas al interior del corredor, por lo que fueron replegadas y agredidas por elementos de la polic\u00eda estatal quienes llevaban equipo antimotines.<\/p>\n\n\n\n<p class=\"wp-block-paragraph\">En 2025, la multitudinaria marcha por el D\u00eda Internacional de la Mujer lleg\u00f3 al z\u00f3calo y cuando iniciaban las protestas frente al palacio de gobierno, polic\u00edas estatales desde la azotea del edificio gubernamental lanzaron gas lacrim\u00f3geno contra mujeres e infancias.<\/p>\n\n\n\n<p class=\"wp-block-paragraph\">Este a\u00f1o no fue la excepci\u00f3n aparecieron los polic\u00edas quienes a empujones con los toletes y escudos las sacaron del primer cuadro de la ciudad y al menos tres personas, dos mujeres y un hombre fueron detenidas cuando ya se retiraban de la marcha, se trata de Lourdes, Quetzal y Diego.<\/p>\n\n\n\n<p class=\"wp-block-paragraph\">La marcha del 8M, compuesta por m\u00e1s de cuatro mil mujeres, camin\u00f3 desde la fuente de las 8 Regiones, ubicada al norte de la ciudad por la calzada Porfirio D\u00edaz, luego sigui\u00f3 por avenida Ju\u00e1rez y dio vuelta en Morelos hasta Garc\u00eda Vigil para despu\u00e9s llegar a la Alameda, atravesaron el z\u00f3calo y se instalaron frente al palacio de gobierno, a su paso adem\u00e1s de consignas se escucharon los vidrios de algunos comercios caer.<\/p>\n\n\n\n<p class=\"wp-block-paragraph\">Las proclamas fueron varias y los reclamos muchos, 305 mujeres han sido asesinadas en lo que va del gobierno del morenista Salom\u00f3n Jara Cruz, a quien con gritos le pidieron que se vaya; igualmente fueron exclamados los nombres de una veintena de las v\u00edctimas de feminicidio, entre ellas Virginia, Adriana, Sandra, Mar\u00eda del Sol, Gemma, Fabiola, muchas m\u00e1s, cuyas familias encabezaron la marcha feminista.<\/p>\n\n\n\n<p class=\"wp-block-paragraph\">En el centro de la ciudad tambi\u00e9n fueron rotos los vidrios de alguna que otra tienda de conveniencia y a una cuadra de la Alameda de Le\u00f3n ardieron las tablas que resguardaban tres bancos, luego en la catedral metropolitana se escucharon golpes a las vallas met\u00e1licas y se colocaron carteles con consignas, como se hace cada a\u00f1o.<\/p>\n\n\n\n<p class=\"wp-block-paragraph\">Ya frente a palacio surgi\u00f3 la \u201cdigna rabia\u201d cuando frente a ellas se encontraba una enorme valla met\u00e1lica que rodeaba el inmueble que ocupa el gobierno local , las familias y feministas colocaron carteles con los rostros y nombres de las v\u00edctimas; a viva voz se denunci\u00f3 la complicidad del Estado y la impunidad en la que prevalecen la mayor\u00eda de los asesinatos de mujeres en Oaxaca.<\/p>\n\n\n\n<p class=\"wp-block-paragraph\">Tambi\u00e9n hubo consignas y canciones. A manera de homenaje y denuncia se construyeron dos peque\u00f1as tumbas en alusi\u00f3n a las peque\u00f1as haitianas, gemelas de seis a\u00f1os, que murieron cuando estaban bajo custodia del Estado mexicano en la Casa Pato perteneciente al DIF, una casa a donde tras ser aseguradas junto con su madre y hermano esperaban seguir su camino hacia el norte del pa\u00eds, el sue\u00f1o era alcanzar a su pap\u00e1, sin embargo, las ni\u00f1as cayeron a una fosa s\u00e9ptica &nbsp;del albergue, cuyas tapaderas estaban en mal estado, \u201cesas son las puertas que debi\u00f3 poner el gobierno de Salom\u00f3n Jara, no estas vallas\u201d.<\/p>\n\n\n\n<p class=\"wp-block-paragraph\">Despu\u00e9s, cuando el grupo era m\u00e1s numeroso, lanzaron botellas de agua semivac\u00edas hacia el interior del corredor del palacio de gobierno, luego piedras y encendieron una fogata con cartulinas y cajas de zapatos, mientras otras hac\u00edan los reclamos por la falta de justicia en los m\u00e1s de 300 feminicidio, la m\u00e1s extrema de las violencias.<\/p>\n\n\n\n<p class=\"wp-block-paragraph\">Cuando el sol empezaba a ponerse, las manifestantes lograron derribar las vallas met\u00e1licas e introdujeron los pocos cartones y cartulinas encendidos que quedaban hacia el corredor del palacio y cuando no hubo m\u00e1s que quemar, todas juntas derribaron las vallas met\u00e1licas.<\/p>\n\n\n\n<p class=\"wp-block-paragraph\">Fue en ese momento cuando aparecieron desde las calles aleda\u00f1as m\u00e1s de cien polic\u00edas estatales con equipo t\u00e1ctico para replegar de manera violenta las manifestantes, al final tres j\u00f3venes, dos mujeres y un hombre, fueron cuando ya se retiraban del lugar.<\/p>\n\n\n\n<p class=\"wp-block-paragraph\">Defensoras que participaron en la marcha denunciaron el doble discurso del gobernador, quien un d\u00eda antes se hab\u00eda reunido con un reducido grupo de activistas y con otro grupo de v\u00edctimas indirectas del delito de feminicidio, por invitaci\u00f3n de la reci\u00e9n nombrada titular de la Secretar\u00eda de las Mujeres, Rogelia G\u00f3nz\u00e1lez. \u201cNos quieren calladitas y sumisas\u201d, apunt\u00f3 otra, quien lament\u00f3 la decisi\u00f3n del cuestionado gobernador morenista.<\/p>\n\n\n\n<p class=\"wp-block-paragraph\">En Oaxaca las marchas por el 8M se replicaron en varios municipios en Huatulco las manifestantes llenaron de pintura las paredes y colocaron el letrero de \u201cJulio asesino\u201d en referencia al presidente municipal Julio C\u00e1rdenas, quien fue cuestionado por la muerte de Dulce Enr\u00edquez, de 20 a\u00f1os, quien lo acompa\u00f1aba en un viaje a la ciudad de Oaxaca.<\/p>\n\n\n\n<p class=\"wp-block-paragraph\">Tambi\u00e9n hubo protestas feministas en diversos municipios de la Costa, Istmo y Mixteca.<\/p>\n\n\n\n<p class=\"wp-block-paragraph\">SEM\/sj<\/p>\n\n\n\n<figure class=\"wp-block-gallery has-nested-images columns-default is-cropped wp-block-gallery-1 is-layout-flex wp-block-gallery-is-layout-flex\">\n<figure class=\"wp-block-image size-large\"><a href=\"https:\/\/redsemlac.com\/semmexico\/wp-content\/uploads\/2026\/03\/WhatsApp-Image-2026-03-09-at-3.10.48-AM-4.jpg\"><img loading=\"lazy\" decoding=\"async\" width=\"768\" height=\"1024\" data-id=\"103509\" src=\"https:\/\/redsemlac.com\/semmexico\/wp-content\/uploads\/2026\/03\/WhatsApp-Image-2026-03-09-at-3.10.48-AM-4-768x1024.jpg\" alt=\"\" class=\"wp-image-103509\" srcset=\"https:\/\/redsemlac.com\/semmexico\/wp-content\/uploads\/2026\/03\/WhatsApp-Image-2026-03-09-at-3.10.48-AM-4-768x1024.jpg 768w, https:\/\/redsemlac.com\/semmexico\/wp-content\/uploads\/2026\/03\/WhatsApp-Image-2026-03-09-at-3.10.48-AM-4-225x300.jpg 225w, https:\/\/redsemlac.com\/semmexico\/wp-content\/uploads\/2026\/03\/WhatsApp-Image-2026-03-09-at-3.10.48-AM-4-150x200.jpg 150w, https:\/\/redsemlac.com\/semmexico\/wp-content\/uploads\/2026\/03\/WhatsApp-Image-2026-03-09-at-3.10.48-AM-4-300x400.jpg 300w, https:\/\/redsemlac.com\/semmexico\/wp-content\/uploads\/2026\/03\/WhatsApp-Image-2026-03-09-at-3.10.48-AM-4-696x928.jpg 696w, https:\/\/redsemlac.com\/semmexico\/wp-content\/uploads\/2026\/03\/WhatsApp-Image-2026-03-09-at-3.10.48-AM-4.jpg 900w\" sizes=\"auto, (max-width: 768px) 100vw, 768px\" \/><\/a><\/figure>\n\n\n\n<figure class=\"wp-block-image size-large\"><a href=\"https:\/\/redsemlac.com\/semmexico\/wp-content\/uploads\/2026\/03\/WhatsApp-Image-2026-03-09-at-3.10.48-AM.jpg\"><img loading=\"lazy\" decoding=\"async\" width=\"768\" height=\"1024\" data-id=\"103508\" src=\"https:\/\/redsemlac.com\/semmexico\/wp-content\/uploads\/2026\/03\/WhatsApp-Image-2026-03-09-at-3.10.48-AM-768x1024.jpg\" alt=\"\" class=\"wp-image-103508\" srcset=\"https:\/\/redsemlac.com\/semmexico\/wp-content\/uploads\/2026\/03\/WhatsApp-Image-2026-03-09-at-3.10.48-AM-768x1024.jpg 768w, https:\/\/redsemlac.com\/semmexico\/wp-content\/uploads\/2026\/03\/WhatsApp-Image-2026-03-09-at-3.10.48-AM-225x300.jpg 225w, https:\/\/redsemlac.com\/semmexico\/wp-content\/uploads\/2026\/03\/WhatsApp-Image-2026-03-09-at-3.10.48-AM-150x200.jpg 150w, https:\/\/redsemlac.com\/semmexico\/wp-content\/uploads\/2026\/03\/WhatsApp-Image-2026-03-09-at-3.10.48-AM-300x400.jpg 300w, https:\/\/redsemlac.com\/semmexico\/wp-content\/uploads\/2026\/03\/WhatsApp-Image-2026-03-09-at-3.10.48-AM-696x928.jpg 696w, https:\/\/redsemlac.com\/semmexico\/wp-content\/uploads\/2026\/03\/WhatsApp-Image-2026-03-09-at-3.10.48-AM.jpg 900w\" sizes=\"auto, (max-width: 768px) 100vw, 768px\" \/><\/a><\/figure>\n<\/figure>\n\n\n\n<figure class=\"wp-block-gallery has-nested-images columns-default is-cropped wp-block-gallery-2 is-layout-flex wp-block-gallery-is-layout-flex\">\n<figure class=\"wp-block-image size-large\"><a href=\"https:\/\/redsemlac.com\/semmexico\/wp-content\/uploads\/2026\/03\/WhatsApp-Image-2026-03-09-at-3.10.48-AM-3.jpeg\"><img loading=\"lazy\" decoding=\"async\" width=\"1024\" height=\"591\" data-id=\"103505\" src=\"https:\/\/redsemlac.com\/semmexico\/wp-content\/uploads\/2026\/03\/WhatsApp-Image-2026-03-09-at-3.10.48-AM-3-1024x591.jpeg\" alt=\"\" class=\"wp-image-103505\" srcset=\"https:\/\/redsemlac.com\/semmexico\/wp-content\/uploads\/2026\/03\/WhatsApp-Image-2026-03-09-at-3.10.48-AM-3-1024x591.jpeg 1024w, https:\/\/redsemlac.com\/semmexico\/wp-content\/uploads\/2026\/03\/WhatsApp-Image-2026-03-09-at-3.10.48-AM-3-300x173.jpeg 300w, https:\/\/redsemlac.com\/semmexico\/wp-content\/uploads\/2026\/03\/WhatsApp-Image-2026-03-09-at-3.10.48-AM-3-768x443.jpeg 768w, https:\/\/redsemlac.com\/semmexico\/wp-content\/uploads\/2026\/03\/WhatsApp-Image-2026-03-09-at-3.10.48-AM-3-150x87.jpeg 150w, https:\/\/redsemlac.com\/semmexico\/wp-content\/uploads\/2026\/03\/WhatsApp-Image-2026-03-09-at-3.10.48-AM-3-696x401.jpeg 696w, https:\/\/redsemlac.com\/semmexico\/wp-content\/uploads\/2026\/03\/WhatsApp-Image-2026-03-09-at-3.10.48-AM-3-1068x616.jpeg 1068w, https:\/\/redsemlac.com\/semmexico\/wp-content\/uploads\/2026\/03\/WhatsApp-Image-2026-03-09-at-3.10.48-AM-3.jpeg 1080w\" sizes=\"auto, (max-width: 1024px) 100vw, 1024px\" \/><\/a><\/figure>\n\n\n\n<figure class=\"wp-block-image size-large\"><a href=\"https:\/\/redsemlac.com\/semmexico\/wp-content\/uploads\/2026\/03\/WhatsApp-Image-2026-03-09-at-3.10.48-AM-5.jpeg\"><img loading=\"lazy\" decoding=\"async\" width=\"1024\" height=\"768\" data-id=\"103506\" src=\"https:\/\/redsemlac.com\/semmexico\/wp-content\/uploads\/2026\/03\/WhatsApp-Image-2026-03-09-at-3.10.48-AM-5-1024x768.jpeg\" alt=\"\" class=\"wp-image-103506\" srcset=\"https:\/\/redsemlac.com\/semmexico\/wp-content\/uploads\/2026\/03\/WhatsApp-Image-2026-03-09-at-3.10.48-AM-5-1024x768.jpeg 1024w, https:\/\/redsemlac.com\/semmexico\/wp-content\/uploads\/2026\/03\/WhatsApp-Image-2026-03-09-at-3.10.48-AM-5-300x225.jpeg 300w, https:\/\/redsemlac.com\/semmexico\/wp-content\/uploads\/2026\/03\/WhatsApp-Image-2026-03-09-at-3.10.48-AM-5-768x576.jpeg 768w, https:\/\/redsemlac.com\/semmexico\/wp-content\/uploads\/2026\/03\/WhatsApp-Image-2026-03-09-at-3.10.48-AM-5-1536x1152.jpeg 1536w, https:\/\/redsemlac.com\/semmexico\/wp-content\/uploads\/2026\/03\/WhatsApp-Image-2026-03-09-at-3.10.48-AM-5-150x113.jpeg 150w, https:\/\/redsemlac.com\/semmexico\/wp-content\/uploads\/2026\/03\/WhatsApp-Image-2026-03-09-at-3.10.48-AM-5-696x522.jpeg 696w, https:\/\/redsemlac.com\/semmexico\/wp-content\/uploads\/2026\/03\/WhatsApp-Image-2026-03-09-at-3.10.48-AM-5-1068x801.jpeg 1068w, https:\/\/redsemlac.com\/semmexico\/wp-content\/uploads\/2026\/03\/WhatsApp-Image-2026-03-09-at-3.10.48-AM-5.jpeg 1600w\" sizes=\"auto, (max-width: 1024px) 100vw, 1024px\" \/><\/a><\/figure>\n<\/figure>\n\n\n\n<figure class=\"wp-block-gallery has-nested-images columns-default is-cropped wp-block-gallery-3 is-layout-flex wp-block-gallery-is-layout-flex\">\n<figure class=\"wp-block-image size-large\"><a href=\"https:\/\/redsemlac.com\/semmexico\/wp-content\/uploads\/2026\/03\/detenidas.jpg\"><img loading=\"lazy\" decoding=\"async\" width=\"526\" height=\"701\" data-id=\"103507\" src=\"https:\/\/redsemlac.com\/semmexico\/wp-content\/uploads\/2026\/03\/detenidas.jpg\" alt=\"\" class=\"wp-image-103507\" srcset=\"https:\/\/redsemlac.com\/semmexico\/wp-content\/uploads\/2026\/03\/detenidas.jpg 526w, https:\/\/redsemlac.com\/semmexico\/wp-content\/uploads\/2026\/03\/detenidas-225x300.jpg 225w, https:\/\/redsemlac.com\/semmexico\/wp-content\/uploads\/2026\/03\/detenidas-150x200.jpg 150w, https:\/\/redsemlac.com\/semmexico\/wp-content\/uploads\/2026\/03\/detenidas-300x400.jpg 300w\" sizes=\"auto, (max-width: 526px) 100vw, 526px\" \/><\/a><\/figure>\n\n\n\n<figure class=\"wp-block-image size-large\"><a href=\"https:\/\/redsemlac.com\/semmexico\/wp-content\/uploads\/2026\/03\/WhatsApp-Image-2026-03-09-at-3.10.48-AM-1.jpeg\"><img loading=\"lazy\" decoding=\"async\" width=\"768\" height=\"1024\" data-id=\"103503\" src=\"https:\/\/redsemlac.com\/semmexico\/wp-content\/uploads\/2026\/03\/WhatsApp-Image-2026-03-09-at-3.10.48-AM-1-768x1024.jpeg\" alt=\"\" class=\"wp-image-103503\" srcset=\"https:\/\/redsemlac.com\/semmexico\/wp-content\/uploads\/2026\/03\/WhatsApp-Image-2026-03-09-at-3.10.48-AM-1-768x1024.jpeg 768w, https:\/\/redsemlac.com\/semmexico\/wp-content\/uploads\/2026\/03\/WhatsApp-Image-2026-03-09-at-3.10.48-AM-1-225x300.jpeg 225w, https:\/\/redsemlac.com\/semmexico\/wp-content\/uploads\/2026\/03\/WhatsApp-Image-2026-03-09-at-3.10.48-AM-1-1152x1536.jpeg 1152w, https:\/\/redsemlac.com\/semmexico\/wp-content\/uploads\/2026\/03\/WhatsApp-Image-2026-03-09-at-3.10.48-AM-1-150x200.jpeg 150w, https:\/\/redsemlac.com\/semmexico\/wp-content\/uploads\/2026\/03\/WhatsApp-Image-2026-03-09-at-3.10.48-AM-1-300x400.jpeg 300w, https:\/\/redsemlac.com\/semmexico\/wp-content\/uploads\/2026\/03\/WhatsApp-Image-2026-03-09-at-3.10.48-AM-1-696x928.jpeg 696w, https:\/\/redsemlac.com\/semmexico\/wp-content\/uploads\/2026\/03\/WhatsApp-Image-2026-03-09-at-3.10.48-AM-1-1068x1424.jpeg 1068w, https:\/\/redsemlac.com\/semmexico\/wp-content\/uploads\/2026\/03\/WhatsApp-Image-2026-03-09-at-3.10.48-AM-1.jpeg 1200w\" sizes=\"auto, (max-width: 768px) 100vw, 768px\" \/><\/a><\/figure>\n<\/figure>\n","protected":false},"excerpt":{"rendered":"<p>Soledad Jarqu\u00edn Edgar SemM\u00e9xico, Oaxaca, 8 de marzo, 2026.- Por segunda ocasi\u00f3n el gobierno de Salom\u00f3n Jara Cruz reprimi\u00f3 la marcha del 8M frente al palacio de gobierno que, pese a estar rodeado de vallas met\u00e1licas fue horadado por las mujeres, se prendieron pancartas y algunas de ellas lanzadas al interior del corredor, por lo [&hellip;]<\/p>\n","protected":false},"author":3,"featured_media":103501,"comment_status":"open","ping_status":"open","sticky":false,"template":"","format":"standard","meta":{"_monsterinsights_skip_tracking":false,"footnotes":""},"categories":[205,75],"tags":[],"class_list":["post-103500","post","type-post","status-publish","format-standard","has-post-thumbnail","category-8-de-marzo","category-soledad-jarquin-edgar"],"_links":{"self":[{"href":"https:\/\/redsemlac.com\/semmexico\/wp-json\/wp\/v2\/posts\/103500","targetHints":{"allow":["GET"]}}],"collection":[{"href":"https:\/\/redsemlac.com\/semmexico\/wp-json\/wp\/v2\/posts"}],"about":[{"href":"https:\/\/redsemlac.com\/semmexico\/wp-json\/wp\/v2\/types\/post"}],"author":[{"embeddable":true,"href":"https:\/\/redsemlac.com\/semmexico\/wp-json\/wp\/v2\/users\/3"}],"replies":[{"embeddable":true,"href":"https:\/\/redsemlac.com\/semmexico\/wp-json\/wp\/v2\/comments?post=103500"}],"version-history":[{"count":0,"href":"https:\/\/redsemlac.com\/semmexico\/wp-json\/wp\/v2\/posts\/103500\/revisions"}],"wp:featuredmedia":[{"embeddable":true,"href":"https:\/\/redsemlac.com\/semmexico\/wp-json\/wp\/v2\/media\/103501"}],"wp:attachment":[{"href":"https:\/\/redsemlac.com\/semmexico\/wp-json\/wp\/v2\/media?parent=103500"}],"wp:term":[{"taxonomy":"category","embeddable":true,"href":"https:\/\/redsemlac.com\/semmexico\/wp-json\/wp\/v2\/categories?post=103500"},{"taxonomy":"post_tag","embeddable":true,"href":"https:\/\/redsemlac.com\/semmexico\/wp-json\/wp\/v2\/tags?post=103500"}],"curies":[{"name":"wp","href":"https:\/\/api.w.org\/{rel}","templated":true}]}}