{"id":103497,"date":"2026-03-09T13:33:42","date_gmt":"2026-03-09T19:33:42","guid":{"rendered":"https:\/\/redsemlac.com\/semmexico\/?p=103497"},"modified":"2026-03-09T13:33:43","modified_gmt":"2026-03-09T19:33:43","slug":"sheinbaum-reivindica-a-mujeres-militares-en-el-8m-y-promete-igualdad-plena","status":"publish","type":"post","link":"https:\/\/redsemlac.com\/semmexico\/sheinbaum-reivindica-a-mujeres-militares-en-el-8m-y-promete-igualdad-plena\/","title":{"rendered":"Sheinbaum reivindica a mujeres militares en el 8M y promete igualdad plena"},"content":{"rendered":"\n<ul class=\"wp-block-list\">\n<li>La presidenta sostuvo que el avance femenino fortalece al pa\u00eds, mientras su gobierno promete erradicar la discriminaci\u00f3n y la violencia de g\u00e9nero<\/li>\n\n\n\n<li>Encabez\u00f3 la conmemoraci\u00f3n del D\u00eda Internacional de la Mujer en el Campo Marte<\/li>\n<\/ul>\n\n\n\n<p class=\"wp-block-paragraph\">Rafael Ram\u00edrez<\/p>\n\n\n\n<p class=\"wp-block-paragraph\">SemM\u00e9xico\/El Sol de M\u00e9xico, Ciudad de M\u00e9xico, 9 de marzo, 2026.- Frente a filas de mujeres militares formadas en el&nbsp;Campo Deportivo Militar Marte, la presidenta Claudia Sheinbaum convirti\u00f3 la conmemoraci\u00f3n del&nbsp;<a href=\"https:\/\/oem.com.mx\/elsoldemexico\/mundo\/el-derecho-al-aborto-choca-contra-la-ola-conservadora-internacional-28835477\" target=\"_blank\" rel=\"noreferrer noopener\">D\u00eda Internacional de la Mujer<\/a>&nbsp;en un mensaje pol\u00edtico sobre igualdad, poder y transformaci\u00f3n institucional en M\u00e9xico.<\/p>\n\n\n\n<p class=\"wp-block-paragraph\">La mandataria record\u00f3 que el 8 de Marzo (8M) no naci\u00f3 como una celebraci\u00f3n, sino como una jornada marcada por la&nbsp;<a href=\"https:\/\/oem.com.mx\/elsoldemexico\/mexico\/ellas-no-marcharan-este-ano-28820780\" target=\"_blank\" rel=\"noreferrer noopener\">lucha social<\/a>&nbsp;y laboral de las mujeres.<\/p>\n\n\n\n<p class=\"wp-block-paragraph\">En un escenario simb\u00f3lico \u2014un recinto militar hist\u00f3ricamente dominado por hombres\u2014 Sheinbaum dedic\u00f3 buena parte de su discurso a reivindicar la presencia femenina en las&nbsp;<a href=\"https:\/\/oem.com.mx\/elsoldemexico\/metropoli\/acompanaran-400-mujeres-policias-la-marcha-del-8m-2026-28798887\" target=\"_blank\" rel=\"noreferrer noopener\">Fuerzas Armadas,<\/a>&nbsp;un \u00e1mbito que durante d\u00e9cadas estuvo pr\u00e1cticamente cerrado para ellas.<\/p>\n\n\n\n<p class=\"wp-block-paragraph\">A las mujeres uniformadas les dijo que representan la continuidad de una historia de resistencia femenina que atraviesa la independencia, la reforma y la revoluci\u00f3n mexicana.<\/p>\n\n\n\n<p class=\"wp-block-paragraph\">El D\u00eda Internacional de la Mujer no naci\u00f3 como una celebraci\u00f3n, naci\u00f3n de la lucha de las mujeres trabajadoras que hace m\u00e1s de un siglo se levantaron para exigir justicia, respeto y derechos plenos&nbsp;<em>Claudia Sheinbaum, presidenta de M\u00e9xico<\/em><\/p>\n\n\n\n<p class=\"wp-block-paragraph\">\u201cLas mujeres mexicanas hemos sido y somos tejedoras de la patria, tejedoras de una naci\u00f3n libre y soberana\u201d, se\u00f1al\u00f3.<\/p>\n\n\n\n<p class=\"wp-block-paragraph\">Sheinbaum insisti\u00f3 en que el reconocimiento a las mujeres no puede quedarse en un gesto simb\u00f3lico y prometi\u00f3 que su gobierno trabajar\u00e1 para construir instituciones m\u00e1s&nbsp;incluyentes y libres de&nbsp;<a href=\"https:\/\/oem.com.mx\/elsoldemexico\/mexico\/senado-conmemora-el-dia-internacional-de-la-mujer-partidos-hacen-llamados-a-eliminar-violencia-de-genero-28777072\" target=\"_blank\" rel=\"noreferrer noopener\">violencia<\/a>.<\/p>\n\n\n\n<p class=\"wp-block-paragraph\">El acto tambi\u00e9n funcion\u00f3 como un recordatorio de los cambios simb\u00f3licos que ha impulsado su gobierno. M\u00e9xico tiene por primera vez a una mujer como comandanta suprema de las Fuerzas Armadas, un hecho que la presidenta present\u00f3 como una se\u00f1al de transformaci\u00f3n pol\u00edtica y cultural.<\/p>\n\n\n\n<p class=\"wp-block-paragraph\"><strong>La igualdad no es un favor, es un derecho&nbsp;<em>Claudia Sheinbaum<\/em><\/strong><\/p>\n\n\n\n<p class=\"wp-block-paragraph\">Sin embargo, el discurso se da en un contexto complicado para la agenda de g\u00e9nero en el pa\u00eds, donde persisten altos&nbsp;\u00edndices de violencia&nbsp;contra las mujeres,&nbsp;feminicidios&nbsp;y&nbsp;desapariciones&nbsp;que han sido denunciados por organizaciones civiles.<\/p>\n\n\n\n<p class=\"wp-block-paragraph\">En su mensaje, Sheinbaum busc\u00f3 responder a esa tensi\u00f3n al asegurar que el reconocimiento a las mujeres debe traducirse en pol\u00edticas p\u00fablicas y cambios institucionales.<\/p>\n\n\n\n<p class=\"wp-block-paragraph\">\u201cUn compromiso para erradicar cualquier forma de&nbsp;discriminaci\u00f3n, acoso o agresi\u00f3n, y para que ninguna mujer tenga que demostrar dos veces su capacidad para ocupar un lugar que merece\u201d, expres\u00f3.<\/p>\n\n\n\n<p class=\"wp-block-paragraph\">La presidenta subray\u00f3 que la presencia de mujeres en las instituciones militares tambi\u00e9n env\u00eda un mensaje a las nuevas generaciones.<\/p>\n\n\n\n<p class=\"wp-block-paragraph\">\u201cDurante mucho tiempo a las ni\u00f1as se les dijo lo que no pod\u00edan ser. Hoy les estamos diciendo todo lo que pueden ser: cient\u00edficas, ingenieras, maestras, presidentas y tambi\u00e9n servir en las Fuerzas Armadas\u201d, afirm\u00f3.<\/p>\n\n\n\n<p class=\"wp-block-paragraph\">El discurso cerr\u00f3 con una apelaci\u00f3n al simbolismo nacionalista que caracteriza muchos actos p\u00fablicos del gobierno actual.<\/p>\n\n\n\n<p class=\"wp-block-paragraph\">Cuando una mujer avanza, avanzamos todas; cuando una mujer rompe una barrera, se abre una puerta&nbsp;<em>Claudia Sheinbaum, presidenta de M\u00e9xico<\/em><\/p>\n\n\n\n<p class=\"wp-block-paragraph\">Luego concluy\u00f3 con un mensaje dirigido a las militares presentes: \u201cM\u00e9xico se siente orgulloso de ustedes. Su ejemplo nos inspira\u201d.<\/p>\n\n\n\n<p class=\"wp-block-paragraph\">El evento, dedicado a reconocer a las mujeres uniformadas, reflej\u00f3 la narrativa del gobierno federal sobre el papel creciente de las mujeres en las instituciones del Estado. Pero tambi\u00e9n evidenci\u00f3 el contraste entre los avances simb\u00f3licos y los desaf\u00edos persistentes que enfrentan millones de mexicanas fuera de los espacios de poder.<\/p>\n\n\n\n<p class=\"wp-block-paragraph\">\u201cSigamos construyendo un M\u00e9xico donde ninguna mujer tenga l\u00edmites\u201d, dijo la presidenta antes de cerrar el acto con un llamado: \u201c\u00a1Que vivan las mujeres de M\u00e9xico! \u00a1Que vivan las mujeres de las Fuerzas Armadas! \u00a1Que viva M\u00e9xico!\u201d.<\/p>\n\n\n\n<p class=\"wp-block-paragraph\">SEM-El Sol de Mexico\/rr<\/p>\n","protected":false},"excerpt":{"rendered":"<p>Rafael Ram\u00edrez SemM\u00e9xico\/El Sol de M\u00e9xico, Ciudad de M\u00e9xico, 9 de marzo, 2026.- Frente a filas de mujeres militares formadas en el&nbsp;Campo Deportivo Militar Marte, la presidenta Claudia Sheinbaum convirti\u00f3 la conmemoraci\u00f3n del&nbsp;D\u00eda Internacional de la Mujer&nbsp;en un mensaje pol\u00edtico sobre igualdad, poder y transformaci\u00f3n institucional en M\u00e9xico. La mandataria record\u00f3 que el 8 de [&hellip;]<\/p>\n","protected":false},"author":3,"featured_media":103498,"comment_status":"open","ping_status":"open","sticky":false,"template":"","format":"standard","meta":{"_monsterinsights_skip_tracking":false,"footnotes":""},"categories":[903],"tags":[],"class_list":["post-103497","post","type-post","status-publish","format-standard","has-post-thumbnail","category-presidenta-y-mas"],"_links":{"self":[{"href":"https:\/\/redsemlac.com\/semmexico\/wp-json\/wp\/v2\/posts\/103497","targetHints":{"allow":["GET"]}}],"collection":[{"href":"https:\/\/redsemlac.com\/semmexico\/wp-json\/wp\/v2\/posts"}],"about":[{"href":"https:\/\/redsemlac.com\/semmexico\/wp-json\/wp\/v2\/types\/post"}],"author":[{"embeddable":true,"href":"https:\/\/redsemlac.com\/semmexico\/wp-json\/wp\/v2\/users\/3"}],"replies":[{"embeddable":true,"href":"https:\/\/redsemlac.com\/semmexico\/wp-json\/wp\/v2\/comments?post=103497"}],"version-history":[{"count":0,"href":"https:\/\/redsemlac.com\/semmexico\/wp-json\/wp\/v2\/posts\/103497\/revisions"}],"wp:featuredmedia":[{"embeddable":true,"href":"https:\/\/redsemlac.com\/semmexico\/wp-json\/wp\/v2\/media\/103498"}],"wp:attachment":[{"href":"https:\/\/redsemlac.com\/semmexico\/wp-json\/wp\/v2\/media?parent=103497"}],"wp:term":[{"taxonomy":"category","embeddable":true,"href":"https:\/\/redsemlac.com\/semmexico\/wp-json\/wp\/v2\/categories?post=103497"},{"taxonomy":"post_tag","embeddable":true,"href":"https:\/\/redsemlac.com\/semmexico\/wp-json\/wp\/v2\/tags?post=103497"}],"curies":[{"name":"wp","href":"https:\/\/api.w.org\/{rel}","templated":true}]}}