{"id":103494,"date":"2026-03-09T13:32:42","date_gmt":"2026-03-09T19:32:42","guid":{"rendered":"https:\/\/redsemlac.com\/semmexico\/?p=103494"},"modified":"2026-03-09T13:32:44","modified_gmt":"2026-03-09T19:32:44","slug":"sip-afirma-que-presencia-de-mujeres-en-el-periodismo-es-clave-para-la-sociedad","status":"publish","type":"post","link":"https:\/\/redsemlac.com\/semmexico\/sip-afirma-que-presencia-de-mujeres-en-el-periodismo-es-clave-para-la-sociedad\/","title":{"rendered":"SIP afirma que presencia de mujeres en el periodismo es clave para la sociedad"},"content":{"rendered":"\n<ul class=\"wp-block-list\">\n<li>Algunas formas de violencia que enfrentan las periodistas son el acoso digital, campa\u00f1as de desprestigio y hasta amenazas<\/li>\n<\/ul>\n\n\n\n<p class=\"wp-block-paragraph\">Montserrat Maldonado<\/p>\n\n\n\n<p class=\"wp-block-paragraph\">SemM\u00e9xico, Ciudad de M\u00e9xico, 9 de marzo, 2026.- La presencia de&nbsp;<a href=\"https:\/\/oem.com.mx\/elsoldemexico\/mexico\/impunes-98-de-casos-de-violencia-contra-periodistas-y-defensoras-de-derechos-humanos-26440924\" target=\"_blank\" rel=\"noreferrer noopener\">mujeres en redacciones<\/a>,&nbsp;liderazgo&nbsp;y&nbsp;cobertura informativa&nbsp;es clave para un&nbsp;periodismo m\u00e1s completo, justo y \u00fatil para la sociedad.<\/p>\n\n\n\n<p class=\"wp-block-paragraph\">De acuerdo con la&nbsp;Sociedad Interamericana de Prensa&nbsp;(SIP), las<a href=\"https:\/\/oem.com.mx\/elsoldemexico\/mexico\/los-medios-deben-privilegiar-la-perspectiva-feminista-sara-lovera-editora-de-genero-en-la-oem-13112689\" target=\"_blank\" rel=\"noreferrer noopener\">&nbsp;mujeres periodistas<\/a>&nbsp;enfrentan, cada d\u00eda,&nbsp;riesgos reales&nbsp;por hacer su trabajo tanto en el terreno como en los&nbsp;espacios digitales.<\/p>\n\n\n\n<p class=\"wp-block-paragraph\">Ante ello, la SIP destaca que algunas&nbsp;formas de violencia&nbsp;a las que se enfrentan las&nbsp;<a href=\"https:\/\/oem.com.mx\/elsoldemexico\/mexico\/reconocen-a-gloria-lopez-reportera-de-el-sol-de-mexico-por-trabajo-sobre-menstruacion-digna-13118509\" target=\"_blank\" rel=\"noreferrer noopener\">mujeres periodistas<\/a>&nbsp;son el acoso digital sistem\u00e1tico, campa\u00f1as de&nbsp;desprestigio&nbsp;y hasta&nbsp;amenazas&nbsp;que combinan el&nbsp;ataque a su identidad&nbsp;de g\u00e9nero con su labor informativa.<\/p>\n\n\n\n<p class=\"wp-block-paragraph\">Adem\u00e1s, se&nbsp;alert\u00f3 que el doxxing&nbsp;\u2014la exposici\u00f3n p\u00fablica de datos personales con intenci\u00f3n intimidatoria\u2014 sigue siendo una de las&nbsp;herramientas m\u00e1s utilizadas para silenciarlas.&nbsp;<\/p>\n\n\n\n<p class=\"wp-block-paragraph\">La SIP sostiene que dicho fen\u00f3meno funciona como una&nbsp;estrategia de censura&nbsp;dif\u00edcil de erradicar.<\/p>\n\n\n\n<p class=\"wp-block-paragraph\">\u201cSe reafirma el&nbsp;compromiso de impulsar condiciones&nbsp;que permitan a las&nbsp;mujeres periodistas ejercer su labor&nbsp;con seguridad y sin intimidaciones, y de&nbsp;reclamar medidas concretas&nbsp;que garanticen su protecci\u00f3n, tanto en el \u00e1mbito f\u00edsico como en el digital\u201d, afirm\u00f3 el presidente de la SIP,&nbsp;Pierre Manigault.<\/p>\n\n\n\n<p class=\"wp-block-paragraph\">Cabe se\u00f1alar que en&nbsp;agosto de 2025, la organizaci\u00f3n firm\u00f3 un acuerdo con la&nbsp;Comisi\u00f3n Interamericana de Mujeres&nbsp;(CIM) de la OEA, para establecer una&nbsp;alianza&nbsp;y as\u00ed promover la&nbsp;equidad de g\u00e9nero&nbsp;y la participaci\u00f3n de las mujeres en el periodismo de las Am\u00e9ricas.&nbsp;<\/p>\n\n\n\n<p class=\"wp-block-paragraph\">Como primer fruto concreto de esa alianza, los&nbsp;Premios SIP a la Excelencia Period\u00edstica 2026&nbsp;incluyen por primera vez la categor\u00eda&nbsp;\u201cPeriodismo Interamericano con Perspectiva de Igualdad\u201d, patrocinada por la CIM, que reconoce trabajos que&nbsp;investigan situaciones de desigualdad&nbsp;o iniciativas que generan&nbsp;cambios verificables&nbsp;hacia la igualdad.<\/p>\n\n\n\n<p class=\"wp-block-paragraph\">\u201cLas mujeres son protagonistas del periodismo que necesitamos. Su&nbsp;presencia en las redacciones, en roles de&nbsp;liderazgo y en la cobertura&nbsp;de temas que importan no debe ser un&nbsp;gesto simb\u00f3lico, sino una condici\u00f3n para un periodismo m\u00e1s completo, m\u00e1s justo y m\u00e1s \u00fatil para la sociedad\u201d, se\u00f1al\u00f3 la presidenta de la Comisi\u00f3n de Equidad de G\u00e9nero y Diversidad de la SIP,&nbsp;Graciela Rock.<\/p>\n\n\n\n<p class=\"wp-block-paragraph\">En octubre de 2025, la SIP advirti\u00f3 sobre el&nbsp;deterioro institucional&nbsp;y el creciente clima de&nbsp;hostilidad hacia el periodismo.<\/p>\n\n\n\n<p class=\"wp-block-paragraph\">\u201cEl impacto de lo que ocurre en Washington repercute en toda Am\u00e9rica\u201d, se\u00f1al\u00f3 el presidente de la SIP, Jos\u00e9 Roberto Dutriz, al destacar que los&nbsp;ataques al periodismo&nbsp;en ese pa\u00eds reflejan un debilitamiento del&nbsp;sistema democr\u00e1tico m\u00e1s influyente&nbsp;del continente.<\/p>\n\n\n\n<p class=\"wp-block-paragraph\">\u201cNo se trata solo de ataques a peri\u00f3dicos o cadenas televisivas \u2014dijo\u2014, sino de un retroceso institucional que afecta la&nbsp;credibilidad democr\u00e1tica en toda la regi\u00f3n\u201d, agreg\u00f3.&nbsp;<\/p>\n\n\n\n<p class=\"wp-block-paragraph\">SEM-El Sol de M\u00e9xico\/mm<\/p>\n\n\n\n<p class=\"wp-block-paragraph\"><\/p>\n","protected":false},"excerpt":{"rendered":"<p>Montserrat Maldonado SemM\u00e9xico, Ciudad de M\u00e9xico, 9 de marzo, 2026.- La presencia de&nbsp;mujeres en redacciones,&nbsp;liderazgo&nbsp;y&nbsp;cobertura informativa&nbsp;es clave para un&nbsp;periodismo m\u00e1s completo, justo y \u00fatil para la sociedad. De acuerdo con la&nbsp;Sociedad Interamericana de Prensa&nbsp;(SIP), las&nbsp;mujeres periodistas&nbsp;enfrentan, cada d\u00eda,&nbsp;riesgos reales&nbsp;por hacer su trabajo tanto en el terreno como en los&nbsp;espacios digitales. Ante ello, la SIP destaca [&hellip;]<\/p>\n","protected":false},"author":3,"featured_media":103495,"comment_status":"open","ping_status":"open","sticky":false,"template":"","format":"standard","meta":{"_monsterinsights_skip_tracking":false,"footnotes":""},"categories":[748],"tags":[],"class_list":["post-103494","post","type-post","status-publish","format-standard","has-post-thumbnail","category-cultura-feminista"],"_links":{"self":[{"href":"https:\/\/redsemlac.com\/semmexico\/wp-json\/wp\/v2\/posts\/103494","targetHints":{"allow":["GET"]}}],"collection":[{"href":"https:\/\/redsemlac.com\/semmexico\/wp-json\/wp\/v2\/posts"}],"about":[{"href":"https:\/\/redsemlac.com\/semmexico\/wp-json\/wp\/v2\/types\/post"}],"author":[{"embeddable":true,"href":"https:\/\/redsemlac.com\/semmexico\/wp-json\/wp\/v2\/users\/3"}],"replies":[{"embeddable":true,"href":"https:\/\/redsemlac.com\/semmexico\/wp-json\/wp\/v2\/comments?post=103494"}],"version-history":[{"count":0,"href":"https:\/\/redsemlac.com\/semmexico\/wp-json\/wp\/v2\/posts\/103494\/revisions"}],"wp:featuredmedia":[{"embeddable":true,"href":"https:\/\/redsemlac.com\/semmexico\/wp-json\/wp\/v2\/media\/103495"}],"wp:attachment":[{"href":"https:\/\/redsemlac.com\/semmexico\/wp-json\/wp\/v2\/media?parent=103494"}],"wp:term":[{"taxonomy":"category","embeddable":true,"href":"https:\/\/redsemlac.com\/semmexico\/wp-json\/wp\/v2\/categories?post=103494"},{"taxonomy":"post_tag","embeddable":true,"href":"https:\/\/redsemlac.com\/semmexico\/wp-json\/wp\/v2\/tags?post=103494"}],"curies":[{"name":"wp","href":"https:\/\/api.w.org\/{rel}","templated":true}]}}