{"id":103488,"date":"2026-03-09T13:30:18","date_gmt":"2026-03-09T19:30:18","guid":{"rendered":"https:\/\/redsemlac.com\/semmexico\/?p=103488"},"modified":"2026-03-09T13:30:20","modified_gmt":"2026-03-09T19:30:20","slug":"condenan-detencion-arbitraria-de-mujeres-jovenes-tras-la-marcha-en-campeche","status":"publish","type":"post","link":"https:\/\/redsemlac.com\/semmexico\/condenan-detencion-arbitraria-de-mujeres-jovenes-tras-la-marcha-en-campeche\/","title":{"rendered":"Condenan detenci\u00f3n arbitraria de mujeres j\u00f3venes tras la marcha en Campeche"},"content":{"rendered":"\n<ul class=\"wp-block-list\">\n<li>Fueron detenidas sin orden de aprehensi\u00f3n en un lugar diferente<\/li>\n\n\n\n<li>La gobernadora califica de \u201cagresi\u00f3n criminal\u201d<\/li>\n<\/ul>\n\n\n\n<p class=\"wp-block-paragraph\">Redacci\u00f3n<\/p>\n\n\n\n<p class=\"wp-block-paragraph\">SemM\u00e9xico, Campeche, 9 de marzo, 2026.- La Red de Mujeres y Hombres por una Opini\u00f3n P\u00fablica con Perspectiva de G\u00e9nero en Campeche condenaron las detenciones arbitrarias e ilegales de 10 mujeres j\u00f3venes ocurridas en el marco de las manifestaciones del 8 de marzo en esta ciudad.<\/p>\n\n\n\n<p class=\"wp-block-paragraph\">Sostienen que las detenidas eran mujeres que ejerc\u00edan su leg\u00edtimo y constitucional derecho a la protesta, alzando la voz contra la violencia estructural que enfrentan mujeres y ni\u00f1as en el estado, en el pa\u00eds y en el mundo, fueron detenidas sin \u00f3rdenes de detenci\u00f3n y en lugar distinto a donde ocurrieron los hechos que presuntamente motivaron las detenciones, y sin que existiera evidencia de su participaci\u00f3n directa en los hechos registrados contra elementos del cuerpo policial.<\/p>\n\n\n\n<p class=\"wp-block-paragraph\">En un pronunciamiento la Red reconoce que toda forma de violencia es inaceptable. Sin embargo, el Estado no puede responder con detenciones indiscriminadas sin respeto a los derechos humanos, al debido proceso y la presunci\u00f3n de la inocencia, hasta que se establezca alguna relaci\u00f3n con los hechos sobre los que presuntamente las relacionan, y en consecuencia esto criminaliza la protesta feminista y vulneran derechos fundamentales.<\/p>\n\n\n\n<p class=\"wp-block-paragraph\">Detener a quienes marchan no es justicia: es represi\u00f3n, se\u00f1alan y llaman de manera urgente a las autoridades de Campeche a liberar de inmediato a todas las mujeres detenidas de forma arbitraria.<\/p>\n\n\n\n<p class=\"wp-block-paragraph\">Garantizar el pleno derecho a la protesta pac\u00edfica, sin hostigamiento ni<\/p>\n\n\n\n<p class=\"wp-block-paragraph\">Criminalizaci\u00f3n y brindar reparaci\u00f3n a quienes sufrieron detenci\u00f3n injustificada, incluyendo atenci\u00f3n jur\u00eddica, psicol\u00f3gica y el resarcimiento del da\u00f1o.<\/p>\n\n\n\n<p class=\"wp-block-paragraph\">La Red sostiene que el Estado debe ser el primero en respetar el debido proceso y la presunci\u00f3n de la inocencia, recordando que \u00abNadie puede ser molestado en su persona, familia, domicilio, papeles o posesiones, sino en virtud de mandamiento escrito de la autoridad competente, que funde y motive la causa legal del procedimiento.\u00bb, como lo establece el art\u00edculo 16 Constitucional.<\/p>\n\n\n\n<p class=\"wp-block-paragraph\">Por \u00faltimo, es precisan que para la REDMYH, no se trata de poner el \u00e9nfasis en lo de lo que presuntamente motiv\u00f3 las detenciones ilegales y arbitrarias, sino del deber prioritario de las autoridades de garantizar el estado de derecho y atender al debido proceso en todo momento con todas las personas.<\/p>\n\n\n\n<p class=\"wp-block-paragraph\"><strong>Agresi\u00f3n de car\u00e1cter criminal<\/strong><\/p>\n\n\n\n<p class=\"wp-block-paragraph\">Este pronunciamiento deriv\u00f3 luego de que la gobernadora Layda Sansores San Rom\u00e1n, responsabiliz\u00f3 a los \u201cgrupos vinculados con partidos opositores por hechos violentos registrados durante las movilizaciones y calific\u00f3 los hechos como \u201cuna agresi\u00f3n de car\u00e1cter criminal\u201d, como el intento de prender fuego a una polic\u00eda.<\/p>\n\n\n\n<p class=\"wp-block-paragraph\">SEM\/sj<\/p>\n","protected":false},"excerpt":{"rendered":"<p>Redacci\u00f3n SemM\u00e9xico, Campeche, 9 de marzo, 2026.- La Red de Mujeres y Hombres por una Opini\u00f3n P\u00fablica con Perspectiva de G\u00e9nero en Campeche condenaron las detenciones arbitrarias e ilegales de 10 mujeres j\u00f3venes ocurridas en el marco de las manifestaciones del 8 de marzo en esta ciudad. Sostienen que las detenidas eran mujeres que ejerc\u00edan [&hellip;]<\/p>\n","protected":false},"author":3,"featured_media":103489,"comment_status":"open","ping_status":"open","sticky":false,"template":"","format":"standard","meta":{"_monsterinsights_skip_tracking":false,"footnotes":""},"categories":[205],"tags":[],"class_list":["post-103488","post","type-post","status-publish","format-standard","has-post-thumbnail","category-8-de-marzo"],"_links":{"self":[{"href":"https:\/\/redsemlac.com\/semmexico\/wp-json\/wp\/v2\/posts\/103488","targetHints":{"allow":["GET"]}}],"collection":[{"href":"https:\/\/redsemlac.com\/semmexico\/wp-json\/wp\/v2\/posts"}],"about":[{"href":"https:\/\/redsemlac.com\/semmexico\/wp-json\/wp\/v2\/types\/post"}],"author":[{"embeddable":true,"href":"https:\/\/redsemlac.com\/semmexico\/wp-json\/wp\/v2\/users\/3"}],"replies":[{"embeddable":true,"href":"https:\/\/redsemlac.com\/semmexico\/wp-json\/wp\/v2\/comments?post=103488"}],"version-history":[{"count":0,"href":"https:\/\/redsemlac.com\/semmexico\/wp-json\/wp\/v2\/posts\/103488\/revisions"}],"wp:featuredmedia":[{"embeddable":true,"href":"https:\/\/redsemlac.com\/semmexico\/wp-json\/wp\/v2\/media\/103489"}],"wp:attachment":[{"href":"https:\/\/redsemlac.com\/semmexico\/wp-json\/wp\/v2\/media?parent=103488"}],"wp:term":[{"taxonomy":"category","embeddable":true,"href":"https:\/\/redsemlac.com\/semmexico\/wp-json\/wp\/v2\/categories?post=103488"},{"taxonomy":"post_tag","embeddable":true,"href":"https:\/\/redsemlac.com\/semmexico\/wp-json\/wp\/v2\/tags?post=103488"}],"curies":[{"name":"wp","href":"https:\/\/api.w.org\/{rel}","templated":true}]}}