{"id":10346,"date":"2019-07-31T17:30:44","date_gmt":"2019-07-31T17:30:44","guid":{"rendered":"https:\/\/redsemlac.com\/semmexico\/?p=10346"},"modified":"2023-07-21T14:51:58","modified_gmt":"2023-07-21T19:51:58","slug":"legisladoras-del-pais-buscaran-incidir-en-el-presupuesto-de-las-mujeres-en-el-2020-para-que-no-se-desvie","status":"publish","type":"post","link":"https:\/\/redsemlac.com\/semmexico\/legisladoras-del-pais-buscaran-incidir-en-el-presupuesto-de-las-mujeres-en-el-2020-para-que-no-se-desvie\/","title":{"rendered":"Legisladoras del pa\u00eds buscar\u00e1n incidir en el presupuesto de las mujeres en el 2020, para que no se desvi\u00e9"},"content":{"rendered":"\n<p class=\"wp-block-paragraph\"><strong>Revisaran marco jur\u00eddico para erradicar la violencia contra las mujeres.<\/strong><\/p>\n\n\n\n<p class=\"wp-block-paragraph\"><strong>Elda Montiel<\/strong><\/p>\n\n\n\n<p class=\"wp-block-paragraph\">SemM\u00e9xico. Cd. de M\u00e9xico. 31 de julio de 2019.- Es potestad de la C\u00e1mara de Diputados que se respete el presupuesto para atender las pol\u00edticas p\u00fablicas de las mujeres como se ha etiquetado y que no se desvi\u00e9, declar\u00f3 la diputada Lorena Villavicencio Ayala, por lo que convoc\u00f3 a la realizaci\u00f3n de una Conferencia Nacional de Legisladoras y Organizaciones de la Sociedad Civil en el pr\u00f3ximo mes de septiembre.<\/p>\n\n\n\n<p class=\"wp-block-paragraph\">El prop\u00f3sito es que se respeten los recursos asignados a las mujeres en el presupuesto 2020 e impulsar una agenda legislativa local y federal&nbsp;en materia de Derechos Humanos y erradicaci\u00f3n de la violencia contra las mujeres.<\/p>\n\n\n\n<p class=\"wp-block-paragraph\">La coordinadora de la Subcomisi\u00f3n de Feminicidios y Violencia contra las Mujeres de la Comisi\u00f3n de Justicia, sostuvo que analizar\u00e1n la evoluci\u00f3n de los recursos en apoyo a las mujeres junto a las organizaciones que fueron afectadas por la reducci\u00f3n de recursos, como Proequidad, Inmujeres, refugios e instancias infantiles.<\/p>\n\n\n\n<p class=\"wp-block-paragraph\">Se har\u00e1 un planteamiento integral para lograr la autonom\u00eda de las mujeres y tutelar el inter\u00e9s superior de la ni\u00f1ez.<\/p>\n\n\n\n<p class=\"wp-block-paragraph\">Durante la segunda reuni\u00f3n del Consejo Consultivo Ciudadano para el Seguimiento a Casos de Feminicidio y otras formas de Violencia contra las Mujeres, se estableci\u00f3 la ruta de trabajo para los grupos y mesas de trabajo.<\/p>\n\n\n\n<p class=\"wp-block-paragraph\">Entre los temas esta la homologaci\u00f3n del tipo penal de feminicidio, la importancia de la iniciativa para modificar el Art\u00edculo 73 de la Constituci\u00f3n con el prop\u00f3sito de que se genere un C\u00f3digo Penal \u00danico y las acciones de prevenci\u00f3n y atenci\u00f3n de la violencia por parte del ejecutivo federal, como la ley emergente del 8 de marzo y la revisi\u00f3n de las&nbsp;Alertas de Violencia de G\u00e9nero como mecanismo de acci\u00f3n.<\/p>\n\n\n\n<p class=\"wp-block-paragraph\">La diputada Villavicencio present\u00f3 un informe de los avances de las acciones emprendidas por el Consejo Consultivo, conformado por 86 organizaciones de la sociedad civil, familiares de v\u00edctimas y organismos de protecci\u00f3n a derechos humanos.<\/p>\n\n\n\n<p class=\"wp-block-paragraph\">Anunci\u00f3 que la Comisi\u00f3n de Justicia se reunir\u00e1 con los fiscales estatales para conocer el modelo para enfrentar la violencia y el feminicidio; conocer cu\u00e1ntas carpetas de investigaci\u00f3n tienen, c\u00f3mo promueven la denuncia, qu\u00e9 medidas se toman en el sistema de justicia mediante el Ministerio P\u00fablico y dar seguimiento de las decisiones de las autoridades.<\/p>\n\n\n\n<p class=\"wp-block-paragraph\">Tambi\u00e9n destac\u00f3 la importancia de realizar un encuentro con la Secretar\u00eda de Seguridad y Protecci\u00f3n Ciudadana, ya que de sus acciones depende lograr una sentencia condenatoria y saber cu\u00e1les son las pol\u00edticas de prevenci\u00f3n, porque tiene en sus atribuciones toda la estrategia de prevenci\u00f3n del delito.<\/p>\n\n\n\n<p class=\"wp-block-paragraph\">En su intervenci\u00f3n, la diputada Mar\u00eda Elizabeth D\u00edaz de Morena se\u00f1al\u00f3 que es necesario fortalecer los marcos jur\u00eddicos para eliminar la violencia contra las mujeres, pero que es necesario ir al fondo del problema porque todos los d\u00edas hay una cultura de odio contra las mujeres que ense\u00f1a a los hombres como violentar, violar y asesinar a una mujer con total impunidad.<\/p>\n\n\n\n<p class=\"wp-block-paragraph\">Coincidi\u00f3 con la diputada Lorena Villavicencio en que la violencia contra las mujeres ha ido en aumento, por lo que \u2013dijo- se va a construir una Ley General contra el Feminicidio, donde tenemos que ir a la ra\u00edz del problema.<\/p>\n\n\n\n<p class=\"wp-block-paragraph\">Mientras que la diputada Claudia P\u00e9rez Rodr\u00edguez inform\u00f3 que se har\u00e1 un estudio en el estado de Tlaxcala porque el gobierno est\u00e1 negando que ocurran feminicidios cuando las notas period\u00edsticas si los registran.<\/p>\n\n\n\n<p class=\"wp-block-paragraph\">Durante la Reuni\u00f3n destac\u00f3 la intervenci\u00f3n de la abogada Julia P\u00e9rez, directora de Defensa Jur\u00eddica y Educaci\u00f3n para Mujeres \u201cVereda Themis\u201d, quien critic\u00f3 el sentido de que exista una ley emergente para evitar el feminicidio, cuando se eliminan las pol\u00edticas p\u00fablicas que de alguna manera est\u00e1n combatiendo la violencia contra las mujeres.<\/p>\n\n\n\n<p class=\"wp-block-paragraph\">Por lo que consider\u00f3 que cualquier modificaci\u00f3n que se haga a los c\u00f3digos y a las leyes da igual sino van acompa\u00f1adas de una pol\u00edtica publica permanente.&nbsp;<\/p>\n\n\n\n<p class=\"wp-block-paragraph\">Propuso reformas a la Carta Magna para que el Presidente de la Rep\u00fablica \u201cno se salte de forma discrecional los presupuestos del Estado aprobados ni normas para que los recursos de g\u00e9nero vayan para atr\u00e1s\u201d.<\/p>\n\n\n\n<p class=\"wp-block-paragraph\">Entre las intervenciones de las integrantes del Consejo, Josefina Meza Espinosa, representante del Frente Polit\u00e9cnico Nacional de Mujeres, refiri\u00f3 que los \u00edndices de violencia en Quer\u00e9taro se han incrementado y no se tiene una contabilizaci\u00f3n precisa de los feminicidios, porque hay una clasificaci\u00f3n err\u00f3nea al catalogarlos como homicidios.<\/p>\n\n\n\n<p class=\"wp-block-paragraph\">La reparaci\u00f3n integral del da\u00f1o a las familias de las v\u00edctimas, la falta de presupuestos, la capacitaci\u00f3n al personal de las \u00e1reas de justicia, el desconocimiento de la Ley General de Acceso de las Mujeres a una Vida Libre de Violencia fueron los temas abordados por los integrantes del Consejo Consultivo.<\/p>\n\n\n\n<p class=\"wp-block-paragraph\">Ana Griselda Hern\u00e1ndez L\u00f3pez, integrante de la organizaci\u00f3n civil Ke\u00b4gua Rerichejui, mencion\u00f3 que las mujeres ind\u00edgenas se encuentran con un obst\u00e1culo de discriminaci\u00f3n a la hora de exigir justicia y con estas acciones se est\u00e1 logrando poco; lo que se necesita son pol\u00edticas eficaces enfocadas a los derechos humanos de las mujeres originarias, pidi\u00f3.<\/p>\n\n\n\n<p class=\"wp-block-paragraph\">En su turno, Fabiola Garc\u00eda Betanzos, fiscal del estado de Morelos en materia de feminicidios, dijo que es importante reconocer la problem\u00e1tica que se genera al investigar este tipo de delitos y la falta de homologaci\u00f3n en el tipo penal al momento de tipificar si es o no un feminicidio; hoy en d\u00eda s\u00f3lo en 15 estados de la Rep\u00fablica hay fiscal\u00edas especializadas en la materia.<\/p>\n\n\n\n<p class=\"wp-block-paragraph\">Alexia, psic\u00f3loga y educadora de la calle, denunci\u00f3 que todas las mujeres de poblaci\u00f3n callejera viven a diario violencia, vinculada a su vida en calle, por lo que pidi\u00f3 que este sector sea urgentemente atendido.&nbsp;<\/p>\n\n\n\n<p class=\"wp-block-paragraph\">Por su parte, Erika Salinas Valadez, de \u201cMujeres Rurales\u201d de Chilpancingo, Guerrero, coment\u00f3 que la violencia ha rebasado a las autoridades, por lo que es necesario ejercer ciudadan\u00eda. Denunci\u00f3 tambi\u00e9n el bloqueo de iniciativas que van en favor de los derechos de las mujeres.<\/p>\n","protected":false},"excerpt":{"rendered":"<p>Revisaran marco jur\u00eddico para erradicar la violencia contra las mujeres.<\/p>\n","protected":false},"author":3,"featured_media":10347,"comment_status":"open","ping_status":"open","sticky":false,"template":"","format":"standard","meta":{"_monsterinsights_skip_tracking":false,"footnotes":""},"categories":[690,50],"tags":[],"class_list":["post-10346","post","type-post","status-publish","format-standard","has-post-thumbnail","category-690","category-congreso"],"_links":{"self":[{"href":"https:\/\/redsemlac.com\/semmexico\/wp-json\/wp\/v2\/posts\/10346","targetHints":{"allow":["GET"]}}],"collection":[{"href":"https:\/\/redsemlac.com\/semmexico\/wp-json\/wp\/v2\/posts"}],"about":[{"href":"https:\/\/redsemlac.com\/semmexico\/wp-json\/wp\/v2\/types\/post"}],"author":[{"embeddable":true,"href":"https:\/\/redsemlac.com\/semmexico\/wp-json\/wp\/v2\/users\/3"}],"replies":[{"embeddable":true,"href":"https:\/\/redsemlac.com\/semmexico\/wp-json\/wp\/v2\/comments?post=10346"}],"version-history":[{"count":0,"href":"https:\/\/redsemlac.com\/semmexico\/wp-json\/wp\/v2\/posts\/10346\/revisions"}],"wp:featuredmedia":[{"embeddable":true,"href":"https:\/\/redsemlac.com\/semmexico\/wp-json\/wp\/v2\/media\/10347"}],"wp:attachment":[{"href":"https:\/\/redsemlac.com\/semmexico\/wp-json\/wp\/v2\/media?parent=10346"}],"wp:term":[{"taxonomy":"category","embeddable":true,"href":"https:\/\/redsemlac.com\/semmexico\/wp-json\/wp\/v2\/categories?post=10346"},{"taxonomy":"post_tag","embeddable":true,"href":"https:\/\/redsemlac.com\/semmexico\/wp-json\/wp\/v2\/tags?post=10346"}],"curies":[{"name":"wp","href":"https:\/\/api.w.org\/{rel}","templated":true}]}}