{"id":103411,"date":"2026-03-06T19:24:25","date_gmt":"2026-03-07T01:24:25","guid":{"rendered":"https:\/\/redsemlac.com\/semmexico\/?p=103411"},"modified":"2026-03-06T19:24:26","modified_gmt":"2026-03-07T01:24:26","slug":"mi-historia-no-sera-silenciada-dice-mujer-ayuujk-al-denunciar-violencia-de-su-expareja","status":"publish","type":"post","link":"https:\/\/redsemlac.com\/semmexico\/mi-historia-no-sera-silenciada-dice-mujer-ayuujk-al-denunciar-violencia-de-su-expareja\/","title":{"rendered":"Mi historia no ser\u00e1 silenciada, dice mujer ayuujk al denunciar violencia de su expareja"},"content":{"rendered":"\n<ul class=\"wp-block-list\">\n<li>Durante 17 a\u00f1os ayud\u00f3 a construir el negocio, pero fue sacada del lugar con violencia<\/li>\n\n\n\n<li>Llama al Tribunal de Justicia a atender con perspectiva de g\u00e9nero su denuncia<\/li>\n<\/ul>\n\n\n\n<p class=\"wp-block-paragraph\">Redacci\u00f3n<\/p>\n\n\n\n<p class=\"wp-block-paragraph\">SemM\u00e9xico, Oaxaca, 6 de marzo, 2026.- La violencia de g\u00e9nero no s\u00f3lo lastima a una mujer, tambi\u00e9n borra trayectorias, invisibiliza esfuerzos y pretende apropiarse del trabajo ajeno, un trabajo que me permiti\u00f3 durante mucho tiempo ayudar a mi familia, a mi comunidad y a quien lo requiriera.<\/p>\n\n\n\n<p class=\"wp-block-paragraph\">Es Efrail Ju\u00e1rez L\u00f3pez, ayuujk de la Sierra Norte de Oaxaca, quien denunci\u00f3 a su expareja Rafael R.G. del despoj\u00f3 de sus derechos sobre el patrimonio y el negocio que ayud\u00f3 a construir durante 17 a\u00f1os.<\/p>\n\n\n\n<p class=\"wp-block-paragraph\">Mi historia no ser\u00e1 silenciada, no pretendo destruir, sino visibilizar y tambi\u00e9n busca justicia, \u201cque ninguna otra mujer tenga que elegir entre su seguridad y el proyecto que construy\u00f3 con a\u00f1os de vida\u201d, dice en una carta que hizo p\u00fablica junto con un video del momento en que es sacada del negocio ubicado en una c\u00e9ntrica colonia de la capital oaxaque\u00f1a.<\/p>\n\n\n\n<p class=\"wp-block-paragraph\">Adem\u00e1s del despojo patrimonial, Efrail de 57 a\u00f1os de edad denunci\u00f3 que sufri\u00f3 durante a\u00f1os violencia f\u00edsica, econ\u00f3mica y patrimonial por parte de su Rafael R.G., quien con violencia la sac\u00f3 del negocio y le prohibi\u00f3 el acceso, le quit\u00f3 la participaci\u00f3n en los ingresos, adem\u00e1s, condicion\u00f3 a los trabajadores a no seguir al mando de Efrail y ha buscado sabotearla aprovechando su ventaja econ\u00f3mica.<\/p>\n\n\n\n<p class=\"wp-block-paragraph\">Esta situaci\u00f3n no solo representa un conflicto personal; refleja una forma de violencia estructural que muchas mujeres viven cuando, tras a\u00f1os de trabajo y liderazgo, son desplazadas de los espacios que ayudaron a levantar, dice el comunicado.<\/p>\n\n\n\n<p class=\"wp-block-paragraph\">En el documento llam\u00f3 a las autoridades competentes, entre ellas el Tribunal Superior de Justicia y la Fiscal\u00eda General del Estado, para que su caso sea atendido con perspectiva de g\u00e9nero e interculturalidad, y para que no se perpet\u00fae la violencia patriarcal que hist\u00f3ricamente ha negado a las mujeres \u2014especialmente a las mujeres ind\u00edgenas\u2014 el derecho a liderar, administrar y conservar los negocios que construyen.<\/p>\n\n\n\n<p class=\"wp-block-paragraph\">A la sociedad pidi\u00f3 su solidaridad y pidi\u00f3 no permitir que estos hechos se sigan replicando no solo en instituciones, sino tambi\u00e9n en el c\u00edrculo familiar o empresarial.<\/p>\n\n\n\n<p class=\"wp-block-paragraph\">SEM\/sj<\/p>\n\n\n\n<p class=\"wp-block-paragraph\"><\/p>\n","protected":false},"excerpt":{"rendered":"<p>Redacci\u00f3n SemM\u00e9xico, Oaxaca, 6 de marzo, 2026.- La violencia de g\u00e9nero no s\u00f3lo lastima a una mujer, tambi\u00e9n borra trayectorias, invisibiliza esfuerzos y pretende apropiarse del trabajo ajeno, un trabajo que me permiti\u00f3 durante mucho tiempo ayudar a mi familia, a mi comunidad y a quien lo requiriera. Es Efrail Ju\u00e1rez L\u00f3pez, ayuujk de la [&hellip;]<\/p>\n","protected":false},"author":3,"featured_media":103412,"comment_status":"open","ping_status":"open","sticky":false,"template":"","format":"standard","meta":{"_monsterinsights_skip_tracking":false,"footnotes":""},"categories":[48],"tags":[],"class_list":["post-103411","post","type-post","status-publish","format-standard","has-post-thumbnail","category-no-mas-impunidad-no-mas-impunidad"],"_links":{"self":[{"href":"https:\/\/redsemlac.com\/semmexico\/wp-json\/wp\/v2\/posts\/103411","targetHints":{"allow":["GET"]}}],"collection":[{"href":"https:\/\/redsemlac.com\/semmexico\/wp-json\/wp\/v2\/posts"}],"about":[{"href":"https:\/\/redsemlac.com\/semmexico\/wp-json\/wp\/v2\/types\/post"}],"author":[{"embeddable":true,"href":"https:\/\/redsemlac.com\/semmexico\/wp-json\/wp\/v2\/users\/3"}],"replies":[{"embeddable":true,"href":"https:\/\/redsemlac.com\/semmexico\/wp-json\/wp\/v2\/comments?post=103411"}],"version-history":[{"count":0,"href":"https:\/\/redsemlac.com\/semmexico\/wp-json\/wp\/v2\/posts\/103411\/revisions"}],"wp:featuredmedia":[{"embeddable":true,"href":"https:\/\/redsemlac.com\/semmexico\/wp-json\/wp\/v2\/media\/103412"}],"wp:attachment":[{"href":"https:\/\/redsemlac.com\/semmexico\/wp-json\/wp\/v2\/media?parent=103411"}],"wp:term":[{"taxonomy":"category","embeddable":true,"href":"https:\/\/redsemlac.com\/semmexico\/wp-json\/wp\/v2\/categories?post=103411"},{"taxonomy":"post_tag","embeddable":true,"href":"https:\/\/redsemlac.com\/semmexico\/wp-json\/wp\/v2\/tags?post=103411"}],"curies":[{"name":"wp","href":"https:\/\/api.w.org\/{rel}","templated":true}]}}