{"id":103402,"date":"2026-03-06T18:46:55","date_gmt":"2026-03-07T00:46:55","guid":{"rendered":"https:\/\/redsemlac.com\/semmexico\/?p=103402"},"modified":"2026-03-06T18:46:55","modified_gmt":"2026-03-07T00:46:55","slug":"exigen-feministas-que-autoridades-garantice-condiciones-para-la-jornada-del-8m","status":"publish","type":"post","link":"https:\/\/redsemlac.com\/semmexico\/exigen-feministas-que-autoridades-garantice-condiciones-para-la-jornada-del-8m\/","title":{"rendered":"Exigen feministas que autoridades garantice condiciones para la jornada del 8M"},"content":{"rendered":"\n<ul class=\"wp-block-list\">\n<li>Se\u00f1alan como responsables a 10 autoridades civiles y una eclesi\u00e1stica<\/li>\n<\/ul>\n\n\n\n<p class=\"wp-block-paragraph\">Redacci\u00f3n<\/p>\n\n\n\n<p class=\"wp-block-paragraph\">SemM\u00e9xico, Guadalajara, 6 de marzo, 2026.- El Frente Feminista de Jalisco exigi\u00f3 a las autoridades municipales y estatales garantizar las condiciones necesarias para que las mujeres puedan ejercer libremente su derecho a la protesta, sin ser expuestas a riesgos derivados de omisiones institucionales este 8 de marzo durante la jornada por el D\u00eda Internacional de la Mujer en que miles saldr\u00e1n a las calles de esta ciudad para exigir justicia, denunciar la violencia que vivimos y ejercer nuestro derecho a la protesta.<\/p>\n\n\n\n<p class=\"wp-block-paragraph\">En un pronunciamiento, las feministas de Jalisco realizan un recuento de las movilizaciones feministas en las que se han presentado actos de hostigamiento y confrontaci\u00f3n contra las manifestantes, particularmente en las inmediaciones de la Catedral de Guadalajara, donde en a\u00f1os anteriores grupos organizados han increpado e intentado confrontar a participantes de la marcha.<\/p>\n\n\n\n<p class=\"wp-block-paragraph\">Se\u00f1alan que ning\u00fan recinto religioso ni ninguna creencia pueden justificar actos de violencia contra mujeres que ejercen su derecho a manifestarse.<\/p>\n\n\n\n<p class=\"wp-block-paragraph\">Por otra parte, se\u00f1alan que el pasado 22 de febrero se evidenci\u00f3 nuevamente la fragilidad de las condiciones de seguridad y la limitada capacidad de respuesta institucional frente a situaciones de riesgo, una situaci\u00f3n que preocupa sobre la preparaci\u00f3n de las autoridades para garantizar condiciones seguras durante una movilizaci\u00f3n que congrega a miles de mujeres.<\/p>\n\n\n\n<p class=\"wp-block-paragraph\">Revelan que este 8 de marzo coincide con la operaci\u00f3n dominical de la V\u00eda RecreActiva, que exigen no se realice para evitar cualquier tipo de accidente, ya que ocupan varias de las principales avenidas y otras calles.<\/p>\n\n\n\n<p class=\"wp-block-paragraph\">Esta situaci\u00f3n podr\u00eda ocasionar accidentes de ah\u00ed que se\u00f1ala como responsables a autoridades civiles y eclesi\u00e1sticas, entre las que destacan el gobernador de Jalisco, Jes\u00fas Pablo Lemus Navarro; la presidenta municipal de Guadalajara, Ver\u00f3nica Delgadillo Garc\u00eda, y el s\u00edndico Salvador de la Cruz Rodr\u00edguez Reyes; personal de seguridad p\u00fablica municipal y estatal; el secretario general, Jos\u00e9 Manuel Romo Parra, Secretario General, y otros, as\u00ed como el Jos\u00e9 Francisco Robles Ortega, cardenal y arzobispo de Guadalajara.<\/p>\n\n\n\n<p class=\"wp-block-paragraph\">Es importante se\u00f1alar que la movilizaci\u00f3n del 8 de marzo de este a\u00f1o coincide con las celebraciones dominicales en templos religiosos, particularmente con las misas que se realizan en la Catedral de Guadalajara y otros recintos del centro de la ciudad.<\/p>\n\n\n\n<p class=\"wp-block-paragraph\">Refieren que ante los antecedentes, corresponde tambi\u00e9n a las autoridades eclesi\u00e1sticas evitar discursos o acciones que inciten a la confrontaci\u00f3n, as\u00ed como exhortar a sus fieles a no ejercer violencia contra mujeres que se manifiestan.<\/p>\n\n\n\n<p class=\"wp-block-paragraph\">\u201cNinguna instituci\u00f3n religiosa est\u00e1 por encima del derecho de las mujeres a la protesta\u201d, se\u00f1alan y afirman que Jalisco es un estado laico.<\/p>\n\n\n\n<p class=\"wp-block-paragraph\">En tanto las mujeres que participar\u00e1n este 8 de marzo \u201cestamos ejerciendo plenamente nuestros derechos constitucionales de libertad de expresi\u00f3n y de manifestaci\u00f3n.<\/p>\n\n\n\n<p class=\"wp-block-paragraph\">Desde el Frente Feminista de Jalisco contamos con nuestros propios protocolos de organizaci\u00f3n y seguridad, construidos colectivamente a lo largo de a\u00f1os de lucha. Adem\u00e1s de la colaboraci\u00f3n con otras colectivas que forman parte activa de este frente.<\/p>\n\n\n\n<p class=\"wp-block-paragraph\">Las mujeres que salimos a las calles lo hacemos organizadas, acompa\u00f1adas y preparadas, porque la lucha por nuestros derechos no es una opci\u00f3n: es parte de una historia de resistencia que ha abierto camino para las mujeres que hoy y ma\u00f1ana seguir\u00e1n levantando la voz.<\/p>\n","protected":false},"excerpt":{"rendered":"<p>Redacci\u00f3n SemM\u00e9xico, Guadalajara, 6 de marzo, 2026.- El Frente Feminista de Jalisco exigi\u00f3 a las autoridades municipales y estatales garantizar las condiciones necesarias para que las mujeres puedan ejercer libremente su derecho a la protesta, sin ser expuestas a riesgos derivados de omisiones institucionales este 8 de marzo durante la jornada por el D\u00eda Internacional [&hellip;]<\/p>\n","protected":false},"author":3,"featured_media":103403,"comment_status":"open","ping_status":"open","sticky":false,"template":"","format":"standard","meta":{"_monsterinsights_skip_tracking":false,"footnotes":""},"categories":[205],"tags":[],"class_list":["post-103402","post","type-post","status-publish","format-standard","has-post-thumbnail","category-8-de-marzo"],"_links":{"self":[{"href":"https:\/\/redsemlac.com\/semmexico\/wp-json\/wp\/v2\/posts\/103402","targetHints":{"allow":["GET"]}}],"collection":[{"href":"https:\/\/redsemlac.com\/semmexico\/wp-json\/wp\/v2\/posts"}],"about":[{"href":"https:\/\/redsemlac.com\/semmexico\/wp-json\/wp\/v2\/types\/post"}],"author":[{"embeddable":true,"href":"https:\/\/redsemlac.com\/semmexico\/wp-json\/wp\/v2\/users\/3"}],"replies":[{"embeddable":true,"href":"https:\/\/redsemlac.com\/semmexico\/wp-json\/wp\/v2\/comments?post=103402"}],"version-history":[{"count":0,"href":"https:\/\/redsemlac.com\/semmexico\/wp-json\/wp\/v2\/posts\/103402\/revisions"}],"wp:featuredmedia":[{"embeddable":true,"href":"https:\/\/redsemlac.com\/semmexico\/wp-json\/wp\/v2\/media\/103403"}],"wp:attachment":[{"href":"https:\/\/redsemlac.com\/semmexico\/wp-json\/wp\/v2\/media?parent=103402"}],"wp:term":[{"taxonomy":"category","embeddable":true,"href":"https:\/\/redsemlac.com\/semmexico\/wp-json\/wp\/v2\/categories?post=103402"},{"taxonomy":"post_tag","embeddable":true,"href":"https:\/\/redsemlac.com\/semmexico\/wp-json\/wp\/v2\/tags?post=103402"}],"curies":[{"name":"wp","href":"https:\/\/api.w.org\/{rel}","templated":true}]}}