{"id":103377,"date":"2026-03-06T18:17:48","date_gmt":"2026-03-07T00:17:48","guid":{"rendered":"https:\/\/redsemlac.com\/semmexico\/?p=103377"},"modified":"2026-03-06T18:17:49","modified_gmt":"2026-03-07T00:17:49","slug":"respaldar-la-reforma-electoral-es-estar-del-lado-del-pueblo","status":"publish","type":"post","link":"https:\/\/redsemlac.com\/semmexico\/respaldar-la-reforma-electoral-es-estar-del-lado-del-pueblo\/","title":{"rendered":"Respaldar la Reforma Electoral es estar del lado del pueblo"},"content":{"rendered":"\n<p class=\"wp-block-paragraph\">* Desde Oaxaca se apoya la propuesta de la presidenta Claudia Sheinbaum<\/p>\n\n\n\n<p class=\"wp-block-paragraph\">* Coordinadora del grupo parlamentario de Morena dice que el respaldo se demuestra con hechos<\/p>\n\n\n\n<p class=\"wp-block-paragraph\">Redacci\u00f3n<\/p>\n\n\n\n<p class=\"wp-block-paragraph\">San Raymundo Jalpan, Oax., a 05 de marzo de 2026.- La coordinadora del Grupo Parlamentario del Partido Movimiento de Regeneraci\u00f3n Nacional (Morena) en el Congreso del Estado, diputada Tania Caballero Navarro, expres\u00f3 su respaldo a la Iniciativa de Reforma Electoral presentada por la presidenta de M\u00e9xico, Claudia Sheinbaum Pardo, al considerar que fortalece la democracia, reduce privilegios y ampl\u00eda el poder de decisi\u00f3n de la ciudadan\u00eda.<\/p>\n\n\n\n<p class=\"wp-block-paragraph\">En el contexto de la presentaci\u00f3n de la iniciativa al Congreso federal, la legisladora se\u00f1al\u00f3 que las grandes transformaciones del pa\u00eds requieren claridad, convicci\u00f3n y altura de miras, por lo que afirm\u00f3 que la propuesta de reforma electoral responde a los principios que han guiado al movimiento de transformaci\u00f3n nacional.<\/p>\n\n\n\n<p class=\"wp-block-paragraph\">Explic\u00f3 que la iniciativa busca eliminar estructuras costosas dentro del sistema electoral y fortalecer la representaci\u00f3n popular, medidas que, dijo, permiten avanzar hacia un modelo democr\u00e1tico m\u00e1s austero, eficiente y cercano a la voluntad del pueblo.<\/p>\n\n\n\n<p class=\"wp-block-paragraph\">La representante popular por el Distrito V, con cabecera en Asunci\u00f3n Nochixtl\u00e1n, subray\u00f3 que el debate sobre esta reforma debe centrarse en la coherencia pol\u00edtica y en el compromiso con la ciudadan\u00eda, ya que se trata de una propuesta orientada a terminar con privilegios y a consolidar el valor del voto como el principal instrumento de decisi\u00f3n p\u00fablica.<\/p>\n\n\n\n<p class=\"wp-block-paragraph\">Asimismo, sostuvo que respaldar esta iniciativa significa honrar el mandato expresado por millones de mexicanas y mexicanos en las urnas y dar continuidad al proyecto de transformaci\u00f3n iniciado por el expresidente Andr\u00e9s Manuel L\u00f3pez Obrador y que hoy encabeza la presidenta Sheinbaum Pardo.<\/p>\n\n\n\n<p class=\"wp-block-paragraph\">La diputada reiter\u00f3 que desde Oaxaca existe un respaldo firme a esta propuesta de cambio institucional. \u201cEn los momentos importantes no basta con asumirse parte de un movimiento; es necesario demostrarlo con hechos\u201d, puntualiz\u00f3.<\/p>\n\n\n\n<p class=\"wp-block-paragraph\">SEM\/sj<\/p>\n","protected":false},"excerpt":{"rendered":"<p>* Desde Oaxaca se apoya la propuesta de la presidenta Claudia Sheinbaum * Coordinadora del grupo parlamentario de Morena dice que el respaldo se demuestra con hechos Redacci\u00f3n San Raymundo Jalpan, Oax., a 05 de marzo de 2026.- La coordinadora del Grupo Parlamentario del Partido Movimiento de Regeneraci\u00f3n Nacional (Morena) en el Congreso del Estado, [&hellip;]<\/p>\n","protected":false},"author":3,"featured_media":103378,"comment_status":"open","ping_status":"open","sticky":false,"template":"","format":"standard","meta":{"_monsterinsights_skip_tracking":false,"footnotes":""},"categories":[50],"tags":[],"class_list":["post-103377","post","type-post","status-publish","format-standard","has-post-thumbnail","category-congreso"],"_links":{"self":[{"href":"https:\/\/redsemlac.com\/semmexico\/wp-json\/wp\/v2\/posts\/103377","targetHints":{"allow":["GET"]}}],"collection":[{"href":"https:\/\/redsemlac.com\/semmexico\/wp-json\/wp\/v2\/posts"}],"about":[{"href":"https:\/\/redsemlac.com\/semmexico\/wp-json\/wp\/v2\/types\/post"}],"author":[{"embeddable":true,"href":"https:\/\/redsemlac.com\/semmexico\/wp-json\/wp\/v2\/users\/3"}],"replies":[{"embeddable":true,"href":"https:\/\/redsemlac.com\/semmexico\/wp-json\/wp\/v2\/comments?post=103377"}],"version-history":[{"count":0,"href":"https:\/\/redsemlac.com\/semmexico\/wp-json\/wp\/v2\/posts\/103377\/revisions"}],"wp:featuredmedia":[{"embeddable":true,"href":"https:\/\/redsemlac.com\/semmexico\/wp-json\/wp\/v2\/media\/103378"}],"wp:attachment":[{"href":"https:\/\/redsemlac.com\/semmexico\/wp-json\/wp\/v2\/media?parent=103377"}],"wp:term":[{"taxonomy":"category","embeddable":true,"href":"https:\/\/redsemlac.com\/semmexico\/wp-json\/wp\/v2\/categories?post=103377"},{"taxonomy":"post_tag","embeddable":true,"href":"https:\/\/redsemlac.com\/semmexico\/wp-json\/wp\/v2\/tags?post=103377"}],"curies":[{"name":"wp","href":"https:\/\/api.w.org\/{rel}","templated":true}]}}