{"id":103370,"date":"2026-03-06T18:10:24","date_gmt":"2026-03-07T00:10:24","guid":{"rendered":"https:\/\/redsemlac.com\/semmexico\/?p=103370"},"modified":"2026-03-06T18:10:25","modified_gmt":"2026-03-07T00:10:25","slug":"eliminar-el-aborto-de-los-codigos-penales-siguiente-paso-en-la-lucha-feminista","status":"publish","type":"post","link":"https:\/\/redsemlac.com\/semmexico\/eliminar-el-aborto-de-los-codigos-penales-siguiente-paso-en-la-lucha-feminista\/","title":{"rendered":"Eliminar el aborto de los c\u00f3digos penales, siguiente paso en la lucha feminista"},"content":{"rendered":"\n<ul class=\"wp-block-list\">\n<li>Aunque en 24 estados ya se logr\u00f3 su despenalizaci\u00f3n, es necesario reformar el marco legal para eliminar el delito<\/li>\n\n\n\n<li>Buscan detener la criminalizaci\u00f3n de las mujeres<\/li>\n<\/ul>\n\n\n\n<p class=\"wp-block-paragraph\">Yazm\u00edn Morales<\/p>\n\n\n\n<p class=\"wp-block-paragraph\">SemM\u00e9xico\/El Sol de M\u00e9xico, Ciudad de M\u00e9xico, 6 de marzo, 2026.- A pesar de los avances legales y los fallos de la Suprema Corte de Justicia de la Naci\u00f3n (<a href=\"https:\/\/oem.com.mx\/elsoldemexico\/mexico\/scjn-arrancara-2026-con-discusion-sobre-semanas-de-gestacion-para-abortar-27284070\" target=\"_blank\" rel=\"noreferrer noopener\">SCJN<\/a>),&nbsp;no&nbsp;se ha&nbsp;logrado&nbsp;despenalizar el aborto&nbsp;en&nbsp;ocho entidades&nbsp;del pa\u00eds, cuatro de las cuales est\u00e1n&nbsp;gobernadas&nbsp;por&nbsp;Morena&nbsp;-Morelos, Sonora, Tamaulipas y Tlaxcala-, y el resto por partidos de oposici\u00f3n Durango (PRI), Guanajuato y Quer\u00e9taro (PAN), y Nuevo Le\u00f3n (MC).<\/p>\n\n\n\n<p class=\"wp-block-paragraph\">Durante el conservatorio \u201cPreguntas inc\u00f3modas rumbo al 8M\u201d, organizado por la organizaci\u00f3n&nbsp;<a href=\"https:\/\/vivasylibres.com\/\" target=\"_blank\" rel=\"noreferrer noopener\">Mujeres Vivas y Libres<\/a>, las especialistas coincidieron en que la&nbsp;permanencia del aborto&nbsp;en el&nbsp;marco penal&nbsp;genera una&nbsp;contradicci\u00f3n legislativa&nbsp;que permite la&nbsp;criminalizaci\u00f3n de las mujeres&nbsp;y obstaculiza el trabajo de los servidores p\u00fablicos del sector salud.<\/p>\n\n\n\n<p class=\"wp-block-paragraph\">\u201cSabemos que el aborto es un hecho en M\u00e9xico. Las mujeres y personas con capacidad de gestar abortan, lo han hecho siempre y lo seguir\u00e1n haciendo. La pregunta no es si ocurre. La pregunta es si&nbsp;el Estado va a garantizar condiciones de dignidad, salud y justicia, o si va a seguir reproduciendo desigualdades y criminalizaci\u00f3n. Este no es un debate simb\u00f3lico. Es un debate de derechos y salud p\u00fablica\u201d,&nbsp;se\u00f1al\u00f3&nbsp;Aid\u00e9 Garc\u00eda Hern\u00e1ndez, directora ejecutiva de&nbsp;Cat\u00f3licas por el Derecho a Decidir M\u00e9xico.<\/p>\n\n\n\n<p class=\"wp-block-paragraph\">Detall\u00f3 que el problema reside en que el&nbsp;aborto&nbsp;sigue criminaliz\u00e1ndose en M\u00e9xico porque contin\u00faa&nbsp;tipificado&nbsp;como delito en el&nbsp;C\u00f3digo Penal, tanto a nivel&nbsp;federal&nbsp;como&nbsp;estatal&nbsp;y&nbsp;local.<\/p>\n\n\n\n<p class=\"wp-block-paragraph\">En esta criminalizaci\u00f3n convergen las&nbsp;63 mujeres&nbsp;que a\u00fan se encuentran en&nbsp;prisi\u00f3n&nbsp;esperando una&nbsp;sentencia&nbsp;por interrumpir su embarazo y las&nbsp;dos mil 169 denuncias&nbsp;por&nbsp;aborto&nbsp;que se han interpuesto de&nbsp;2012 a 2025, abund\u00f3.<\/p>\n\n\n\n<p class=\"wp-block-paragraph\">Garc\u00eda Hern\u00e1ndez explic\u00f3 que&nbsp;a casi 19 a\u00f1os de la despenalizaci\u00f3n del aborto&nbsp;en la capital del pa\u00eds, es la&nbsp;CdMx&nbsp;donde se debe iniciar con la eliminaci\u00f3n del t\u00e9rmino en el C\u00f3digo Penal, por lo que han sostenido reuniones con diputadas del Congreso local para impulsar una iniciativa de reforma.<\/p>\n\n\n\n<p class=\"wp-block-paragraph\">\u201cCreemos importante que vayamos a un segundo paso que tiene que ver con la eliminaci\u00f3n del delito de aborto del C\u00f3digo Penal y la intenci\u00f3n es&nbsp;iniciar en la Ciudad de M\u00e9xico&nbsp;(&#8230;) Pensamos que esta tiene que ser la ciudad que d\u00e9 la muestra de congruencia con la garant\u00eda de los de&nbsp;derechos de las mujeres, porque este es un&nbsp;gobierno feminista&nbsp;y nos parece muy importante que efectivamente hagamos ese llamado para todas las autoridades y todas las tomadoras de decisiones que han dicho estar comprometidas con este tema\u201d, sostuvo.<\/p>\n\n\n\n<p class=\"wp-block-paragraph\">El reto, explic\u00f3, es hacer una propuesta de reforma al C\u00f3digo Penal, tanto a nivel local como federal, \u201cpara eliminarlo como un delito (&#8230;) Y entonces&nbsp;colocarlo&nbsp;en una&nbsp;ley de salud&nbsp;para que se atienda como un&nbsp;derecho a la salud&nbsp;con todo lo que implica la salud integral de las mujeres, de las personas gestantes\u201d.<\/p>\n\n\n\n<p class=\"wp-block-paragraph\">Ante este escenario, propuso tres rutas de trabajo para&nbsp;avanzar&nbsp;en la&nbsp;agenda&nbsp;por el&nbsp;derecho a decidir en M\u00e9xico: despenalizarlo en las ocho entidades que todav\u00eda lo consideran un delito, eliminar el tipo penal del aborto y fortalecer la capacidad narrativa para contrarrestar las narrativas de grupos antiderechos que buscan retrocesos legislativos.<\/p>\n\n\n\n<p class=\"wp-block-paragraph\">En el conversatorio tambi\u00e9n participaron&nbsp;Angie Contreras&nbsp;y&nbsp;Lizeth Mejorada, voceras de Mujeres Vivas, Mujeres Libres, y&nbsp;Elida Caballero Cabrera, jefa de incidencia de Women\u2019s Equality Center.&nbsp;<\/p>\n\n\n\n<p class=\"wp-block-paragraph\">SEM-El Sol de M\u00e9xico\/ym<a href=\"https:\/\/oem.com.mx\/elsoldemexico\/analisis\/autor\/yazmin-morales-4603\/app.json\"><\/a><\/p>\n\n\n\n<p class=\"wp-block-paragraph\"><\/p>\n","protected":false},"excerpt":{"rendered":"<p>Yazm\u00edn Morales SemM\u00e9xico\/El Sol de M\u00e9xico, Ciudad de M\u00e9xico, 6 de marzo, 2026.- A pesar de los avances legales y los fallos de la Suprema Corte de Justicia de la Naci\u00f3n (SCJN),&nbsp;no&nbsp;se ha&nbsp;logrado&nbsp;despenalizar el aborto&nbsp;en&nbsp;ocho entidades&nbsp;del pa\u00eds, cuatro de las cuales est\u00e1n&nbsp;gobernadas&nbsp;por&nbsp;Morena&nbsp;-Morelos, Sonora, Tamaulipas y Tlaxcala-, y el resto por partidos de oposici\u00f3n Durango (PRI), [&hellip;]<\/p>\n","protected":false},"author":3,"featured_media":103371,"comment_status":"open","ping_status":"open","sticky":false,"template":"","format":"standard","meta":{"_monsterinsights_skip_tracking":false,"footnotes":""},"categories":[748],"tags":[],"class_list":["post-103370","post","type-post","status-publish","format-standard","has-post-thumbnail","category-cultura-feminista"],"_links":{"self":[{"href":"https:\/\/redsemlac.com\/semmexico\/wp-json\/wp\/v2\/posts\/103370","targetHints":{"allow":["GET"]}}],"collection":[{"href":"https:\/\/redsemlac.com\/semmexico\/wp-json\/wp\/v2\/posts"}],"about":[{"href":"https:\/\/redsemlac.com\/semmexico\/wp-json\/wp\/v2\/types\/post"}],"author":[{"embeddable":true,"href":"https:\/\/redsemlac.com\/semmexico\/wp-json\/wp\/v2\/users\/3"}],"replies":[{"embeddable":true,"href":"https:\/\/redsemlac.com\/semmexico\/wp-json\/wp\/v2\/comments?post=103370"}],"version-history":[{"count":0,"href":"https:\/\/redsemlac.com\/semmexico\/wp-json\/wp\/v2\/posts\/103370\/revisions"}],"wp:featuredmedia":[{"embeddable":true,"href":"https:\/\/redsemlac.com\/semmexico\/wp-json\/wp\/v2\/media\/103371"}],"wp:attachment":[{"href":"https:\/\/redsemlac.com\/semmexico\/wp-json\/wp\/v2\/media?parent=103370"}],"wp:term":[{"taxonomy":"category","embeddable":true,"href":"https:\/\/redsemlac.com\/semmexico\/wp-json\/wp\/v2\/categories?post=103370"},{"taxonomy":"post_tag","embeddable":true,"href":"https:\/\/redsemlac.com\/semmexico\/wp-json\/wp\/v2\/tags?post=103370"}],"curies":[{"name":"wp","href":"https:\/\/api.w.org\/{rel}","templated":true}]}}