{"id":10336,"date":"2019-07-30T20:15:20","date_gmt":"2019-07-30T20:15:20","guid":{"rendered":"https:\/\/redsemlac.com\/semmexico\/?p=10336"},"modified":"2023-07-21T14:51:58","modified_gmt":"2023-07-21T19:51:58","slug":"opinion-16","status":"publish","type":"post","link":"https:\/\/redsemlac.com\/semmexico\/opinion-16\/","title":{"rendered":"An\u00e1lisis a Fondo: La voz de la paz"},"content":{"rendered":"\n<h1 class=\"wp-block-heading\"> Se despide un \u00edcono de libertad <\/h1>\n\n\n\n<ul class=\"wp-block-list\"><li><strong><em>Joan B\u00e1ez, la bella so\u00f1adora <\/em><\/strong><\/li><\/ul>\n\n\n\n<p class=\"wp-block-paragraph\"><strong> Francisco G\u00f3mez Maza <\/strong><\/p>\n\n\n\n<p class=\"wp-block-paragraph\">SemM\u00e9xico. 30 de julio 2019.- Me habr\u00eda gustado que Joan B\u00e1ez hubiera elegido para su Grandiosa Despedida la Plaza de las Tres Culturas, d\u00f3nde el desaparecido Tlatoani derram\u00f3 r\u00edos de sangre de jovencitos, mujeres embarazadas, viejitos como yo, aquella tarde noche del 2 de octubre de 1968. Pero, para los efectos de su ida al cobijo del anonimato, estuvo escogida Madrid. Tambi\u00e9n en Madrid corre sangre libertaria.<\/p>\n\n\n\n<p class=\"wp-block-paragraph\">Joan B\u00e1ez se va agradecida con su vida, que ha sido una vida extraordinaria, como se lo declar\u00f3 este fin de semana a la TV espa\u00f1ola. Y este escribidor est\u00e1 tambi\u00e9n muy agradecido con la vida porque la vida le permiti\u00f3 gozar de la voz de la neoyorquina m\u00e1s mexicana que una maravillosa guitarra de Paracho y que, a los j\u00f3venes de aquellos a\u00f1os del parto de la libertad, que cost\u00f3 sangre, muerte, dolor y llanto, arrull\u00f3 nuestros sue\u00f1os de libertad.<\/p>\n\n\n\n<figure class=\"wp-block-image\"><img decoding=\"async\" src=\"https:\/\/indicepolitico.com\/wp-content\/uploads\/2019\/07\/image-1-24.jpg\" alt=\"\"\/><\/figure>\n\n\n\n<p class=\"wp-block-paragraph\">Los j\u00f3venes de hace seis d\u00e9cadas escuchamos y cantamos al tono de Joan B\u00e1ez; nos rebelamos al son de esa a\u00fan sonora guitarra rasgada por las manos de esa neoyorquina que fue una maravillosa representante de las generaciones del cambio y de la paz, esa paz que fue impuesta a los amos del imperio, por los \u201cd\u00e9biles\u201d y que hasta el momento no conocen y menos entienden.<\/p>\n\n\n\n<p class=\"wp-block-paragraph\">Se despide, despu\u00e9s de 60 a\u00f1os, en plenitud, una mujer que, adem\u00e1s de interpretar durante d\u00e9cadas himnos legendarios de llamada a la no violencia, encabez\u00f3 eventos hist\u00f3ricos como la marcha sobre Washington de 1963 por los derechos civiles, junto al so\u00f1ador de Martin Luther King, o el m\u00edtico festival de Woodstock en 1969, al lado de figuras como Janis Joplin, Carlos Santana o Jimmy Hendrix.<\/p>\n\n\n\n<p class=\"wp-block-paragraph\">La neoyorquina es, desde aquellos a\u00f1os, la voz de la paz; generadora de la protesta con la guitarra y la poes\u00eda; un \u00edcono de millones de j\u00f3venes, hombres y mujeres, que no quer\u00edan la guerra, la muerte, la represi\u00f3n, la c\u00e1rcel. J\u00f3venes que so\u00f1aban con otros mundos y que se fueron perdiendo en la historia hasta caer en el abismo de la muerte en vida y que ahora est\u00e1n muy contentos con las mentiras de los poderosos como ocurre con la sociedad estadounidense ante el imperio del fascismo de Trump. Espero que el gran despertar de los mexicanos no lo echen a perder los oportunistas tribales que se incrustaron en el Movimiento de Regeneraci\u00f3n Nacional<\/p>\n\n\n\n<figure class=\"wp-block-image\"><img decoding=\"async\" src=\"https:\/\/indicepolitico.com\/wp-content\/uploads\/2019\/07\/image-2-7.jpg\" alt=\"\"\/><\/figure>\n\n\n\n<p class=\"wp-block-paragraph\">Pero mientras, Joan B\u00e1ez, esa mujer que se convirti\u00f3 en el arquetipo de los sue\u00f1os de la juventud, junto con otros grandes \u00edconos de la canci\u00f3n de protesta, se despide. Ella dice que porque la voz ya no le da. Pero descubro un dejo de decepci\u00f3n ante el conformismo general de la sociedad estadounidense que no sabe d\u00f3nde est\u00e1 ni a d\u00f3nde va y que pareciera que ya se acostumbr\u00f3 a vivir de las mentiras de una sociedad de consumo desperdicio que no deja lugar a la vida, ante un grupo de ku kux klanes modernos que cierra los espacios a la conciencia colectiva; solivianta al racismo y la exclusi\u00f3n y odia a los prietos y ante quienes se rinden gobiernos como el de M\u00e9xico que presume de izquierda nacionalista.<\/p>\n\n\n\n<p class=\"wp-block-paragraph\">Quiz\u00e1s la memoria colectiva encuentre, en el rostro y la guitarra de Joan B\u00e1ez, la imagen precisa para se\u00f1alar c\u00f3mo la juventud y el arte se dieron cita en los a\u00f1os sesenta, para oponerse a la guerra que llevaba adelante Estados Unidos en Vietnam. B\u00e1ez, nacida en 1941 en Nueva York, se convirti\u00f3 en la voz de la canci\u00f3n de protesta, en la voz de la paz y a los 19 a\u00f1os comenz\u00f3 su carrera musical, siempre munida de su guitarra y unas letras aguerridas y potentes al ritmo del folk. Sesenta a\u00f1os despu\u00e9s, este domingo pasado se despidi\u00f3 de los escenarios con un recital en Madrid. \u201cJam\u00e1s imagin\u00e9 esto que nos est\u00e1 pasando\u201d, declar\u00f3 B\u00e1ez:<\/p>\n\n\n\n<figure class=\"wp-block-image\"><img decoding=\"async\" src=\"https:\/\/indicepolitico.com\/wp-content\/uploads\/2019\/07\/image-3-4.jpg\" alt=\"\"\/><\/figure>\n\n\n\n<p class=\"wp-block-paragraph\">\u201cA la gente no le importa si Trump tiene raz\u00f3n o no; si dice la verdad o no. Son felices con la mentira. Trump es un poco como Hitler, pero menos inteligente\u201d, dijo. Sin embargo, la cantante no se retira por su azoro hist\u00f3rico, sino por una consciencia en el desgaste de las posibilidades de su voz. \u201cEstoy muy agradecida por mi vida; es una vida extraordinaria\u201d, dijo a la Televisi\u00f3n Espa\u00f1ola antes de la serie de recitales que culminaron el s\u00e1bado en Barcelona y el domingo en el teatro Real de Madrid con un largo camino en los escenarios y en el compromiso p\u00fablico, como lo destac\u00f3 la prensa espa\u00f1ola.<\/p>\n\n\n\n<p class=\"wp-block-paragraph\">@ANALISISAFONDO<br>@AFDiario<\/p>\n","protected":false},"excerpt":{"rendered":"<p>Se despide un \u00edcono de libertad<\/p>\n","protected":false},"author":3,"featured_media":10337,"comment_status":"open","ping_status":"open","sticky":false,"template":"","format":"standard","meta":{"_monsterinsights_skip_tracking":false,"footnotes":""},"categories":[690,82,110],"tags":[],"class_list":["post-10336","post","type-post","status-publish","format-standard","has-post-thumbnail","category-690","category-la-opinion","category-la-opinion-columnas"],"_links":{"self":[{"href":"https:\/\/redsemlac.com\/semmexico\/wp-json\/wp\/v2\/posts\/10336","targetHints":{"allow":["GET"]}}],"collection":[{"href":"https:\/\/redsemlac.com\/semmexico\/wp-json\/wp\/v2\/posts"}],"about":[{"href":"https:\/\/redsemlac.com\/semmexico\/wp-json\/wp\/v2\/types\/post"}],"author":[{"embeddable":true,"href":"https:\/\/redsemlac.com\/semmexico\/wp-json\/wp\/v2\/users\/3"}],"replies":[{"embeddable":true,"href":"https:\/\/redsemlac.com\/semmexico\/wp-json\/wp\/v2\/comments?post=10336"}],"version-history":[{"count":0,"href":"https:\/\/redsemlac.com\/semmexico\/wp-json\/wp\/v2\/posts\/10336\/revisions"}],"wp:featuredmedia":[{"embeddable":true,"href":"https:\/\/redsemlac.com\/semmexico\/wp-json\/wp\/v2\/media\/10337"}],"wp:attachment":[{"href":"https:\/\/redsemlac.com\/semmexico\/wp-json\/wp\/v2\/media?parent=10336"}],"wp:term":[{"taxonomy":"category","embeddable":true,"href":"https:\/\/redsemlac.com\/semmexico\/wp-json\/wp\/v2\/categories?post=10336"},{"taxonomy":"post_tag","embeddable":true,"href":"https:\/\/redsemlac.com\/semmexico\/wp-json\/wp\/v2\/tags?post=10336"}],"curies":[{"name":"wp","href":"https:\/\/api.w.org\/{rel}","templated":true}]}}