{"id":10333,"date":"2019-07-30T20:07:59","date_gmt":"2019-07-30T20:07:59","guid":{"rendered":"https:\/\/redsemlac.com\/semmexico\/?p=10333"},"modified":"2023-07-21T14:51:58","modified_gmt":"2023-07-21T19:51:58","slug":"michoacan-2","status":"publish","type":"post","link":"https:\/\/redsemlac.com\/semmexico\/michoacan-2\/","title":{"rendered":"Identificar para denunciar la trata de personas, permite salvar vidas: Seimujer"},"content":{"rendered":"\n<p class=\"wp-block-paragraph\"><strong>Las mujeres, ni\u00f1as y\nni\u00f1os, los m\u00e1s propensos a convertirse en posibles v\u00edctimas.<\/strong><\/p>\n\n\n\n<p class=\"wp-block-paragraph\"><strong>Redacci\u00f3n<\/strong><\/p>\n\n\n\n<p class=\"wp-block-paragraph\">SemM\u00e9xico. Morelia, Michoac\u00e1n. 30 de julio de 2019.- La\ntrata de personas es un problema a nivel mundial que representa grandes\ndividendos para quienes la practican, atentando contra la integridad y los\nderechos de mujeres, ni\u00f1as y ni\u00f1os, sus principales v\u00edctimas, de ah\u00ed que en\nMichoac\u00e1n se promueva la visibilizaci\u00f3n e identificaci\u00f3n del delito para\nincidir en la denuncia y salvar vidas.<\/p>\n\n\n\n<p class=\"wp-block-paragraph\">En el marco del d\u00eda Mundial contra la Trata de Personas, la\nsecretaria de Igualdad Sustantiva y Desarrollo de las Mujeres (Seimujer), Nuria\nGabriela Hern\u00e1ndez Abarca, explic\u00f3 que este delito es una violaci\u00f3n grave a los\nderechos humanos; por ello, desde la dependencia a su cargo, se han realizado\ndiversos talleres y diplomados que permitan identificarlo y denunciarlo.&nbsp; <\/p>\n\n\n\n<p class=\"wp-block-paragraph\">&nbsp;\u201cUna droga se puede\nvender una vez; un arma o un arsenal se venden una vez; pero a una mujer la\npueden vender al d\u00eda 60 veces y al d\u00eda siguiente igual; lamentablemente la\nesclavitud y la explotaci\u00f3n de seres humanos no ha dejado de ser una realidad\u201d,\nse\u00f1al\u00f3.<\/p>\n\n\n\n<p class=\"wp-block-paragraph\">La funcionaria record\u00f3 que, a trav\u00e9s de la campa\u00f1a \u201cNo es\namor, es violencia\u201d, se ha logrado que las y los j\u00f3venes identifiquen los\nriesgos de compartir im\u00e1genes o datos personales, informaci\u00f3n que permite a los\ntratantes ubicarlos para luego convertirlos en v\u00edctimas.<\/p>\n\n\n\n<p class=\"wp-block-paragraph\">&nbsp;\u201cLa pol\u00edtica\ninstruida por el Gobernador Silvano Aureoles Conejo, es cero tolerancia al\ndelito de trata de personas; para eso, desde la Seimujer, estamos trabajando:\npara prevenir todos los actos que vulneren los derechos humanos de la\npoblaci\u00f3n\u201d, indic\u00f3.<\/p>\n\n\n\n<p class=\"wp-block-paragraph\">Finalmente, pidi\u00f3 a los padres y madres de familia estar al\npendiente de sus hijos e hijas, cuando hacen uso de las redes sociales,\nimplementando medidas preventivas que les permitir\u00e1n salvarlos de ser v\u00edctimas\nde este delito.&nbsp; <\/p>\n\n\n\n<p class=\"wp-block-paragraph\">Algunas recomendaciones:<\/p>\n\n\n\n<ul class=\"wp-block-list\"><li>Supervisar los historiales y contenidos de las\np\u00e1ginas en las que navegan sus hijos e hijas.<\/li><li>Instruirlos en el uso adecuado de las redes\nsociales, comunicando de los riesgos.<\/li><li>Las fotograf\u00edas que comparten de sus hijas e\nhijos en redes sociales pueden proporcionar informaci\u00f3n personal que los ponga\nen riesgo.<\/li><li>No dejar solos a las ni\u00f1as y ni\u00f1os en internet\npuede ser tan peligroso como dejarlos en la calle.<\/li><\/ul>\n\n\n\n<p class=\"wp-block-paragraph\">SEM\/IL<\/p>\n","protected":false},"excerpt":{"rendered":"<p>Las mujeres, ni\u00f1as y ni\u00f1os, los m\u00e1s propensos a convertirse en posibles v\u00edctimas.<\/p>\n","protected":false},"author":3,"featured_media":10334,"comment_status":"open","ping_status":"open","sticky":false,"template":"","format":"standard","meta":{"_monsterinsights_skip_tracking":false,"footnotes":""},"categories":[690,51],"tags":[],"class_list":["post-10333","post","type-post","status-publish","format-standard","has-post-thumbnail","category-690","category-ejecutivo"],"_links":{"self":[{"href":"https:\/\/redsemlac.com\/semmexico\/wp-json\/wp\/v2\/posts\/10333","targetHints":{"allow":["GET"]}}],"collection":[{"href":"https:\/\/redsemlac.com\/semmexico\/wp-json\/wp\/v2\/posts"}],"about":[{"href":"https:\/\/redsemlac.com\/semmexico\/wp-json\/wp\/v2\/types\/post"}],"author":[{"embeddable":true,"href":"https:\/\/redsemlac.com\/semmexico\/wp-json\/wp\/v2\/users\/3"}],"replies":[{"embeddable":true,"href":"https:\/\/redsemlac.com\/semmexico\/wp-json\/wp\/v2\/comments?post=10333"}],"version-history":[{"count":0,"href":"https:\/\/redsemlac.com\/semmexico\/wp-json\/wp\/v2\/posts\/10333\/revisions"}],"wp:featuredmedia":[{"embeddable":true,"href":"https:\/\/redsemlac.com\/semmexico\/wp-json\/wp\/v2\/media\/10334"}],"wp:attachment":[{"href":"https:\/\/redsemlac.com\/semmexico\/wp-json\/wp\/v2\/media?parent=10333"}],"wp:term":[{"taxonomy":"category","embeddable":true,"href":"https:\/\/redsemlac.com\/semmexico\/wp-json\/wp\/v2\/categories?post=10333"},{"taxonomy":"post_tag","embeddable":true,"href":"https:\/\/redsemlac.com\/semmexico\/wp-json\/wp\/v2\/tags?post=10333"}],"curies":[{"name":"wp","href":"https:\/\/api.w.org\/{rel}","templated":true}]}}