{"id":103301,"date":"2026-03-04T14:54:46","date_gmt":"2026-03-04T20:54:46","guid":{"rendered":"https:\/\/redsemlac.com\/semmexico\/?p=103301"},"modified":"2026-03-04T14:54:47","modified_gmt":"2026-03-04T20:54:47","slug":"crisis-en-iran-derechos-humanos-pide-investigar-la-muerte-de-decenas-de-ninas-tras-el-bombardeo-de-un-colegio","status":"publish","type":"post","link":"https:\/\/redsemlac.com\/semmexico\/crisis-en-iran-derechos-humanos-pide-investigar-la-muerte-de-decenas-de-ninas-tras-el-bombardeo-de-un-colegio\/","title":{"rendered":"Crisis en Ir\u00e1n: Derechos Humanos pide investigar la muerte de decenas de ni\u00f1as tras el bombardeo de un colegio"},"content":{"rendered":"\n<p class=\"wp-block-paragraph\">Una ni\u00f1a en una calle iran\u00ed.<strong> UNICEF\/Aslan Arfa<\/strong><\/p>\n\n\n\n<p class=\"wp-block-paragraph\">&nbsp;&nbsp;&nbsp;Dominika Tomaszewska-Mortimer<\/p>\n\n\n\n<p class=\"wp-block-paragraph\">SemM\u00e9xico\/ONUNOTICIAS,&nbsp; Cd. de M\u00e9xico, 4 de marzo, 2026.- Seg\u00fan las autoridades iran\u00edes, en el ataque murieron entre 165 y 180 ni\u00f1as. Una portavoz de ONU Derechos Humanos recuerda que los bombardeos de instalaciones civiles suponen graves violaciones del derecho internacional humanitario y podr\u00edan considerarse cr\u00edmenes de guerra.<\/p>\n\n\n\n<p class=\"wp-block-paragraph\">En el cuarto d\u00eda de los ataques a\u00e9reos de Israel y Estados Unidos contra Ir\u00e1n, y en medio de una creciente violencia e inestabilidad en Oriente Medio, la ONU hizo un llamado urgente a proteger a los civiles y advirti\u00f3 sobre el aumento del desplazamiento forzado y las necesidades humanitarias.<\/p>\n\n\n\n<p class=\"wp-block-paragraph\">La portavoz de la Oficina de Derechos Humanos de la ONU, Ravina Shamdasani, record\u00f3 el horror del ataque del s\u00e1bado, que seg\u00fan informes dej\u00f3 decenas de ni\u00f1as muertas y heridas en una escuela primaria de Minab, en el sur de Ir\u00e1n.&nbsp;<\/p>\n\n\n\n<p class=\"wp-block-paragraph\">\u00abNi\u00f1as, peque\u00f1as (\u2026) al inicio de su jornada escolar, asesinadas de esta manera, con mochilas manchadas de sangre:&nbsp;<strong>esto es absolutamente horrendo<\/strong>\u00bb, declar\u00f3. \u00abSi hay una imagen que captura la esencia de la destrucci\u00f3n, la desesperaci\u00f3n y la crueldad sin sentido de este conflicto, son esas im\u00e1genes\u00bb.<\/p>\n\n\n\n<p class=\"wp-block-paragraph\">Shamdasani indic\u00f3 que el alto comisionado de la ONU para los Derechos Humanos, Volker T\u00fcrk, qued\u00f3 \u00abprofundamente conmocionado\u00bb por el impacto de las hostilidades en civiles e infraestructuras civiles, y exigi\u00f3 una \u00abinvestigaci\u00f3n pronta, imparcial y exhaustiva\u00bb sobre las circunstancias del ataque en Minab.&nbsp;<\/p>\n\n\n\n<p class=\"wp-block-paragraph\">\u00abLa responsabilidad recae en las fuerzas que ejecutaron el ataque para investigarlo. Les instamos a hacer p\u00fablicos los resultados y a garantizar rendici\u00f3n de cuentas y reparaci\u00f3n para las v\u00edctimas\u00bb, insisti\u00f3.<\/p>\n\n\n\n<p class=\"wp-block-paragraph\">La portavoz tambi\u00e9n subray\u00f3 que, si los ataques se dirigen deliberadamente contra civiles o bienes civiles, o son indiscriminados, constituyen \u00abgraves violaciones del derecho internacional humanitario y podr\u00edan considerarse cr\u00edmenes de guerra\u00bb.<\/p>\n\n\n\n<p class=\"wp-block-paragraph\"><strong>Apag\u00f3n de internet en Ir\u00e1n<\/strong><\/p>\n\n\n\n<p class=\"wp-block-paragraph\">Shamdasani&nbsp;<strong>expres\u00f3 preocupaci\u00f3n por el bienestar de los iran\u00edes, \u00abdado el historial del Gobierno de reprimir con fuerza letal a gran escala a quienes se oponen a su r\u00e9gimen<\/strong>&nbsp;y las nuevas amenazas de altos funcionarios contra cualquier expresi\u00f3n de disidencia en este momento\u00bb. Inst\u00f3 a las autoridades a salvaguardar las libertades fundamentales de los iran\u00edes y lament\u00f3 el acceso limitado de la poblaci\u00f3n a informaci\u00f3n esencial debido a un corte nacional de internet.<\/p>\n\n\n\n<p class=\"wp-block-paragraph\">Desde que estall\u00f3 el conflicto el s\u00e1bado, con los ataques de Israel y Estados Unidos a Ir\u00e1n y la respuesta de Teher\u00e1n con contraataques contra Israel y otros aliados estadounidenses en la regi\u00f3n, Shamdasani destac\u00f3 que, adem\u00e1s de Ir\u00e1n e Israel, las hostilidades han afectado hasta ahora a otros 12 pa\u00edses, destruyendo viviendas, negocios, aeropuertos e infraestructuras energ\u00e9ticas.<\/p>\n\n\n\n<p class=\"wp-block-paragraph\"><strong>Desplazados en L\u00edbano<\/strong><\/p>\n\n\n\n<p class=\"wp-block-paragraph\">&nbsp;En L\u00edbano, donde los militantes armados de Hezbol\u00e1 entraron en el conflicto, atrayendo ataques israel\u00edes, \u00abse han reportado desplazamientos masivos en partes del sur del L\u00edbano, el valle de la Bekaa y los suburbios del sur de Beirut\u00bb, declar\u00f3 Babar Baloch, portavoz de la Agencia de la ONU para los Refugiados (<a href=\"http:\/\/www.acnur.org\/\">ACNUR<\/a>). Israel emiti\u00f3 advertencias de evacuaci\u00f3n a los residentes de m\u00e1s de 53 pueblos libaneses y llev\u00f3 a cabo intensos bombardeos en las tres regiones del pa\u00eds, a\u00f1adi\u00f3.<\/p>\n\n\n\n<p class=\"wp-block-paragraph\">Hasta este lunes, \u00ab<strong>las estimaciones conservadoras sugieren que cerca de 30.000 personas han sido alojadas y registradas en refugios colectivos<\/strong>\u00bb, se\u00f1al\u00f3 Baloch. \u00abMuchos m\u00e1s durmieron en sus coches a un lado de las carreteras o quedaron atrapados en embotellamientos al intentar huir del sur hacia Beirut\u00bb.<\/p>\n\n\n\n<p class=\"wp-block-paragraph\">Seg\u00fan informes de medios del martes, tropas israel\u00edes ingresaron al sur del L\u00edbano tras los ataques de Hezbol\u00e1 contra el norte de Israel. El portavoz de ACNUR subray\u00f3 que muchos de los pa\u00edses afectados por el nuevo conflicto \u00abya albergan a millones de refugiados y desplazados internos\u00bb. Advirti\u00f3 que una mayor violencia y desplazamiento podr\u00edan desbordar la capacidad de las comunidades receptoras.<\/p>\n\n\n\n<p class=\"wp-block-paragraph\"><strong>Temores por las cadenas de suministro&nbsp;<\/strong><\/p>\n\n\n\n<p class=\"wp-block-paragraph\"><strong>Las graves interrupciones en el transporte de mercanc\u00edas<\/strong>&nbsp;debido a la ampliaci\u00f3n de las hostilidades en la regi\u00f3n tambi\u00e9n est\u00e1n afectando las rutas de suministro humanitario y a quienes dependen de ellas para su pr\u00f3xima comida.<\/p>\n\n\n\n<p class=\"wp-block-paragraph\">Desde El Cairo, Samer Abdel Jaber, director regional del&nbsp;<a href=\"http:\/\/es.wfp.org\/\">Programa Mundial de Alimentos<\/a>&nbsp;de la ONU (<a href=\"http:\/\/es.wfp.org\/\">PMA<\/a>) para Oriente Medio y Norte de \u00c1frica, destac\u00f3 las interrupciones en el estrecho de Ormuz y el mar Rojo, que \u00abcomplicar\u00e1n las rutas mar\u00edtimas, generar\u00e1n retrasos y aumentar\u00e1n los costos para la mayor\u00eda de nuestras operaciones que dependen de esas rutas\u00bb.<\/p>\n\n\n\n<p class=\"wp-block-paragraph\">\u00abCon mares disputados y espacios a\u00e9reos cerrados, estamos explorando adaptaciones y el uso de nuestras redes de proveedores en otros pa\u00edses como Turqu\u00eda, Egipto, Jordania y Pakist\u00e1n para apoyar corredores terrestres\u00bb, explic\u00f3. El funcionario del PMA a\u00f1adi\u00f3 que los puertos de Egipto y el canal de Suez, \u00abun centro clave para apoyar nuestras operaciones en&nbsp;<a href=\"https:\/\/news.un.org\/es\/events\/israel-palestina\">Gaza<\/a>&nbsp;y Sud\u00e1n\u00bb, siguen funcionando.<\/p>\n\n\n\n<p class=\"wp-block-paragraph\">Se\u00f1al\u00f3 que la decisi\u00f3n de Israel de cerrar los pasos fronterizos con Gaza desde el inicio del conflicto hab\u00eda sido motivo de preocupaci\u00f3n, pero que el martes lleg\u00f3 la \u00abbuena noticia\u00bb de la inminente reapertura del paso de Kerem Shalom. Seg\u00fan informes posteriores de medios, el cruce, en la frontera sur de la Franja de Gaza, efectivamente reabri\u00f3 el martes.<\/p>\n\n\n\n<p class=\"wp-block-paragraph\">\u00ab<strong>Esto llega en un momento oportuno para nosotros y necesitamos ingresar ayuda lo m\u00e1s r\u00e1pido posible<\/strong>\u00bb, afirm\u00f3 Jaber. \u00abTenemos harina de trigo suficiente solo para 10 d\u00edas y paquetes de alimentos que mantendr\u00e1n nuestros programas durante solo dos semanas y media (\u2026) Debemos asegurar un flujo continuo y escalable de alimentos hacia la Franja de Gaza\u00bb, concluy\u00f3.<\/p>\n","protected":false},"excerpt":{"rendered":"<p>Una ni\u00f1a en una calle iran\u00ed. UNICEF\/Aslan Arfa &nbsp;&nbsp;&nbsp;Dominika Tomaszewska-Mortimer SemM\u00e9xico\/ONUNOTICIAS,&nbsp; Cd. de M\u00e9xico, 4 de marzo, 2026.- Seg\u00fan las autoridades iran\u00edes, en el ataque murieron entre 165 y 180 ni\u00f1as. Una portavoz de ONU Derechos Humanos recuerda que los bombardeos de instalaciones civiles suponen graves violaciones del derecho internacional humanitario y podr\u00edan considerarse cr\u00edmenes [&hellip;]<\/p>\n","protected":false},"author":3,"featured_media":103303,"comment_status":"open","ping_status":"open","sticky":false,"template":"","format":"standard","meta":{"_monsterinsights_skip_tracking":false,"footnotes":""},"categories":[53],"tags":[],"class_list":["post-103301","post","type-post","status-publish","format-standard","has-post-thumbnail","category-internacional"],"_links":{"self":[{"href":"https:\/\/redsemlac.com\/semmexico\/wp-json\/wp\/v2\/posts\/103301","targetHints":{"allow":["GET"]}}],"collection":[{"href":"https:\/\/redsemlac.com\/semmexico\/wp-json\/wp\/v2\/posts"}],"about":[{"href":"https:\/\/redsemlac.com\/semmexico\/wp-json\/wp\/v2\/types\/post"}],"author":[{"embeddable":true,"href":"https:\/\/redsemlac.com\/semmexico\/wp-json\/wp\/v2\/users\/3"}],"replies":[{"embeddable":true,"href":"https:\/\/redsemlac.com\/semmexico\/wp-json\/wp\/v2\/comments?post=103301"}],"version-history":[{"count":0,"href":"https:\/\/redsemlac.com\/semmexico\/wp-json\/wp\/v2\/posts\/103301\/revisions"}],"wp:featuredmedia":[{"embeddable":true,"href":"https:\/\/redsemlac.com\/semmexico\/wp-json\/wp\/v2\/media\/103303"}],"wp:attachment":[{"href":"https:\/\/redsemlac.com\/semmexico\/wp-json\/wp\/v2\/media?parent=103301"}],"wp:term":[{"taxonomy":"category","embeddable":true,"href":"https:\/\/redsemlac.com\/semmexico\/wp-json\/wp\/v2\/categories?post=103301"},{"taxonomy":"post_tag","embeddable":true,"href":"https:\/\/redsemlac.com\/semmexico\/wp-json\/wp\/v2\/tags?post=103301"}],"curies":[{"name":"wp","href":"https:\/\/api.w.org\/{rel}","templated":true}]}}