{"id":10330,"date":"2019-07-30T19:55:45","date_gmt":"2019-07-30T19:55:45","guid":{"rendered":"https:\/\/redsemlac.com\/semmexico\/?p=10330"},"modified":"2023-07-21T14:51:59","modified_gmt":"2023-07-21T19:51:59","slug":"ninas-desde-los-10-anos-se-convierten-en-madres-porque-la-autoridad-no-aplica-la-ile","status":"publish","type":"post","link":"https:\/\/redsemlac.com\/semmexico\/ninas-desde-los-10-anos-se-convierten-en-madres-porque-la-autoridad-no-aplica-la-ile\/","title":{"rendered":"Ni\u00f1as, desde los 10 a\u00f1os se convierten en madres porque la autoridad no aplica la ILE"},"content":{"rendered":"\n<p class=\"wp-block-paragraph\"> <strong>Esos casos, seg\u00fan expertas, prueban que las autoridades de Salud est\u00e1n fallando en aplicar la\u00a0<\/strong><a rel=\"noreferrer noopener\" href=\"https:\/\/www.gob.mx\/conapo\/documentos\/norma-oficial-mexicana-046-ssa2-2005-violencia-familiar-sexual-y-contra-las-mujeres-criterios-para-la-prevencion-y-atencion\" target=\"_blank\"><strong>Norma 046<\/strong><\/a><strong>\u00a0y la Ley General de V\u00edctimas, que establecen que las v\u00edctimas de violencia sexual deben recibir la Interrupci\u00f3n Legal del Embarazo (ILE). <\/strong><\/p>\n\n\n\n<p class=\"wp-block-paragraph\"><strong>Elda Montiel&nbsp;<\/strong><\/p>\n\n\n\n<p class=\"wp-block-paragraph\">SemM\u00e9xico. Cd. de&nbsp;&nbsp;M\u00e9xico. 30 de julio de 2019.- Durante 2018 se registraron en todo el pa\u00eds casos de 50 ni\u00f1as de s\u00f3lo 10 a\u00f1os de edad que dieron a luz, y un total de 10 mil 298 de entre 11 y 14 a\u00f1os que tambi\u00e9n tuvieron que convertirse en mam\u00e1s, de acuerdo a cifras del Subsistema de Informaci\u00f3n sobre Nacimientos (SINAC) de la Secretaria de Salud.<\/p>\n\n\n\n<p class=\"wp-block-paragraph\">De acuerdo con Rebeca Lorea, abogada del Grupo de Informaci\u00f3n en Reproducci\u00f3n Elegida (GIRE), todos esos casos de ni\u00f1as embarazadas deben considerarse violaciones, porque a esas edades no se puede afirmar que hubo consentimiento.&nbsp;<\/p>\n\n\n\n<p class=\"wp-block-paragraph\">Esos casos, seg\u00fan expertas, prueban que las autoridades de Salud est\u00e1n fallando en aplicar la&nbsp;<a href=\"https:\/\/www.gob.mx\/conapo\/documentos\/norma-oficial-mexicana-046-ssa2-2005-violencia-familiar-sexual-y-contra-las-mujeres-criterios-para-la-prevencion-y-atencion\" target=\"_blank\" rel=\"noreferrer noopener\"><strong>Norma 046<\/strong><\/a>&nbsp;y la Ley General de V\u00edctimas, que establecen que las v\u00edctimas de violencia sexual deben recibir la Interrupci\u00f3n Legal del Embarazo (ILE).<\/p>\n\n\n\n<p class=\"wp-block-paragraph\">GIRE ha documentado que a pesar de que es obligaci\u00f3n&nbsp;del personal de salud en todo el pa\u00eds proporcionar informaci\u00f3n y servicios de interrupci\u00f3n del embarazo producto de una violaci\u00f3n sexual, no proporcionan estos servicios por desconocimiento de la legislaci\u00f3n vigente, y prejuicios por parte del personal de salud.&nbsp;<\/p>\n\n\n\n<p class=\"wp-block-paragraph\">El pasado mes de junio se present\u00f3 un caso en Jalapa, capital del estado de Veracruz, de una ni\u00f1a de 11 a\u00f1os de nombre Jimena que quedo embaraza a causa de una violaci\u00f3n.&nbsp;<\/p>\n\n\n\n<p class=\"wp-block-paragraph\">La madre denunci\u00f3 el caso ante la Fiscal\u00eda General del Estado, quien cumpli\u00f3 con girar&nbsp;los oficios a la Secretaria de Salud, instancia que se neg\u00f3 a aplicar la ILE.&nbsp;<\/p>\n\n\n\n<p class=\"wp-block-paragraph\">De acuerdo a Eufon\u00eda, la&nbsp;asociaci\u00f3n civil que asumi\u00f3 la defensa legal de la ni\u00f1a,&nbsp;la Secretar\u00eda de Salud decidi\u00f3 no practicar laILE porque el desarrollo del embarazo superaba los 90 d\u00edas que establece el C\u00f3digo Penal de Veracruz. Jimena comenzaba el segundo trimestre.<\/p>\n\n\n\n<p class=\"wp-block-paragraph\">Equifon\u00eda espera que el Estado vigile que la ni\u00f1a tenga el mejor acceso a la salud posible para enfrentar lo que le queda de gestaci\u00f3n, y el nacimiento del beb\u00e9, ya que considero que es m\u00e1s riesgoso llegar al parto que tener un aborto en las condiciones en las que ella estaba.<\/p>\n\n\n\n<p class=\"wp-block-paragraph\">El embarazo durante la adolescencia constituye una cuesti\u00f3n de salud p\u00fablica y derechos humanos que se asocia con riesgos en materia de salud tanto para las adolescentes como para sus hijas e hijos, se\u00f1ala el informe de GIRE, La pieza faltante.<\/p>\n\n\n\n<p class=\"wp-block-paragraph\">Agrega que puede obstaculizar su desarrollo psicosocial, repercutir negativamente en sus oportunidades educativas y laborales, as\u00ed como contribuir a perpetuar ciclos intergeneracionales de pobreza y mala salud.<\/p>\n\n\n\n<p class=\"wp-block-paragraph\">El informe tambi\u00e9n se\u00f1ala que en 2017 a nivel nacional se registraron m\u00e1s de 9 mil nacimientos en ni\u00f1as de 10 a 14 a\u00f1os. Ese mismo a\u00f1o nacieron, en promedio, dos hijos de ni\u00f1as de entre 10 y 11 a\u00f1os, cada d\u00eda.<\/p>\n\n\n\n<p class=\"wp-block-paragraph\">La&nbsp;<a href=\"https:\/\/www.dof.gob.mx\/nota_detalle.php?codigo=5430957&amp;fecha=24\/03\/2016\" target=\"_blank\" rel=\"noreferrer noopener\">Norma 046<\/a>&nbsp;garantiza el acceso a la ILE a las mujeres que las soliciten, y si ya tienen 12 a\u00f1os basta con que presenten un escrito solicitando el servicio.&nbsp;<\/p>\n\n\n\n<p class=\"wp-block-paragraph\">Sin embargo, esa norma tambi\u00e9n prev\u00e9 la figura de \u201cobjetor de conciencia\u201d, a la cual pueden acogerse los doctores que no quieran participar en una interrupci\u00f3n de embarazo.&nbsp;<\/p>\n\n\n\n<p class=\"wp-block-paragraph\">En el hospital donde fue llevada Jimena s\u00f3lo hay un m\u00e9dico no objetor de conciencia.&nbsp;<\/p>\n\n\n\n<p class=\"wp-block-paragraph\">De acuerdo con la normativa vigente, basta una solicitud bajo protesta de decir verdad de que el embarazo es producto de una violaci\u00f3n para acceder al servicio de aborto y, a partir de los 12 a\u00f1os, las adolescentes pueden solicitarlo sin necesidad de la compa\u00f1\u00eda de madre, padre o tutor.<\/p>\n\n\n\n<p class=\"wp-block-paragraph\">&nbsp;Sin embargo, en la pr\u00e1ctica suelen solicitarse requisitos adicionales, como una denuncia o una autorizaci\u00f3n por parte del ministerio p\u00fablico. Adem\u00e1s, se imponen obst\u00e1culos injustificados, por ejemplo, la falta de personal m\u00e9dico o de equipamiento para practicarlo.<\/p>\n\n\n\n<p class=\"wp-block-paragraph\">El desconocimiento de las autoridades respecto a sus obligaciones deriva en violaciones a los derechos humanos de las ni\u00f1as y mujeres que solicitan dichos servicios.<\/p>\n\n\n\n<p class=\"wp-block-paragraph\">De 2012 a septiembre de 2018, GIRE acompa\u00f1\u00f3 38 casos en donde hubo negaci\u00f3n de servicios de aborto seguro, de los cuales 26 eran de menores de edad que fueron violentadas sexualmente, como \u201cJimena\u201d.<\/p>\n\n\n\n<p class=\"wp-block-paragraph\">&nbsp;En respuesta a una solicitud de informaci\u00f3n realizada el 7 de junio, la Secretar\u00eda de Salud de Veracruz inform\u00f3 que no tiene presupuesto asignado a la capacitaci\u00f3n de m\u00e9dicos no objetores de consciencia, que est\u00e9n dispuestos a practicar las ILES.<\/p>\n\n\n\n<p class=\"wp-block-paragraph\">Rebeca Lorea, abogada de GIRE, considera que lo que ocurre en Veracruz est\u00e1 generalizado en el resto del pa\u00eds, pues realizan monitoreos constantes a la aplicaci\u00f3n de la Norma 046, y han encontrado opacidad en las respuestas de las dependencias estatales.<\/p>\n\n\n\n<p class=\"wp-block-paragraph\"><strong>Veracruz y el Estado de M\u00e9xico son las entidades con m\u00e1s partos de ni\u00f1as de 10 a\u00f1os en 2018, con seis casos cada uno, le siguen Coahuila y Puebla, con cuatro<\/strong>.<\/p>\n\n\n\n<p class=\"wp-block-paragraph\">Durante ese mismo periodo&nbsp;<strong>el Estado de M\u00e9xico encabeza la lista de partos de ni\u00f1as menores de 14 a\u00f1os, le siguen Veracruz, Puebla, Chiapas, Guanajuato y Michoac\u00e1n.<\/strong><\/p>\n\n\n\n<p class=\"wp-block-paragraph\">El panorama en M\u00e9xico muestra que el embarazo en ni\u00f1as y adolescentes se relaciona con diferentes factores, incluyendo los altos \u00edndices de violencia sexual y la falta de acceso a servicios para v\u00edctimas, as\u00ed como la brecha entre el conocimiento general y funcional de m\u00e9todos anticonceptivos entre las personas j\u00f3venes.&nbsp;<br><\/p>\n","protected":false},"excerpt":{"rendered":"<p>Esos casos, seg\u00fan expertas, prueban que las autoridades de Salud est\u00e1n fallando en aplicar la Norma 046 y la Ley General de V\u00edctimas, que establecen que las v\u00edctimas de violencia sexual deben recibir la Interrupci\u00f3n Legal del Embarazo (ILE). <\/p>\n","protected":false},"author":3,"featured_media":10331,"comment_status":"open","ping_status":"open","sticky":false,"template":"","format":"standard","meta":{"_monsterinsights_skip_tracking":false,"footnotes":""},"categories":[690,54],"tags":[],"class_list":["post-10330","post","type-post","status-publish","format-standard","has-post-thumbnail","category-690","category-mujeres"],"_links":{"self":[{"href":"https:\/\/redsemlac.com\/semmexico\/wp-json\/wp\/v2\/posts\/10330","targetHints":{"allow":["GET"]}}],"collection":[{"href":"https:\/\/redsemlac.com\/semmexico\/wp-json\/wp\/v2\/posts"}],"about":[{"href":"https:\/\/redsemlac.com\/semmexico\/wp-json\/wp\/v2\/types\/post"}],"author":[{"embeddable":true,"href":"https:\/\/redsemlac.com\/semmexico\/wp-json\/wp\/v2\/users\/3"}],"replies":[{"embeddable":true,"href":"https:\/\/redsemlac.com\/semmexico\/wp-json\/wp\/v2\/comments?post=10330"}],"version-history":[{"count":0,"href":"https:\/\/redsemlac.com\/semmexico\/wp-json\/wp\/v2\/posts\/10330\/revisions"}],"wp:featuredmedia":[{"embeddable":true,"href":"https:\/\/redsemlac.com\/semmexico\/wp-json\/wp\/v2\/media\/10331"}],"wp:attachment":[{"href":"https:\/\/redsemlac.com\/semmexico\/wp-json\/wp\/v2\/media?parent=10330"}],"wp:term":[{"taxonomy":"category","embeddable":true,"href":"https:\/\/redsemlac.com\/semmexico\/wp-json\/wp\/v2\/categories?post=10330"},{"taxonomy":"post_tag","embeddable":true,"href":"https:\/\/redsemlac.com\/semmexico\/wp-json\/wp\/v2\/tags?post=10330"}],"curies":[{"name":"wp","href":"https:\/\/api.w.org\/{rel}","templated":true}]}}