{"id":103295,"date":"2026-03-04T14:50:57","date_gmt":"2026-03-04T20:50:57","guid":{"rendered":"https:\/\/redsemlac.com\/semmexico\/?p=103295"},"modified":"2026-03-04T14:50:58","modified_gmt":"2026-03-04T20:50:58","slug":"estrena-secretaria-de-las-mujeres-espacio-en-radio-luciernagas-1350-imer","status":"publish","type":"post","link":"https:\/\/redsemlac.com\/semmexico\/estrena-secretaria-de-las-mujeres-espacio-en-radio-luciernagas-1350-imer\/","title":{"rendered":"Estrena Secretar\u00eda de las Mujeres espacio en Radio Luci\u00e9rnagas 1350 IMER"},"content":{"rendered":"\n<p class=\"wp-block-paragraph\">Banderazo de salida programa Luci\u00e9rnagas 1350AM, presentes la Secretaria de las Mujeres, Citlalli Hern\u00e1ndez, Fernando Chamizo, titular del Instituto Mexicano de la Radio y la escritora Elena Poniatowska.<\/p>\n\n\n\n<p class=\"wp-block-paragraph\">La transmisi\u00f3n ser\u00e1 a trav\u00e9s de \u201cRadio Luci\u00e9rnagas\u201d (1350 de A.M), en donde la secretaria de las Mujeres, Citlalli Hern\u00e1ndez Mora, as\u00ed como las subsecretarias y directoras, participar\u00e1n, a partir de este lunes 2 de marzo, de lunes a viernes con temas de inter\u00e9s p\u00fablico<\/p>\n\n\n\n<p class=\"wp-block-paragraph\">Este espacio contar\u00e1 con entrevistas,&nbsp; c\u00e1psulas informativas, historias, intervenciones de especialistas, todo desde las 09:00 a las 11:00&nbsp;horas<\/p>\n\n\n\n<p class=\"wp-block-paragraph\">Redacci\u00f3n<\/p>\n\n\n\n<p class=\"wp-block-paragraph\">SemM\u00e9xico, Cd. de M\u00e9xico, 4 de marzo, 2026.- Con la intenci\u00f3n de expandir el conocimiento sobre la perspectiva de g\u00e9nero, erradicar la violencia hacia las mujeres y promover la igualdad sustantiva, la Secretar\u00eda de las Mujeres en colaboraci\u00f3n con el Instituto Mexicano de la Radio (IMER), echan a andar el programa \u201cNos Toca\u201d.<\/p>\n\n\n\n<p class=\"wp-block-paragraph\">La transmisi\u00f3n ser\u00e1 a trav\u00e9s de \u201cRadio Luci\u00e9rnagas\u201d (1350 de A.M), en donde la secretaria de las Mujeres, Citlalli Hern\u00e1ndez Mora, as\u00ed como las subsecretarias y directoras, participar\u00e1n, a partir de este lunes 2 de marzo y de manera permanente, de lunes a viernes.<\/p>\n\n\n\n<p class=\"wp-block-paragraph\">Los temas que tratar\u00e1 la Secretar\u00eda de las Mujeres estar\u00e1n relacionados con la&nbsp; Igualdad sustantiva, prevenci\u00f3n de las violencias, pol\u00edticas de bienestar para las mujeres, el beneficio en el territorio, acceso a derechos, beneficio para las mujeres en el pa\u00eds, y cambio cultural en medios de comunicaci\u00f3n.<\/p>\n\n\n\n<p class=\"wp-block-paragraph\">En la puesta en marcha de \u00e9ste ambicioso proyecto, que se llev\u00f3 a cabo en la cabina A del IMER, la secretaria de las Mujeres, Citlalli Hern\u00e1ndez Mora mencion\u00f3 que \u201cRadio Luci\u00e9rnagas\u201d, es una emisi\u00f3n completamente con programaci\u00f3n con perspectiva de g\u00e9nero, resultado del tiempo que vive M\u00e9xico quien tiene a la primera mujer Presidenta.<\/p>\n\n\n\n<p class=\"wp-block-paragraph\">\u201cEs un programa que ser\u00e1 plural, diverso, creativo e inteligente. Me parece que comunicar a trav\u00e9s de la radio es retador, esta primera emisi\u00f3n movi\u00f3 emociones en todos los sentidos para quien lo vimos pero tambi\u00e9n para quienes lo escuchamos\u201d, coment\u00f3.&nbsp;<\/p>\n\n\n\n<p class=\"wp-block-paragraph\">Hern\u00e1ndez Mora indic\u00f3 que este espacio pondr\u00e1 en la discusi\u00f3n p\u00fablica los logros alcanzados y se\u00f1alar\u00e1 los pendientes en este tema.<\/p>\n\n\n\n<p class=\"wp-block-paragraph\">Este espacio contar\u00e1 con entrevistas,&nbsp; c\u00e1psulas informativas, historias, intervenciones de especialistas, todo desde las 09:00 a las 10:30 hrs.<\/p>\n\n\n\n<p class=\"wp-block-paragraph\">En la presentaci\u00f3n del programa estuvieron presentes figuras como la escritora Elena Poniatowska; Mar\u00eda Elena Esparza Guevara, Coordinadora del programa de Autonom\u00eda Econ\u00f3mica de la Secretar\u00eda de las Mujeres de la Ciudad de M\u00e9xico; Cynthia Franco, entre otras personalidades, quienes disfrutaron de m\u00fasica en vivo, performance y entrevistas en vivo.<\/p>\n","protected":false},"excerpt":{"rendered":"<p>Banderazo de salida programa Luci\u00e9rnagas 1350AM, presentes la Secretaria de las Mujeres, Citlalli Hern\u00e1ndez, Fernando Chamizo, titular del Instituto Mexicano de la Radio y la escritora Elena Poniatowska. La transmisi\u00f3n ser\u00e1 a trav\u00e9s de \u201cRadio Luci\u00e9rnagas\u201d (1350 de A.M), en donde la secretaria de las Mujeres, Citlalli Hern\u00e1ndez Mora, as\u00ed como las subsecretarias y directoras, [&hellip;]<\/p>\n","protected":false},"author":3,"featured_media":103296,"comment_status":"open","ping_status":"open","sticky":false,"template":"","format":"standard","meta":{"_monsterinsights_skip_tracking":false,"footnotes":""},"categories":[205,27],"tags":[],"class_list":["post-103295","post","type-post","status-publish","format-standard","has-post-thumbnail","category-8-de-marzo","category-cobertura-especial"],"_links":{"self":[{"href":"https:\/\/redsemlac.com\/semmexico\/wp-json\/wp\/v2\/posts\/103295","targetHints":{"allow":["GET"]}}],"collection":[{"href":"https:\/\/redsemlac.com\/semmexico\/wp-json\/wp\/v2\/posts"}],"about":[{"href":"https:\/\/redsemlac.com\/semmexico\/wp-json\/wp\/v2\/types\/post"}],"author":[{"embeddable":true,"href":"https:\/\/redsemlac.com\/semmexico\/wp-json\/wp\/v2\/users\/3"}],"replies":[{"embeddable":true,"href":"https:\/\/redsemlac.com\/semmexico\/wp-json\/wp\/v2\/comments?post=103295"}],"version-history":[{"count":0,"href":"https:\/\/redsemlac.com\/semmexico\/wp-json\/wp\/v2\/posts\/103295\/revisions"}],"wp:featuredmedia":[{"embeddable":true,"href":"https:\/\/redsemlac.com\/semmexico\/wp-json\/wp\/v2\/media\/103296"}],"wp:attachment":[{"href":"https:\/\/redsemlac.com\/semmexico\/wp-json\/wp\/v2\/media?parent=103295"}],"wp:term":[{"taxonomy":"category","embeddable":true,"href":"https:\/\/redsemlac.com\/semmexico\/wp-json\/wp\/v2\/categories?post=103295"},{"taxonomy":"post_tag","embeddable":true,"href":"https:\/\/redsemlac.com\/semmexico\/wp-json\/wp\/v2\/tags?post=103295"}],"curies":[{"name":"wp","href":"https:\/\/api.w.org\/{rel}","templated":true}]}}