{"id":10327,"date":"2019-07-30T19:48:26","date_gmt":"2019-07-30T19:48:26","guid":{"rendered":"https:\/\/redsemlac.com\/semmexico\/?p=10327"},"modified":"2023-07-21T14:51:59","modified_gmt":"2023-07-21T19:51:59","slug":"descalificar-a-periodistas-y-personas-defensoras-genera-ambientes-hostiles-considera-cndh","status":"publish","type":"post","link":"https:\/\/redsemlac.com\/semmexico\/descalificar-a-periodistas-y-personas-defensoras-genera-ambientes-hostiles-considera-cndh\/","title":{"rendered":"Descalificar a periodistas y personas defensoras genera ambientes hostiles, considera CNDH"},"content":{"rendered":"\n<p class=\"wp-block-paragraph\"> <strong>Formar eficazmente en derechos humanos a quienes ejercen un cargo p\u00fablico, demando Gonz\u00e1lez P\u00e9rez.<\/strong> <\/p>\n\n\n\n<p class=\"wp-block-paragraph\"><strong>Elda Montiel&nbsp;<\/strong><\/p>\n\n\n\n<p class=\"wp-block-paragraph\">SemM\u00e9xico. Cd. de M\u00e9xico. 30 de julio de 2019.- Descalificar a periodistas, a personas defensoras de los Derechos Humanos y a organizaciones de la sociedad civil por parte de altos servidores p\u00fablicos genera ambientes hostiles y puede interpretarse como permiso para la agresi\u00f3n de los mismos.&nbsp;<\/p>\n\n\n\n<p class=\"wp-block-paragraph\">As\u00ed lo consider\u00f3, el ombudsperson nacional, Luis Ra\u00fal Gonz\u00e1lez P\u00e9rez, al participar en la presentaci\u00f3n del Diagn\u00f3stico de la Oficina de ONU-Derechos Humanos sobre la operaci\u00f3n del Mecanismo de Protecci\u00f3n de Personas Defensoras de Derechos Humanos y Periodistas.&nbsp;&nbsp;<\/p>\n\n\n\n<p class=\"wp-block-paragraph\">El presidente de la Comisi\u00f3n Nacional de los Derechos Humanos (CNDH), se\u00f1al\u00f3 que la libertad de expresi\u00f3n de los servidores p\u00fablicos tiene restricciones, una de las cuales es hacer uso de ella con pleno respeto a las opiniones diversas ante el riesgo de generar ataques contra periodistas por los sectores que vean las descalificaciones como permiso para agredir a la prensa y a las personas y organizaciones defensoras de derechos humanos.<\/p>\n\n\n\n<p class=\"wp-block-paragraph\">Gonz\u00e1lez P\u00e9rez, destac\u00f3 que resulta parad\u00f3jico que muchas de las agresiones provengan de elementos de instituciones representadas en la Junta de Gobierno del Mecanismo, cuando este debe contar con mejoramiento constante en sus procesos, presupuesto adecuado para hacer efectiva la protecci\u00f3n, personal capacitado y suficiente para atender a esos grupos poblacionales y ofrecerles la atenci\u00f3n y respaldo de quienes en \u00e9l laboran.<\/p>\n\n\n\n<p class=\"wp-block-paragraph\">Expres\u00f3 que la cr\u00edtica constructiva y el mejoramiento constante de las instituciones es parte fundamental del fortalecimiento democr\u00e1tico que requiere nuestro pa\u00eds, por lo que las personas defensoras y los comunicadores \u201cno debemos ser vistos como enemigos del Estado y sus instituciones\u201d.<\/p>\n\n\n\n<p class=\"wp-block-paragraph\">Por el contrario, todos nosotros deseamos vivir en un pa\u00eds democr\u00e1tico y con instituciones s\u00f3lidas, y es por ello nuestro trabajo constante en se\u00f1alar deficiencias, violaciones de los derechos humanos y, en general, oportunidades y formas de mejorar el servicio p\u00fablico en beneficio de todas y todos nosotros\u201d.<\/p>\n\n\n\n<p class=\"wp-block-paragraph\">Record\u00f3 que el Mecanismo de Protecci\u00f3n surgi\u00f3 como medida extraordinaria para atender una situaci\u00f3n tambi\u00e9n extraordinaria, y que no es ni tiene por qu\u00e9 ser la soluci\u00f3n a los problemas de riesgo e inseguridad que enfrentan periodistas y personas defensoras en el pa\u00eds.<\/p>\n\n\n\n<p class=\"wp-block-paragraph\">La soluci\u00f3n habr\u00e1 de encontrarse si se atiende un problema multifactorial que pase necesariamente por disminuir la violencia e inseguridad que azotan algunas regiones del pa\u00eds.<\/p>\n\n\n\n<p class=\"wp-block-paragraph\">Abatir la impunidad lacerante y formar eficazmente en derechos humanos a quienes ejercen un cargo p\u00fablico, lo que representa un reto de gran calado pero necesario para mejorar la situaci\u00f3n que se enfrenta.<\/p>\n\n\n\n<p class=\"wp-block-paragraph\">Se refiri\u00f3 a que mejorar los procesos de atenci\u00f3n de los periodistas, y defensores permitir\u00e1, en muchos de los casos, salvar vidas y proteger la integridad f\u00edsica y emocional de dichas personas, de ah\u00ed la relevancia de su revisi\u00f3n y mejora constante de los Mecanismos de Protecci\u00f3n.&nbsp;<\/p>\n\n\n\n<p class=\"wp-block-paragraph\">Hizo notar que los se\u00f1alamientos y descalificaciones provenientes de altos funcionarios del Estado muestran el agravamiento en muchos casos de las condiciones que dieron origen al Mecanismo para la Protecci\u00f3n de Personas Defensoras de Derechos Humanos y Periodistas.<\/p>\n\n\n\n<p class=\"wp-block-paragraph\">Record\u00f3 que en 2016 la CNDH dio a conocer la Recomendaci\u00f3n General 24 \u201cSobre el ejercicio de la libertad de expresi\u00f3n en M\u00e9xico\u201d y la Recomendaci\u00f3n General 25 \u201cSobre agravios a personas defensoras de derechos humanos\u201d, y una de las autoridades recomendadas fue el Mecanismo de Protecci\u00f3n.<\/p>\n\n\n\n<p class=\"wp-block-paragraph\">Por lo que, como parte del esfuerzo de an\u00e1lisis y evaluaci\u00f3n, dicho instrumento debe definir si ha dado cumplimiento a dichos documentos.&nbsp;<\/p>\n\n\n\n<p class=\"wp-block-paragraph\">Expres\u00f3 la importancia de hallar canales claros y confiables de comunicaci\u00f3n con los gobiernos locales, ya que buena parte de las agresiones contra periodistas y personas defensoras son delitos del fuero com\u00fan.<\/p>\n\n\n\n<p class=\"wp-block-paragraph\">La Secretaria de Gobernaci\u00f3n, Olga S\u00e1nchez Cordero, se\u00f1al\u00f3 que no se debe escatimar ning\u00fan recurso en la defensa de personas activistas y trabajadores de los medios de comunicaci\u00f3n.<\/p>\n\n\n\n<p class=\"wp-block-paragraph\">Refrend\u00f3 el compromiso de la presente administraci\u00f3n gubernamental para generar un ambiente en el que puedan ejercer libremente su actividad y asegur\u00f3 que el Diagn\u00f3stico ser\u00e1 tomado en cuenta para cumplir con la responsabilidad del Estado en esa materia.<\/p>\n\n\n\n<p class=\"wp-block-paragraph\">Mientras que Jes\u00fas Ram\u00edrez Cuevas, vocero del Gobierno de la Rep\u00fablica, se\u00f1al\u00f3 que es importante que el Mecanismo de Protecci\u00f3n de Periodistas y Defensores sea considerado como instrumento de Estado que involucre a todas las entidades federativas, y a los organismos no gubernamentales y aut\u00f3nomos.<\/p>\n\n\n\n<p class=\"wp-block-paragraph\">Por lo que se ofreci\u00f3 fortalecerlo y ampliar su mandato, adem\u00e1s de trabajar en propuestas en materia de comunicaci\u00f3n social y en la defensa de los derechos humanos.<\/p>\n\n\n\n<p class=\"wp-block-paragraph\">Durante la presentaci\u00f3n del Diagnostico estuvo presente el Representante Adjunto en M\u00e9xico de ONU-DH, Jes\u00fas Pe\u00f1a Palacios, as\u00ed como el Presidente del Consejo Consultivo del Mecanismo, Alberto Xicot\u00e9ncatl Carrasco.<\/p>\n\n\n\n<p class=\"wp-block-paragraph\">As\u00ed como el Fiscal General de la Rep\u00fablica, Alejandro Gertz Manero, el titular de la Comisi\u00f3n de Derechos Humanos de la CONAGO, Gobernador de Coahuila, Miguel \u00c1ngel Riquelme Sol\u00eds.<\/p>\n\n\n\n<p class=\"wp-block-paragraph\">La Subprocuradora de Derechos Humanos y Prevenci\u00f3n del Delito de la FGR, Sara Irene Herrer\u00edas, la Presidenta de la Comisi\u00f3n de Derechos Humanos del Senado, Kenia L\u00f3pez Rabad\u00e1n, el Subsecretario de Derechos Humanos, Poblaci\u00f3n y Migraci\u00f3n de la SEGOB, Alejandro Encinas Rodr\u00edguez; el titular de la Unidad para los Derechos Humanos de la SEGOB, Aar\u00f3n Mastache Mondrag\u00f3n, y el Subsecretario de Seguridad y Participaci\u00f3n Ciudadana de la SSPC, Ricardo Mej\u00eda Berdeja.<\/p>\n","protected":false},"excerpt":{"rendered":"<p>Formar eficazmente en derechos humanos a quienes ejercen un cargo p\u00fablico, demando Gonz\u00e1lez P\u00e9rez.<\/p>\n","protected":false},"author":3,"featured_media":10328,"comment_status":"open","ping_status":"open","sticky":false,"template":"","format":"standard","meta":{"_monsterinsights_skip_tracking":false,"footnotes":""},"categories":[690,51],"tags":[],"class_list":["post-10327","post","type-post","status-publish","format-standard","has-post-thumbnail","category-690","category-ejecutivo"],"_links":{"self":[{"href":"https:\/\/redsemlac.com\/semmexico\/wp-json\/wp\/v2\/posts\/10327","targetHints":{"allow":["GET"]}}],"collection":[{"href":"https:\/\/redsemlac.com\/semmexico\/wp-json\/wp\/v2\/posts"}],"about":[{"href":"https:\/\/redsemlac.com\/semmexico\/wp-json\/wp\/v2\/types\/post"}],"author":[{"embeddable":true,"href":"https:\/\/redsemlac.com\/semmexico\/wp-json\/wp\/v2\/users\/3"}],"replies":[{"embeddable":true,"href":"https:\/\/redsemlac.com\/semmexico\/wp-json\/wp\/v2\/comments?post=10327"}],"version-history":[{"count":0,"href":"https:\/\/redsemlac.com\/semmexico\/wp-json\/wp\/v2\/posts\/10327\/revisions"}],"wp:featuredmedia":[{"embeddable":true,"href":"https:\/\/redsemlac.com\/semmexico\/wp-json\/wp\/v2\/media\/10328"}],"wp:attachment":[{"href":"https:\/\/redsemlac.com\/semmexico\/wp-json\/wp\/v2\/media?parent=10327"}],"wp:term":[{"taxonomy":"category","embeddable":true,"href":"https:\/\/redsemlac.com\/semmexico\/wp-json\/wp\/v2\/categories?post=10327"},{"taxonomy":"post_tag","embeddable":true,"href":"https:\/\/redsemlac.com\/semmexico\/wp-json\/wp\/v2\/tags?post=10327"}],"curies":[{"name":"wp","href":"https:\/\/api.w.org\/{rel}","templated":true}]}}