{"id":103250,"date":"2026-03-04T12:11:32","date_gmt":"2026-03-04T18:11:32","guid":{"rendered":"https:\/\/redsemlac.com\/semmexico\/?p=103250"},"modified":"2026-03-04T12:11:33","modified_gmt":"2026-03-04T18:11:33","slug":"en-la-costa-chica-colectivo-inicia-busqueda-de-desapariciones-la-primera-de-2026","status":"publish","type":"post","link":"https:\/\/redsemlac.com\/semmexico\/en-la-costa-chica-colectivo-inicia-busqueda-de-desapariciones-la-primera-de-2026\/","title":{"rendered":"En la Costa Chica colectivo inicia b\u00fasqueda de desapariciones la primera de 2026"},"content":{"rendered":"\n<p class=\"wp-block-paragraph\">&nbsp;M\u00f3nica Hern\u00e1ndez Castro<\/p>\n\n\n\n<p class=\"wp-block-paragraph\">SemM\u00e9xico\/ CEPROVYSA.COM,&nbsp; Acapulco, Guerrero., 4 de marzo, 2026.-&nbsp; El Colectivo Memoria, Verdad y Justicia por la Vida y la Libertad coloc\u00f3 este d\u00eda 40 fichas de b\u00fasqueda de personas desaparecidas con lo que inicia la Primera B\u00fasqueda de este 2026 en la Costa Chica de Guerrero.<\/p>\n\n\n\n<p class=\"wp-block-paragraph\"><br>El Colectivo es acompa\u00f1ado por la Comisi\u00f3n Nacional de B\u00fasqueda del Estado y de la Federaci\u00f3n, as\u00ed como por la Fiscal\u00eda General de la Rep\u00fablica.<\/p>\n\n\n\n<p class=\"wp-block-paragraph\"><br>De acuerdo a Socorro Gil Guzm\u00e1n, integrante de este Colectivo, la jornada durar\u00e1 5 d\u00edas y pretende recorrer varios municipios de esta regi\u00f3n.<\/p>\n\n\n\n<p class=\"wp-block-paragraph\"><br>Agreg\u00f3 que los municipios que recorrer\u00e1n esta semana son: Ometepec, Marquelia, Tecoanapa, Ayutla y Azoy\u00fa y que se pretende colocar en esos lugares 300 fichas con fotograf\u00edas de las y los desaparecidos.<\/p>\n\n\n\n<p class=\"wp-block-paragraph\">Coment\u00f3 que en cada cabecera municipal, en un \u00e1rbol, colocan las fichas y que piden a la ciudadan\u00eda su colaboraci\u00f3n para dar con el paradero de sus familiares.<\/p>\n","protected":false},"excerpt":{"rendered":"<p>&nbsp;M\u00f3nica Hern\u00e1ndez Castro SemM\u00e9xico\/ CEPROVYSA.COM,&nbsp; Acapulco, Guerrero., 4 de marzo, 2026.-&nbsp; El Colectivo Memoria, Verdad y Justicia por la Vida y la Libertad coloc\u00f3 este d\u00eda 40 fichas de b\u00fasqueda de personas desaparecidas con lo que inicia la Primera B\u00fasqueda de este 2026 en la Costa Chica de Guerrero. El Colectivo es acompa\u00f1ado por la [&hellip;]<\/p>\n","protected":false},"author":3,"featured_media":103251,"comment_status":"open","ping_status":"open","sticky":false,"template":"","format":"standard","meta":{"_monsterinsights_skip_tracking":false,"footnotes":""},"categories":[700],"tags":[],"class_list":["post-103250","post","type-post","status-publish","format-standard","has-post-thumbnail","category-estados"],"_links":{"self":[{"href":"https:\/\/redsemlac.com\/semmexico\/wp-json\/wp\/v2\/posts\/103250","targetHints":{"allow":["GET"]}}],"collection":[{"href":"https:\/\/redsemlac.com\/semmexico\/wp-json\/wp\/v2\/posts"}],"about":[{"href":"https:\/\/redsemlac.com\/semmexico\/wp-json\/wp\/v2\/types\/post"}],"author":[{"embeddable":true,"href":"https:\/\/redsemlac.com\/semmexico\/wp-json\/wp\/v2\/users\/3"}],"replies":[{"embeddable":true,"href":"https:\/\/redsemlac.com\/semmexico\/wp-json\/wp\/v2\/comments?post=103250"}],"version-history":[{"count":0,"href":"https:\/\/redsemlac.com\/semmexico\/wp-json\/wp\/v2\/posts\/103250\/revisions"}],"wp:featuredmedia":[{"embeddable":true,"href":"https:\/\/redsemlac.com\/semmexico\/wp-json\/wp\/v2\/media\/103251"}],"wp:attachment":[{"href":"https:\/\/redsemlac.com\/semmexico\/wp-json\/wp\/v2\/media?parent=103250"}],"wp:term":[{"taxonomy":"category","embeddable":true,"href":"https:\/\/redsemlac.com\/semmexico\/wp-json\/wp\/v2\/categories?post=103250"},{"taxonomy":"post_tag","embeddable":true,"href":"https:\/\/redsemlac.com\/semmexico\/wp-json\/wp\/v2\/tags?post=103250"}],"curies":[{"name":"wp","href":"https:\/\/api.w.org\/{rel}","templated":true}]}}