{"id":103243,"date":"2026-03-04T12:09:43","date_gmt":"2026-03-04T18:09:43","guid":{"rendered":"https:\/\/redsemlac.com\/semmexico\/?p=103243"},"modified":"2026-03-04T12:09:44","modified_gmt":"2026-03-04T18:09:44","slug":"apoya-el-cieg-creacion-de-entornos-mas-igualitarios-amneris-chaparro-presenta-su-primer-informe","status":"publish","type":"post","link":"https:\/\/redsemlac.com\/semmexico\/apoya-el-cieg-creacion-de-entornos-mas-igualitarios-amneris-chaparro-presenta-su-primer-informe\/","title":{"rendered":"Apoya el CIEG creaci\u00f3n de entornos m\u00e1s igualitarios: Amneris Chaparro , presenta\u00a0 su primer informe"},"content":{"rendered":"\n<p class=\"wp-block-paragraph\">Producci\u00f3n editorial s\u00f3lida.&nbsp;Foto: V\u00edctor Hugo S\u00e1nchez.<\/p>\n\n\n\n<p class=\"wp-block-paragraph\">Se instaur\u00f3 el Seminario de Estudios de G\u00e9nero como un espacio permanente de intercambio cr\u00edtico y generaci\u00f3n de conocimiento<\/p>\n\n\n\n<p class=\"wp-block-paragraph\">Mar\u00eda Guadalupe Lugo Garc\u00eda*&nbsp; &nbsp;<\/p>\n\n\n\n<p class=\"wp-block-paragraph\">SemM\u00e9xico, Cd. de&nbsp; M\u00e9xico, 4 de marzo, 2026.-A nueve a\u00f1os de su creaci\u00f3n, el Centro de Investigaciones y Estudios de G\u00e9nero (CIEG), a\u00fan se encuentra en proceso de fortalecimiento, \u201cy sin una administraci\u00f3n s\u00f3lida no ser\u00edamos capaces de realizar las acciones sustantivas de la Universidad\u201d, afirm\u00f3 la directora de la entidad acad\u00e9mica, Amneris Chaparro Mart\u00ednez.<\/p>\n\n\n\n<p class=\"wp-block-paragraph\">En ese sentido, reconoci\u00f3 que el quehacer a su cargo es posible gracias al compromiso y a la excelencia de su comunidad. Cada avance institucional refleja el trabajo colectivo de quienes lo integran y su vocaci\u00f3n por contribuir desde la UNAM a la construcci\u00f3n de entornos m\u00e1s justos e igualitarios.<\/p>\n\n\n\n<p class=\"wp-block-paragraph\">Al presentar su primer informe de trabajo 2025, en presencia del coordinador de Humanidades, Miguel Armando L\u00f3pez Leyva, se\u00f1al\u00f3 que en ese periodo la comunidad del Centro estuvo integrada por 46 personas: 15 acad\u00e9micas y acad\u00e9micos, y 31 del personal administrativo.<\/p>\n\n\n\n<p class=\"wp-block-paragraph\">Resalt\u00f3 que con la finalidad de identificar fortalezas y necesidades del CIEG, se efectu\u00f3 \u201cun diagn\u00f3stico interno que incorpor\u00f3 la perspectiva de distintos actores de la fuerza de trabajo institucional, mediante dos instrumentos diferenciados: uno para el personal acad\u00e9mico y otro el administrativo, ello nos permiti\u00f3 recuperar una visi\u00f3n integral sobre el funcionamiento del CIEG, sus procesos institucionales y sus \u00e1reas de oportunidad\u201d.<\/p>\n\n\n\n<p class=\"wp-block-paragraph\">En el Auditorio Mario de la Cueva de la Torre II de Humanidades, Amneris Chaparro indic\u00f3 que en 2025 el Centro cont\u00f3 con 19 plazas acad\u00e9micas: 11 de investigaci\u00f3n y 8 de t\u00e9cnicos acad\u00e9micos, \u201cque dieron sustento al desarrollo de las funciones fundamentales del CIEG y que le permitieron tener una presencia s\u00f3lida en espacios de incidencia acad\u00e9mica y social\u201d Adem\u00e1s, ocho personas investigadoras y t\u00e9cnicas acad\u00e9micas pertenecen al SNII: una en el nivel III; otra m\u00e1s el II; seis en el I, adem\u00e1s de una candidata.<\/p>\n\n\n\n<p class=\"wp-block-paragraph\">Como parte de los principales avances en investigaci\u00f3n resalt\u00f3 la creaci\u00f3n de la Comisi\u00f3n de Agenda de Investigaci\u00f3n del CIEG, que se encarga de orientar la pol\u00edtica en este rubro mediante la definici\u00f3n de l\u00edneas prioritarias, objetivos y actividades a corto, mediano y largo plazos.<\/p>\n\n\n\n<p class=\"wp-block-paragraph\">\u201cPor primera vez, en enero de 2026, el Centro celebr\u00f3 elecciones para renovar el Consejo Interno; tambi\u00e9n, se instaur\u00f3 el Seminario de Estudios de G\u00e9nero como un espacio permanente de intercambio cr\u00edtico, generaci\u00f3n de conocimiento y di\u00e1logo acad\u00e9mico; un \u00e1rea de convergencia, descentralizada y de alcance internacional, de la cual carec\u00eda la entidad acad\u00e9mica\u201d.<\/p>\n\n\n\n<p class=\"wp-block-paragraph\">En el periodo que se informa, detall\u00f3, se desarrollaron 14 proyectos de investigaci\u00f3n: 12 individuales, uno de ellos con financiamiento PAPIIT, y dos colectivos. Adem\u00e1s, se particip\u00f3 en 13 interinstitucionales, nueve en colaboraci\u00f3n con otras entidades de la UNAM y cuatro con universidades internacionales \u201311 de estos est\u00e1n vigentes\u2013. Abordan temas como feminismo, pol\u00edtica sexual, masculinidades, arte, educaci\u00f3n superior, literatura, salud y biomedicina.<\/p>\n\n\n\n<p class=\"wp-block-paragraph\">La producci\u00f3n acad\u00e9mica del CIEG sum\u00f3 50 publicaciones: ocho libros, nueve cap\u00edtulos de libros, 16 art\u00edculos especializados, tres pr\u00f3logos, dos rese\u00f1as, tres memorias e informes colectivos, seis art\u00edculos de divulgaci\u00f3n y tres de opini\u00f3n; adem\u00e1s, se publicaron cinco n\u00fameros del&nbsp;<em>Bolet\u00edn Materia Memorable<\/em>&nbsp;y cuatro del&nbsp;<em>Bolet\u00edn N\u00fameros y G\u00e9nero<\/em>.<\/p>\n\n\n\n<p class=\"wp-block-paragraph\">Asimismo, dijo, se mantuvo una producci\u00f3n editorial s\u00f3lida y orientada al acceso abierto con la publicaci\u00f3n de 22 nuevos t\u00edtulos: siete impresos, nueve en e PUB y seis de acceso abierto. Tambi\u00e9n se reimprimieron cuatro obras de cat\u00e1logo.<\/p>\n\n\n\n<p class=\"wp-block-paragraph\">Miguel Armando L\u00f3pez Leyva reconoci\u00f3 que, el CIEG \u2013desde su fundaci\u00f3n como Programa Universitario de Estudios de G\u00e9nero, en 1992, y su posterior transformaci\u00f3n, hace casi 10 a\u00f1os, en Centro\u2013 ha sido protagonista y testigo de transformaciones vinculadas con la ampliaci\u00f3n de derechos, a la vez que ha estudiado y se ha pronunciado frente a fuertes reacciones en contra de esos avances.<\/p>\n\n\n\n<p class=\"wp-block-paragraph\">Esta comunidad, asegur\u00f3, ha cumplido el compromiso de enriquecer el debate especializado, promover la transversalizaci\u00f3n de la perspectiva de g\u00e9nero y fomentar un di\u00e1logo transformador con la sociedad, de cara a los retos a\u00fan presentes en un ambiente mundial complejo.<\/p>\n\n\n\n<p class=\"wp-block-paragraph\">*Reportera de la Gaceta Universitaria<\/p>\n","protected":false},"excerpt":{"rendered":"<p>Producci\u00f3n editorial s\u00f3lida.&nbsp;Foto: V\u00edctor Hugo S\u00e1nchez. Se instaur\u00f3 el Seminario de Estudios de G\u00e9nero como un espacio permanente de intercambio cr\u00edtico y generaci\u00f3n de conocimiento Mar\u00eda Guadalupe Lugo Garc\u00eda*&nbsp; &nbsp; SemM\u00e9xico, Cd. de&nbsp; M\u00e9xico, 4 de marzo, 2026.-A nueve a\u00f1os de su creaci\u00f3n, el Centro de Investigaciones y Estudios de G\u00e9nero (CIEG), a\u00fan se encuentra [&hellip;]<\/p>\n","protected":false},"author":3,"featured_media":103244,"comment_status":"open","ping_status":"open","sticky":false,"template":"","format":"standard","meta":{"_monsterinsights_skip_tracking":false,"footnotes":""},"categories":[748],"tags":[],"class_list":["post-103243","post","type-post","status-publish","format-standard","has-post-thumbnail","category-cultura-feminista"],"_links":{"self":[{"href":"https:\/\/redsemlac.com\/semmexico\/wp-json\/wp\/v2\/posts\/103243","targetHints":{"allow":["GET"]}}],"collection":[{"href":"https:\/\/redsemlac.com\/semmexico\/wp-json\/wp\/v2\/posts"}],"about":[{"href":"https:\/\/redsemlac.com\/semmexico\/wp-json\/wp\/v2\/types\/post"}],"author":[{"embeddable":true,"href":"https:\/\/redsemlac.com\/semmexico\/wp-json\/wp\/v2\/users\/3"}],"replies":[{"embeddable":true,"href":"https:\/\/redsemlac.com\/semmexico\/wp-json\/wp\/v2\/comments?post=103243"}],"version-history":[{"count":0,"href":"https:\/\/redsemlac.com\/semmexico\/wp-json\/wp\/v2\/posts\/103243\/revisions"}],"wp:featuredmedia":[{"embeddable":true,"href":"https:\/\/redsemlac.com\/semmexico\/wp-json\/wp\/v2\/media\/103244"}],"wp:attachment":[{"href":"https:\/\/redsemlac.com\/semmexico\/wp-json\/wp\/v2\/media?parent=103243"}],"wp:term":[{"taxonomy":"category","embeddable":true,"href":"https:\/\/redsemlac.com\/semmexico\/wp-json\/wp\/v2\/categories?post=103243"},{"taxonomy":"post_tag","embeddable":true,"href":"https:\/\/redsemlac.com\/semmexico\/wp-json\/wp\/v2\/tags?post=103243"}],"curies":[{"name":"wp","href":"https:\/\/api.w.org\/{rel}","templated":true}]}}