{"id":103239,"date":"2026-03-04T12:07:17","date_gmt":"2026-03-04T18:07:17","guid":{"rendered":"https:\/\/redsemlac.com\/semmexico\/?p=103239"},"modified":"2026-03-04T12:07:18","modified_gmt":"2026-03-04T18:07:18","slug":"director-de-transito-de-iguala-es-detenido-por-la-fgr-por-presunto-vinculo-en-la-desaparicion-de-los-43-normalistas-de-ayotzinapa","status":"publish","type":"post","link":"https:\/\/redsemlac.com\/semmexico\/director-de-transito-de-iguala-es-detenido-por-la-fgr-por-presunto-vinculo-en-la-desaparicion-de-los-43-normalistas-de-ayotzinapa\/","title":{"rendered":"Director de Tr\u00e1nsito de Iguala es detenido por la FGR por presunto v\u00ednculo en la desaparici\u00f3n de los 43 normalistas de Ayotzinapa"},"content":{"rendered":"\n<p class=\"wp-block-paragraph\">&nbsp;Isabel Ortega Morales<\/p>\n\n\n\n<p class=\"wp-block-paragraph\">SemM\u00e9xico\/ CEPROVYSA.COM\/ SURIANA RADIO,&nbsp; Chilpancingo, Guerrero., 4 de marzo, 2026.- Mauro Antonio Mosso Ben\u00edtez, Director de Tr\u00e1nsito del municipio de Iguala, fue detenido se\u00f1alado por involucramiento en los hechos de desaparici\u00f3n de los 43 estudiantes de Ayotzinapa en septiembre de 2014 en esa ciudad del norte de Guerrero y presunto v\u00ednculo con la delincuencia organizada.<\/p>\n\n\n\n<p class=\"wp-block-paragraph\"><br>De acuerdo a datos del Gabinete de Seguridad, la acci\u00f3n fue ejecutada con una base de \u201cdatos de prueba suficientes que fueron presentados ante un juez de control, quien otorg\u00f3 la orden de cateo para intervenir un inmueble ubicado en el Fraccionamiento Villas del Rey, en el municipio de Iguala\u201d, y llevada a cabo por elementos de la Secretar\u00eda de Seguridad Ciudadana, Marina, Ej\u00e9rcito y Guardia Nacional.<\/p>\n\n\n\n<p class=\"wp-block-paragraph\"><br>El ahora ex director de Tr\u00e1nsito de esa ciudad, est\u00e1 se\u00f1alado, seg\u00fan esta fuente federal de haber usado un equipo telef\u00f3nico que habr\u00eda pertenecido a uno de los estudiantes desaparecidos en los hechos de 26 y 27 de septiembre de 2014.<\/p>\n\n\n\n<p class=\"wp-block-paragraph\">De acuerdo al gabinete de seguridad esta acci\u00f3n responde al \u201cResultado de trabajos de investigaci\u00f3n y seguimiento, elementos de la Secretar\u00eda de Seguridad y Protecci\u00f3n Ciudadana (SSPC), y de la Fiscal\u00eda General de la Rep\u00fablica (FGR), en coordinaci\u00f3n con la Secretar\u00eda de la Defensa Nacional (DEFENSA), Secretar\u00eda de Marina-Armada de M\u00e9xico (SEMAR), y Guardia Nacional (GN) detuvieron a un hombre relacionado en el delito de delincuencia organizada\u201d.<\/p>\n\n\n\n<p class=\"wp-block-paragraph\">A Mauro Antonio Mosso Ben\u00edtez de acuerdo con los datos que trascienden, estar\u00eda relacionado presuntamente, con los hechos ocurridos contra los 43 estudiantes de la Normal Rural \u201cRa\u00fal Isidro Burgos\u201d de Ayotzinapa, en la ciudad de Iguala.<br><\/p>\n\n\n\n<p class=\"wp-block-paragraph\">La detenci\u00f3n del funcionario municipal se habr\u00eda llevado a cabo alrededor de la 2 de la ma\u00f1ana de este martes, en el fraccionamiento Villas del Rey, cuyo domicilio qued\u00f3 asegurado por el gobierno federal con sellos de la Unidad Especial de Investigaci\u00f3n y Litigaci\u00f3n para el Caso Ayotzinapa, UEILCA, de la Fiscal\u00eda General de la Rep\u00fablica, FGR.<br><\/p>\n\n\n\n<p class=\"wp-block-paragraph\">En el cateo se le fue asegurado al funcionario: Dos armas de fuego, cartuchos, un cargador, equipo de telecomunicaciones, y diversas dosis de droga.<br><\/p>\n\n\n\n<p class=\"wp-block-paragraph\">Esta ser\u00eda la primera acci\u00f3n relacionada con este caso en este a\u00f1o de 2026 y profundizar\u00eda las l\u00edneas de investigaci\u00f3n que no hab\u00edan sido dadas a conocer con anterioridad de manera p\u00fablica.<\/p>\n","protected":false},"excerpt":{"rendered":"<p>&nbsp;Isabel Ortega Morales SemM\u00e9xico\/ CEPROVYSA.COM\/ SURIANA RADIO,&nbsp; Chilpancingo, Guerrero., 4 de marzo, 2026.- Mauro Antonio Mosso Ben\u00edtez, Director de Tr\u00e1nsito del municipio de Iguala, fue detenido se\u00f1alado por involucramiento en los hechos de desaparici\u00f3n de los 43 estudiantes de Ayotzinapa en septiembre de 2014 en esa ciudad del norte de Guerrero y presunto v\u00ednculo con [&hellip;]<\/p>\n","protected":false},"author":3,"featured_media":103240,"comment_status":"open","ping_status":"open","sticky":false,"template":"","format":"standard","meta":{"_monsterinsights_skip_tracking":false,"footnotes":""},"categories":[52,682],"tags":[],"class_list":["post-103239","post","type-post","status-publish","format-standard","has-post-thumbnail","category-hombres","category-noticias"],"_links":{"self":[{"href":"https:\/\/redsemlac.com\/semmexico\/wp-json\/wp\/v2\/posts\/103239","targetHints":{"allow":["GET"]}}],"collection":[{"href":"https:\/\/redsemlac.com\/semmexico\/wp-json\/wp\/v2\/posts"}],"about":[{"href":"https:\/\/redsemlac.com\/semmexico\/wp-json\/wp\/v2\/types\/post"}],"author":[{"embeddable":true,"href":"https:\/\/redsemlac.com\/semmexico\/wp-json\/wp\/v2\/users\/3"}],"replies":[{"embeddable":true,"href":"https:\/\/redsemlac.com\/semmexico\/wp-json\/wp\/v2\/comments?post=103239"}],"version-history":[{"count":0,"href":"https:\/\/redsemlac.com\/semmexico\/wp-json\/wp\/v2\/posts\/103239\/revisions"}],"wp:featuredmedia":[{"embeddable":true,"href":"https:\/\/redsemlac.com\/semmexico\/wp-json\/wp\/v2\/media\/103240"}],"wp:attachment":[{"href":"https:\/\/redsemlac.com\/semmexico\/wp-json\/wp\/v2\/media?parent=103239"}],"wp:term":[{"taxonomy":"category","embeddable":true,"href":"https:\/\/redsemlac.com\/semmexico\/wp-json\/wp\/v2\/categories?post=103239"},{"taxonomy":"post_tag","embeddable":true,"href":"https:\/\/redsemlac.com\/semmexico\/wp-json\/wp\/v2\/tags?post=103239"}],"curies":[{"name":"wp","href":"https:\/\/api.w.org\/{rel}","templated":true}]}}