{"id":10321,"date":"2019-07-30T19:29:19","date_gmt":"2019-07-30T19:29:19","guid":{"rendered":"https:\/\/redsemlac.com\/semmexico\/?p=10321"},"modified":"2023-07-21T14:51:59","modified_gmt":"2023-07-21T19:51:59","slug":"asesinan-a-tres-personas-defensoras-del-medio-ambiente-en-el-mundo-diariamente","status":"publish","type":"post","link":"https:\/\/redsemlac.com\/semmexico\/asesinan-a-tres-personas-defensoras-del-medio-ambiente-en-el-mundo-diariamente\/","title":{"rendered":"Asesinan a tres personas defensoras del medio ambiente en el mundo diariamente"},"content":{"rendered":"\n<p class=\"wp-block-paragraph\"><strong> A nivel mundial, la cifra real probablemente fue mucho mayor, porque los casos no suelen ser documentados, y muy pocos son investigados. Resulta dif\u00edcil encontrar o verificar evidencia confiable. <\/strong><\/p>\n\n\n\n<p class=\"wp-block-paragraph\"><strong>Redacci\u00f3n\u00a0<\/strong><\/p>\n\n\n\n<p class=\"wp-block-paragraph\">SemM\u00e9xico. 30 de julio de 2019.- El a\u00f1o pasado, fueron asesinadas un promedio de m\u00e1s de tres personas por semana, al defender sus tierras y el medio ambiente de la invasi\u00f3n de industrias como la miner\u00eda, la tala y la agroindustria. Incontables m\u00e1s fueron silenciadas a trav\u00e9s de otras t\u00e1cticas dise\u00f1adas para aplastar la protesta, como arrestos, amenazas de muerte, juicios y campa\u00f1as de desprestigio.<\/p>\n\n\n\n<p class=\"wp-block-paragraph\">Por primera vez desde que Global Witness comenz\u00f3 a documentar tales asesinatos, Filipinas registr\u00f3 el mayor n\u00famero de asesinatos en todo el mundo, con 30 v\u00edctimas. El mayor aumento en la cantidad de asesinatos tuvo lugar en Guatemala, registrando en 2018 un aumento de m\u00e1s del 500% en comparaci\u00f3n con 2017.<\/p>\n\n\n\n<p class=\"wp-block-paragraph\">A nivel mundial, la cifra real probablemente fue mucho mayor, porque los casos no suelen ser documentados, y muy pocos son investigados. Resulta dif\u00edcil encontrar o verificar evidencia confiable.<\/p>\n\n\n\n<p class=\"wp-block-paragraph\">La miner\u00eda fue el sector m\u00e1s mortal, causando 43 muertes confirmadas. El 2018 tambi\u00e9n registr\u00f3 un aumento en los asesinatos relacionados con la defensa de las fuentes de agua a nivel mundial, pasando de cuatro asesinatos en 2017 a 17 en 2018. Entre los presuntos autores se encuentran la seguridad privada de las empresas, las fuerzas estatales y los asesinos a sueldo, que a veces trabajan en coalici\u00f3n.<\/p>\n\n\n\n<p class=\"wp-block-paragraph\">Este a\u00f1o, por primera vez, Global Witness tambi\u00e9n alerta sobre la criminalizaci\u00f3n de las y los activistas y sus comunidades. Evidencia presente en todos los continentes muestra que los gobiernos y las empresas est\u00e1n utilizando los tribunales y los sistemas legales de los pa\u00edses como instrumentos de opresi\u00f3n contra quienes amenazan su poder e intereses.<\/p>\n\n\n\n<p class=\"wp-block-paragraph\">Esto incluye el uso indebido de leyes existentes, dise\u00f1adas para detener terroristas o proteger la seguridad nacional, y la creaci\u00f3n de nuevas normas para prohibir la protesta o coartar la libertad de expresi\u00f3n. Esto hace que los ataques a las personas defensoras parezcan leg\u00edtimos, aumentando la probabilidad de que ocurran.<\/p>\n\n\n\n<p class=\"wp-block-paragraph\">Gran parte de la persecuci\u00f3n de las personas defensoras de la tierra y del medio ambiente est\u00e1 siendo impulsada por la demanda de tierra y de materias primas necesarias para los productos que consumimos todos los d\u00edas, como alimentos, tel\u00e9fonos m\u00f3viles o joyas.<\/p>\n\n\n\n<p class=\"wp-block-paragraph\">Como se detalla en el informe de Global Witness, por ejemplo, activistas ind\u00edgenas en Filipinas enfrentaron amenazas de muerte, fueron encarcelados y sus casas fueron demolidas por oponerse a que sus tierras fueran utilizadas para cultivar bananos para vender en los mercados globales.<\/p>\n\n\n\n<p class=\"wp-block-paragraph\">Mientras tanto, en Guatemala, el auge de la miner\u00eda, los proyectos hidroel\u00e9ctricos y los cultivos agr\u00edcolas para la exportaci\u00f3n ha provocado un aumento en los ataques contra la poblaci\u00f3n ind\u00edgena rural y ha despertado el temor de un retorno a la violencia genocida que sufri\u00f3 el pa\u00eds hace 30 a\u00f1os.<\/p>\n\n\n\n<p class=\"wp-block-paragraph\">La criminalizaci\u00f3n de personas defensoras de la tierra y el medio ambiente no se limita al Sur Global. El presidente de Estados Unidos, Donald Trump, ha concesionado tierras ind\u00edgenas a empresas de combustibles f\u00f3siles y varios estados de este pa\u00eds han aprobado nuevas leyes para reprimir las protestas. En el Reino Unido, tres manifestantes contra el fracking fueron condenados a penas de prisi\u00f3n draconianas en 2018, en un caso que ha despertado el temor de que la ley se est\u00e9 utilizando para acallar el activismo ambiental leg\u00edtimo.<\/p>\n\n\n\n<p class=\"wp-block-paragraph\">Esta tendencia solo parece empeorar. Si bien el informe de Global Witness se enfoca en los eventos de 2018, este a\u00f1o muestra se\u00f1ales desalentadoras, ya que los pol\u00edticos de todo el mundo est\u00e1n eliminando protecciones en materia ambiental y de derechos humanos, con el objetivo de promover negocios a cualquier costo. En Brasil, por ejemplo, el reciente compromiso del presidente Jair Bolsonaro de permitir la explotaci\u00f3n de reservas ind\u00edgenas para el desarrollo ya ha provocado una afluencia de acaparadores de tierras armados con motosierras y pistolas.<\/p>\n\n\n\n<p class=\"wp-block-paragraph\"><strong>Alice Harrison, encargada de campa\u00f1as de Global Witness, dijo:<\/strong><\/p>\n\n\n\n<p class=\"wp-block-paragraph\">\u00abLos ataques despiadados contra personas defensoras de la tierra y el medio ambiente siguen ocurriendo, a pesar del creciente impulso detr\u00e1s de los movimientos ambientales en todo el mundo. A medida que nos precipitamos hacia el colapso clim\u00e1tico, nunca ha sido m\u00e1s importante apoyar a quienes intentan defender su tierra y nuestro planeta de la destrucci\u00f3n imprudente impuesta por ricos y poderosos.<\/p>\n\n\n\n<p class=\"wp-block-paragraph\">\u201cEs una iron\u00eda brutal que, si bien los sistemas judiciales rutinariamente permiten que los asesinos de personas defensoras caminen libres, tambi\u00e9n est\u00e1n siendo utilizados para calificar a las y los activistas como terroristas, esp\u00edas o delincuentes peligrosos. Ambas t\u00e1cticas env\u00edan un mensaje claro a otros activistas: los riesgos de defender sus derechos son punitivos para ellos, sus familias y sus comunidades\u00bb.<\/p>\n\n\n\n<p class=\"wp-block-paragraph\"><strong>Victoria Tauli-Corpuz, Relatora Especial de las Naciones Unidas sobre los derechos de los pueblos ind\u00edgenas:<\/strong><\/p>\n\n\n\n<p class=\"wp-block-paragraph\">\u201cEn marzo de 2018, el gobierno de Filipinas me declar\u00f3 terrorista. Esto fue una represalia por haber hablado en contra de las violaciones de los derechos ind\u00edgenas en mi pa\u00eds de origen. Durante meses, viv\u00ed bajo amenaza, y no pod\u00eda regresar a casa con seguridad. Aunque desde entonces he sido eliminada de la lista, los funcionarios del gobierno contin\u00faan lanzando falsas acusaciones en mi contra.<\/p>\n\n\n\n<p class=\"wp-block-paragraph\">\u00abEste es un fen\u00f3meno que se ve en todo el mundo: las personas defensoras de la tierra y el medio ambiente son declaradas terroristas, encarceladas o golpeadas con ataques legales paralizadores, por defender sus derechos o simplemente por vivir en tierras que son codiciadas por otros\u00bb.&nbsp;<\/p>\n\n\n\n<h4 class=\"wp-block-heading\"><strong>Principales hallazgos:<\/strong><\/h4>\n\n\n\n<ul class=\"wp-block-list\"><li>En 2018 se report\u00f3 el asesinato de 164 personas defensoras de la tierra y el medio ambiente, lo que significa un promedio de m\u00e1s de tres asesinatos por semana. Muchas m\u00e1s personas defensoras fueron atacadas o encarceladas.<\/li><li>Los pa\u00edses con el mayor n\u00famero total de personas defensoras de la tierra y el medio ambiente cuyos asesinatos fueron registrados fueron Filipinas (30), seguida por Colombia (24), India (23) y Brasil (20).<\/li><li>El mayor aumento en la cantidad de asesinatos se produjo en Guatemala, con cinco veces m\u00e1s asesinatos, lo que lo convierte en uno de los pa\u00edses m\u00e1s sangrientos per c\u00e1pita, registrando 16 asesinatos.<\/li><li>La miner\u00eda fue el sector m\u00e1s mortal, con 43 personas defensoras asesinadas por protestar contra los efectos destructivos de la extracci\u00f3n minera en la tierra de las comunidades, sus medios de vida y el medio ambiente.<\/li><li>Hubo una escalada de asesinatos de personas defensoras que luchan por la protecci\u00f3n de las fuentes de agua, los cuales pasaron de cuatro en 2017 a 17 en 2018.<\/li><li>M\u00e1s de la mitad de los asesinatos cometidos en 2018 ocurrieronen Am\u00e9rica Latina, regi\u00f3n que ha sido clasificada de forma sistem\u00e1tica como el continente m\u00e1s afectado desde que Global Witness comenz\u00f3 a publicar datos sobre asesinatos en 2012.<\/li><li>Global Witness pudo vincular a las fuerzas de seguridad del Estado con 40 de los asesinatos. Actores privados como sicarios, bandas criminales y terratenientes tambi\u00e9n fueron los presuntos agresores en 40 muertes.<\/li><li>La criminalizaci\u00f3n y las demandas civiles agresivas se est\u00e1n utilizando para sofocar el activismo ambiental y la defensa de los derechos a la tierra en todo el mundo, incluso en pa\u00edses \u00abdesarrollados\u00bb como EE. UU. y el Reino Unido.<\/li><\/ul>\n\n\n\n<p class=\"wp-block-paragraph\">Sem\/GR&nbsp;\n\n<\/p>\n","protected":false},"excerpt":{"rendered":"<p>A nivel mundial, la cifra real probablemente fue mucho mayor, porque los casos no suelen ser documentados, y muy pocos son investigados. Resulta dif\u00edcil encontrar o verificar evidencia confiable.<\/p>\n","protected":false},"author":3,"featured_media":10322,"comment_status":"open","ping_status":"open","sticky":false,"template":"","format":"standard","meta":{"_monsterinsights_skip_tracking":false,"footnotes":""},"categories":[690,53],"tags":[],"class_list":["post-10321","post","type-post","status-publish","format-standard","has-post-thumbnail","category-690","category-internacional"],"_links":{"self":[{"href":"https:\/\/redsemlac.com\/semmexico\/wp-json\/wp\/v2\/posts\/10321","targetHints":{"allow":["GET"]}}],"collection":[{"href":"https:\/\/redsemlac.com\/semmexico\/wp-json\/wp\/v2\/posts"}],"about":[{"href":"https:\/\/redsemlac.com\/semmexico\/wp-json\/wp\/v2\/types\/post"}],"author":[{"embeddable":true,"href":"https:\/\/redsemlac.com\/semmexico\/wp-json\/wp\/v2\/users\/3"}],"replies":[{"embeddable":true,"href":"https:\/\/redsemlac.com\/semmexico\/wp-json\/wp\/v2\/comments?post=10321"}],"version-history":[{"count":0,"href":"https:\/\/redsemlac.com\/semmexico\/wp-json\/wp\/v2\/posts\/10321\/revisions"}],"wp:featuredmedia":[{"embeddable":true,"href":"https:\/\/redsemlac.com\/semmexico\/wp-json\/wp\/v2\/media\/10322"}],"wp:attachment":[{"href":"https:\/\/redsemlac.com\/semmexico\/wp-json\/wp\/v2\/media?parent=10321"}],"wp:term":[{"taxonomy":"category","embeddable":true,"href":"https:\/\/redsemlac.com\/semmexico\/wp-json\/wp\/v2\/categories?post=10321"},{"taxonomy":"post_tag","embeddable":true,"href":"https:\/\/redsemlac.com\/semmexico\/wp-json\/wp\/v2\/tags?post=10321"}],"curies":[{"name":"wp","href":"https:\/\/api.w.org\/{rel}","templated":true}]}}