{"id":10318,"date":"2019-07-30T19:06:17","date_gmt":"2019-07-30T19:06:17","guid":{"rendered":"https:\/\/redsemlac.com\/semmexico\/?p=10318"},"modified":"2023-07-21T14:51:59","modified_gmt":"2023-07-21T19:51:59","slug":"el-negocio-de-la-trata-prospera-por-la-indiferencia-ante-la-explotacion","status":"publish","type":"post","link":"https:\/\/redsemlac.com\/semmexico\/el-negocio-de-la-trata-prospera-por-la-indiferencia-ante-la-explotacion\/","title":{"rendered":"El negocio de la trata prospera por la indiferencia ante la explotaci\u00f3n"},"content":{"rendered":"\n<p class=\"wp-block-paragraph\"><strong>Una instalaci\u00f3n de la Organizaci\u00f3n Mundial para las Migraciones sobre la lucha contra el tr\u00e1fico de personas. Al observar por una mirilla se ve a una ni\u00f1a pidiendo.<\/strong><\/p>\n\n\n\n<p class=\"wp-block-paragraph\"><strong>Redacci\u00f3n<\/strong><\/p>\n\n\n\n<p class=\"wp-block-paragraph\">SemM\u00e9xico\/ONU Noticias. 30 de julio de 2019.- \u201cLos migrantes est\u00e1n en el punto de mira. Miles de personas han perdido la vida en el mar, en los desiertos, en centros de detenci\u00f3n, a manos de traficantes que ejercen un monstruoso y despiadado oficio\u201d, ha asegurado el Secretario General de la ONU en un mensaje publicado en el marco del D\u00eda Mundial contra la Trata, que se celebra cada 30 de julio.<\/p>\n\n\n\n<p class=\"wp-block-paragraph\">Seg\u00fan Ant\u00f3nio Guterres, la guerra, el cambio clim\u00e1tico, los desastres naturales y la pobreza exacerban la vulnerabilidad y la desesperaci\u00f3n que permiten que el tr\u00e1fico de personas prospere.<\/p>\n\n\n\n<p class=\"wp-block-paragraph\">Pero no son las \u00fanicas razones: \u201ctambi\u00e9n cada d\u00eda la indiferencia ante el abuso y la explotaci\u00f3n que nos rodean se cobra numerosas v\u00edctimas. Desde el sector de la construcci\u00f3n al de la producci\u00f3n de alimentos o de bienes de consumo, incontables negocios y empresas se benefician de la miseria\u201d.<\/p>\n\n\n\n<p class=\"wp-block-paragraph\">El titular de la ONU destaca que los traficantes y los grupos terroristas se aprovechan precisamente de las personas vulnerables y record\u00f3 que Nadia Murad, la primera v\u00edctima de trata en ser Embajadora de Buena Voluntad de las Naciones Unidas, recibi\u00f3 con justicia el Premio Nobel de la Paz en 2018 por catalizar la acci\u00f3n internacional para acabar con la trata y la violencia sexual en los conflictos.<\/p>\n\n\n\n<p class=\"wp-block-paragraph\"><strong>Mujeres y ni\u00f1as en su gran mayor\u00eda<\/strong><\/p>\n\n\n\n<p class=\"wp-block-paragraph\">Dos ni\u00f1as vendidas por traficantes para matrimonio se maquillan en Bangladesh.<\/p>\n\n\n\n<p class=\"wp-block-paragraph\">Aproximadamente el 72 % de las v\u00edctimas registradas de la trata son mujeres y ni\u00f1as, mientras el porcentaje de ni\u00f1os que son v\u00edctimas de este delito se ha duplicado con creces entre 2004 y 2016, seg\u00fan la Oficina de las Naciones Unidas contra la Droga y el Delito.<\/p>\n\n\n\n<p class=\"wp-block-paragraph\">La mayor\u00eda de las v\u00edctimas son objeto de explotaci\u00f3n sexual, pero hay otras formas de abuso, entre ellas los trabajos forzosos o, en el caso de los ni\u00f1os, el alistamiento como soldados en contra su voluntad.<\/p>\n\n\n\n<p class=\"wp-block-paragraph\">La trata es un crimen y una violaci\u00f3n que no deber\u00eda tener lugar en nuestro mundo. Sin embargo, entre 2003 y 2016 se registraron 225,000 v\u00edctimas \u201cy hay muchas, muchas m\u00e1s v\u00edctimas ocultas que necesitan ayuda\u201d, seg\u00fan el responsable de esa agencia, Yury Fedotov.<\/p>\n\n\n\n<p class=\"wp-block-paragraph\">Por su parte, la relatora especial de la ONU sobre trata de personas explica que las pol\u00edticas xen\u00f3fobas y restrictivas de la migraci\u00f3n, junto con la criminalizaci\u00f3n de los migrantes, as\u00ed como de las organizaciones e individuos que suministran ayuda humanitaria, son incompatibles con una actuaci\u00f3n eficaz contra el tr\u00e1fico de personas\u00bb y, &nbsp;por el contrario, la fomentan.<\/p>\n\n\n\n<p class=\"wp-block-paragraph\"><strong>La pol\u00edtica del odio es contraproducente<\/strong><\/p>\n\n\n\n<p class=\"wp-block-paragraph\">Maria Grazia Giammarinaro asegura, adem\u00e1s, que \u201clos pol\u00edticos que alimentan el odio, construyen muros, toleran la detenci\u00f3n de ni\u00f1os y evitan que los migrantes vulnerables ingresen a sus territorios est\u00e1n trabajando en contra de los intereses de sus propios pa\u00edses\u201d.<\/p>\n\n\n\n<p class=\"wp-block-paragraph\">Para la experta de la ONU es de vital importancia que los Estados inviertan en soluciones a largo plazo para garantizar la inclusi\u00f3n social de los sobrevivientes y su acceso a la justicia y reparaci\u00f3n.<\/p>\n\n\n\n<p class=\"wp-block-paragraph\">\u201cSe necesita una migraci\u00f3n segura, ordenada y regular, lo que incluye prever la integraci\u00f3n social de los migrantes. Esto es crucial tambi\u00e9n para las v\u00edctimas de la trata, incluidas las mujeres que sufren discriminaci\u00f3n, la violencia de g\u00e9nero y la explotaci\u00f3n, y los ni\u00f1os v\u00edctimas de abusos durante su viaje, especialmente cuando viajan solos. La realidad es que las pol\u00edticas migratorias restrictivas producen irregularidades y vulnerabilidades, y fomentan la explotaci\u00f3n y el tr\u00e1fico. Por eso, la inclusi\u00f3n social es la \u00fanica y correcta respuesta\u201d, agrega.<\/p>\n\n\n\n<p class=\"wp-block-paragraph\">Adem\u00e1s, los sobrevivientes de la trata \u201cnecesitan solidaridad y un ambiente social amigable para recuperar el control de sus vidas, un proceso que ciertamente tambi\u00e9n requiere recursos financieros\u201d con los que facilitar la reparaci\u00f3n a las v\u00edctimas.<\/p>\n\n\n\n<p class=\"wp-block-paragraph\">\u201cSin embargo, hasta la fecha, la compensaci\u00f3n sigue siendo una de las disposiciones menos implementadas del llamado Protocolo de Palermo para prevenir, reprimir y sancionar la trata, especialmente mujeres y ni\u00f1os\u201d, afirma Giammarinaro.<\/p>\n\n\n\n<p class=\"wp-block-paragraph\">Por ese motivo, la experta insta a los Estados a que eliminen los obst\u00e1culos que dificultan el acceso a la justicia para las v\u00edctimas y les otorguen el estatus de residencia, asegur\u00e1ndose de que no sean detenidos ni procesados por actividades ilegales en las que puedan haber estado involucrados como resultado de la trata.<\/p>\n\n\n\n<p class=\"wp-block-paragraph\"><strong>La soluci\u00f3n en la Agenda 2030<\/strong><\/p>\n\n\n\n<p class=\"wp-block-paragraph\">Ahondando en la cuesti\u00f3n, Ant\u00f3nio Guterres indic\u00f3 que la mayor\u00eda de los pa\u00edses cuentan con las leyes necesarias, y en algunos se han producido recientemente las primeras condenas por trata, pero reconoci\u00f3 que queda mucho por hacer para llevar a las redes transnacionales de trata ante la justicia y, sobre todo, para asegurarse de que se detecta e identifica a las v\u00edctimas y de que estas pueden acceder a la protecci\u00f3n y los servicios que precisan.<\/p>\n\n\n\n<p class=\"wp-block-paragraph\">En este sentido, record\u00f3 que los Objetivos de Desarrollo Sostenible incluyen metas claras para prevenir el abuso y la explotaci\u00f3n, eliminar todas las formas de violencia contra las mujeres y las ni\u00f1as, y erradicar el trabajo forzoso y la mano de obra infantil.<\/p>\n\n\n\n<p class=\"wp-block-paragraph\">\u201cEn este D\u00eda Mundial contra la Trata de Personas, reafirmemos nuestro compromiso y nuestro empe\u00f1o en impedir que los delincuentes exploten a las personas para obtener beneficios y en ayudar a las v\u00edctimas a reconstruir su vida\u201d, asegur\u00f3 el Secretario General.<\/p>\n\n\n\n<p class=\"wp-block-paragraph\">sem\/gr&nbsp;<\/p>\n","protected":false},"excerpt":{"rendered":"<p>Una instalaci\u00f3n de la Organizaci\u00f3n Mundial para las Migraciones sobre la lucha contra el tr\u00e1fico de personas. Al observar por una mirilla se ve a una ni\u00f1a pidiendo.<\/p>\n","protected":false},"author":3,"featured_media":10319,"comment_status":"open","ping_status":"open","sticky":false,"template":"","format":"standard","meta":{"_monsterinsights_skip_tracking":false,"footnotes":""},"categories":[690,53],"tags":[],"class_list":["post-10318","post","type-post","status-publish","format-standard","has-post-thumbnail","category-690","category-internacional"],"_links":{"self":[{"href":"https:\/\/redsemlac.com\/semmexico\/wp-json\/wp\/v2\/posts\/10318","targetHints":{"allow":["GET"]}}],"collection":[{"href":"https:\/\/redsemlac.com\/semmexico\/wp-json\/wp\/v2\/posts"}],"about":[{"href":"https:\/\/redsemlac.com\/semmexico\/wp-json\/wp\/v2\/types\/post"}],"author":[{"embeddable":true,"href":"https:\/\/redsemlac.com\/semmexico\/wp-json\/wp\/v2\/users\/3"}],"replies":[{"embeddable":true,"href":"https:\/\/redsemlac.com\/semmexico\/wp-json\/wp\/v2\/comments?post=10318"}],"version-history":[{"count":0,"href":"https:\/\/redsemlac.com\/semmexico\/wp-json\/wp\/v2\/posts\/10318\/revisions"}],"wp:featuredmedia":[{"embeddable":true,"href":"https:\/\/redsemlac.com\/semmexico\/wp-json\/wp\/v2\/media\/10319"}],"wp:attachment":[{"href":"https:\/\/redsemlac.com\/semmexico\/wp-json\/wp\/v2\/media?parent=10318"}],"wp:term":[{"taxonomy":"category","embeddable":true,"href":"https:\/\/redsemlac.com\/semmexico\/wp-json\/wp\/v2\/categories?post=10318"},{"taxonomy":"post_tag","embeddable":true,"href":"https:\/\/redsemlac.com\/semmexico\/wp-json\/wp\/v2\/tags?post=10318"}],"curies":[{"name":"wp","href":"https:\/\/api.w.org\/{rel}","templated":true}]}}