{"id":103177,"date":"2026-03-02T20:20:31","date_gmt":"2026-03-03T02:20:31","guid":{"rendered":"https:\/\/redsemlac.com\/semmexico\/?p=103177"},"modified":"2026-03-02T20:20:32","modified_gmt":"2026-03-03T02:20:32","slug":"murales-destacan-el-legado-de-las-mujeres-en-la-universidad-de-el-salvador","status":"publish","type":"post","link":"https:\/\/redsemlac.com\/semmexico\/murales-destacan-el-legado-de-las-mujeres-en-la-universidad-de-el-salvador\/","title":{"rendered":"Murales destacan el legado de las mujeres en la Universidad de El Salvador"},"content":{"rendered":"\n<ul class=\"wp-block-list\">\n<li>Las obras fueron inauguradas en la facultad de jurisprudencia<\/li>\n<\/ul>\n\n\n\n<ul class=\"wp-block-list\">\n<li>El campus universitario se transforma en un escenario de intervenci\u00f3n art\u00edstica y di\u00e1logo social.<\/li>\n<\/ul>\n\n\n\n<p class=\"wp-block-paragraph\">Jessica Garc\u00eda<\/p>\n\n\n\n<p class=\"wp-block-paragraph\">SemM\u00e9xico\/Infobae, El Salvador, 2 de marzo, 2028.- Una serie de&nbsp;murales art\u00edsticos fue inaugurada en la Facultad de Jurisprudencia y Ciencias Sociales de la Universidad de El Salvador&nbsp;como parte de una iniciativa que busca generar conciencia social y honrar la hist\u00f3rica contribuci\u00f3n de las mujeres en \u00e1mbitos como la academia, la cultura y el marco normativo nacional. El proyecto se inscribe dentro de la programaci\u00f3n del conversatorio Mujeres que pintan caminos para todas, que reconoce la participaci\u00f3n de mujeres en luchas colectivas y reivindica su papel transformador en la comunidad.<\/p>\n\n\n\n<p class=\"wp-block-paragraph\">La&nbsp;Colectiva de Mujeres&nbsp;reafirm\u00f3 su compromiso con la promoci\u00f3n de una vida libre de violencia y la creaci\u00f3n de espacios seguros a trav\u00e9s del arte y la cultura, destacando que continuar\u00e1n apoyando proyectos que utilicen estas herramientas para el fomento de la paz. Esta declaraci\u00f3n forma parte del proyecto&nbsp;Siwatulin, palabra n\u00e1huat que significa \u201cmovimiento de mujeres\u201d, coordinado junto a la&nbsp;Asamblea de Cooperaci\u00f3n por la Paz&nbsp;y con respaldo financiero de la&nbsp;Agencia Vasca de Cooperaci\u00f3n y Desarrollo.<\/p>\n\n\n\n<p class=\"wp-block-paragraph\">Cuatro murales integran este acto conmemorativo:&nbsp;Campus Magma, Ra\u00edces de resistencia, Gritos de la madre tierra y Colores que hablan, mentes que sanan. Cada pieza destaca aspectos de la presencia femenina en la historia salvadore\u00f1a y en la facultad, busca tanto reconocer a figuras sobresalientes como impulsar la sensibilizaci\u00f3n de la comunidad universitaria frente a la violencia contra las mujeres.<\/p>\n\n\n\n<p class=\"wp-block-paragraph\"><a href=\"https:\/\/www.infobae.com\/el-salvador\/2026\/02\/28\/sorpresa-en-el-mercado-san-miguelito-el-inesperado-y-gigante-pedido-de-nayib-bukele-en-una-cevicheria\/\" target=\"_blank\" rel=\"noreferrer noopener\"><\/a><\/p>\n\n\n\n<p class=\"wp-block-paragraph\"><strong>Objetivo pedag\u00f3gico y social de la intervenci\u00f3n<\/strong><\/p>\n\n\n\n<p class=\"wp-block-paragraph\">Para la Colectiva de Mujeres,&nbsp;el arte mural contribuye a la consolidaci\u00f3n de la paz&nbsp;al estimular el di\u00e1logo, la reflexi\u00f3n y la cohesi\u00f3n social en entornos p\u00fablicos y educativos. Por ello, los murales cumplen una doble funci\u00f3n: visibilizar el legado y las luchas de las mujeres, y fomentar el respeto a valores esenciales como la no violencia, la igualdad y los derechos humanos.<\/p>\n\n\n\n<p class=\"wp-block-paragraph\">En la organizaci\u00f3n y ejecuci\u00f3n de la iniciativa participaron la&nbsp;Colectiva de Mujeres para el Desarrollo Local, la&nbsp;Escuela de Relaciones Internacionales, el&nbsp;Movimiento Estudiantil de Relaciones Internacionales (MERI), el&nbsp;Centro de Estudios de G\u00e9nero&nbsp;y familiares de estudiantes. Esta colaboraci\u00f3n reforz\u00f3 el car\u00e1cter colectivo del proyecto y amplific\u00f3 su impacto en el entorno universitario. Seg\u00fan la coordinaci\u00f3n, la cooperaci\u00f3n con estos actores busca asegurar que la influencia de los murales vaya m\u00e1s all\u00e1 de lo simb\u00f3lico y sea parte de la experiencia cotidiana de la comunidad acad\u00e9mica del campus.<\/p>\n\n\n\n<p class=\"wp-block-paragraph\">El objetivo central de la intervenci\u00f3n art\u00edstica y social es&nbsp;sensibilizar a los estudiantes y a la comunidad universitaria sobre la violencia de g\u00e9nero, facilitar el reconocimiento de mujeres clave en la historia local y promover acciones que consoliden una cultura de paz. El proyecto utiliza el arte mural como herramienta pedag\u00f3gica, invitando al di\u00e1logo, el debate y la transformaci\u00f3n en la vida diaria del campus y en la percepci\u00f3n de quienes atraviesan la Facultad de Jurisprudencia y Ciencias Sociales.<\/p>\n\n\n\n<p class=\"wp-block-paragraph\">Candelaria Navas, quien fue docente de la UES y fue reconocida con el Premio Latinoamericano y Caribe\u00f1o de Ciencias Sociales 2025, es uno de los rostros que aparecen en los murales. En las fotos del evento se le observa con su vestimenta lila. La acad\u00e9mica reflexion\u00f3: \u00abDecir que somos seis rostros reflejados en el mural Campus Magma; Isabel Rodr\u00edguez, Eleonora L\u00f3pez, Vidalina Morales, Morena Hern\u00e1ndez, Evelyn Cortez, Prudencia Ayala y Candelaria Navas\u201c, enumer\u00f3, haciendo alusi\u00f3n al homenaje compartido.<\/p>\n\n\n\n<p class=\"wp-block-paragraph\">Al observar su imagen como parte de ese mural,&nbsp;Navas&nbsp;subray\u00f3 la importancia simb\u00f3lica de tal representaci\u00f3n: \u201cVer mi rostro en el mural expresa la validez de la lucha por los derechos de las mujeres, el reconocimiento y visibilizaci\u00f3n de la causa feminista\u201d, afirm\u00f3, resaltando el peso colectivo de la obra. Adem\u00e1s, la educadora valor\u00f3 las d\u00e9cadas de activismo reflejadas en este reconocimiento: \u201cAfianzar que ha valido la pena dicha lucha y se acepta con humildad y compromiso dicho compromiso\u2026 Se puede decir que se valida dicha gesta\u201d, manifest\u00f3, reafirmando el impacto de las trayectorias individuales y grupales.<\/p>\n\n\n\n<p class=\"wp-block-paragraph\">SEM-Infobae\/jg<\/p>\n\n\n\n<figure class=\"wp-block-image size-full\"><a href=\"https:\/\/redsemlac.com\/semmexico\/wp-content\/uploads\/2026\/03\/murales-2.avif\"><img loading=\"lazy\" decoding=\"async\" width=\"992\" height=\"744\" src=\"https:\/\/redsemlac.com\/semmexico\/wp-content\/uploads\/2026\/03\/murales-2.avif\" alt=\"\" class=\"wp-image-103178\" srcset=\"https:\/\/redsemlac.com\/semmexico\/wp-content\/uploads\/2026\/03\/murales-2.avif 992w, https:\/\/redsemlac.com\/semmexico\/wp-content\/uploads\/2026\/03\/murales-2-300x225.avif 300w, https:\/\/redsemlac.com\/semmexico\/wp-content\/uploads\/2026\/03\/murales-2-768x576.avif 768w, https:\/\/redsemlac.com\/semmexico\/wp-content\/uploads\/2026\/03\/murales-2-150x113.avif 150w, https:\/\/redsemlac.com\/semmexico\/wp-content\/uploads\/2026\/03\/murales-2-696x522.avif 696w\" sizes=\"auto, (max-width: 992px) 100vw, 992px\" \/><\/a><\/figure>\n","protected":false},"excerpt":{"rendered":"<p>Jessica Garc\u00eda SemM\u00e9xico\/Infobae, El Salvador, 2 de marzo, 2028.- Una serie de&nbsp;murales art\u00edsticos fue inaugurada en la Facultad de Jurisprudencia y Ciencias Sociales de la Universidad de El Salvador&nbsp;como parte de una iniciativa que busca generar conciencia social y honrar la hist\u00f3rica contribuci\u00f3n de las mujeres en \u00e1mbitos como la academia, la cultura y el [&hellip;]<\/p>\n","protected":false},"author":3,"featured_media":103179,"comment_status":"open","ping_status":"open","sticky":false,"template":"","format":"standard","meta":{"_monsterinsights_skip_tracking":false,"footnotes":""},"categories":[748],"tags":[],"class_list":["post-103177","post","type-post","status-publish","format-standard","has-post-thumbnail","category-cultura-feminista"],"_links":{"self":[{"href":"https:\/\/redsemlac.com\/semmexico\/wp-json\/wp\/v2\/posts\/103177","targetHints":{"allow":["GET"]}}],"collection":[{"href":"https:\/\/redsemlac.com\/semmexico\/wp-json\/wp\/v2\/posts"}],"about":[{"href":"https:\/\/redsemlac.com\/semmexico\/wp-json\/wp\/v2\/types\/post"}],"author":[{"embeddable":true,"href":"https:\/\/redsemlac.com\/semmexico\/wp-json\/wp\/v2\/users\/3"}],"replies":[{"embeddable":true,"href":"https:\/\/redsemlac.com\/semmexico\/wp-json\/wp\/v2\/comments?post=103177"}],"version-history":[{"count":0,"href":"https:\/\/redsemlac.com\/semmexico\/wp-json\/wp\/v2\/posts\/103177\/revisions"}],"wp:featuredmedia":[{"embeddable":true,"href":"https:\/\/redsemlac.com\/semmexico\/wp-json\/wp\/v2\/media\/103179"}],"wp:attachment":[{"href":"https:\/\/redsemlac.com\/semmexico\/wp-json\/wp\/v2\/media?parent=103177"}],"wp:term":[{"taxonomy":"category","embeddable":true,"href":"https:\/\/redsemlac.com\/semmexico\/wp-json\/wp\/v2\/categories?post=103177"},{"taxonomy":"post_tag","embeddable":true,"href":"https:\/\/redsemlac.com\/semmexico\/wp-json\/wp\/v2\/tags?post=103177"}],"curies":[{"name":"wp","href":"https:\/\/api.w.org\/{rel}","templated":true}]}}