{"id":103174,"date":"2026-03-02T20:12:05","date_gmt":"2026-03-03T02:12:05","guid":{"rendered":"https:\/\/redsemlac.com\/semmexico\/?p=103174"},"modified":"2026-03-02T20:12:07","modified_gmt":"2026-03-03T02:12:07","slug":"indignacion-en-chiapas-por-el-feminicidio-de-nina-de-tres-anos-en-tila-con-alexa-suman-7-feminicidios-en-chiapas-en-los-dos-meses-del-ano","status":"publish","type":"post","link":"https:\/\/redsemlac.com\/semmexico\/indignacion-en-chiapas-por-el-feminicidio-de-nina-de-tres-anos-en-tila-con-alexa-suman-7-feminicidios-en-chiapas-en-los-dos-meses-del-ano\/","title":{"rendered":"Indignaci\u00f3n en Chiapas por el feminicidio de ni\u00f1a de tres a\u00f1os en Tila* Con Alexa, suman 7 feminicidios en Chiapas en los dos meses del a\u00f1o"},"content":{"rendered":"\n<p class=\"wp-block-paragraph\">* Fiscal\u00eda de Chiapas confirm\u00f3 el feminicidio; colectivas demandan justicia<br><br>Gabriela Couti\u00f1o<br>SemM\u00e9xico, Tuxtla Guti\u00e9rrez, 2 de marzo, 2026.- Alexa, una ni\u00f1a de tres a\u00f1os de edad, integrante de la etnia chol, muri\u00f3 tras ser v\u00edctima de violencia extrema luego de desaparecer cuando jugaba en el patio de su casa, en la comunidad de Taquintenam, municipio de Tila, en la regi\u00f3n norte de Chiapas, inform\u00f3 el fiscal general del estado, Jorge Luis Llaven Abarca.<br><br>\u201cLa menor desapareci\u00f3 de su casa el domingo y el martes fue encontrada sin vida por una brigada de b\u00fasqueda, en un radio de 250 metros del domicilio del presunto responsable\u201d, se\u00f1al\u00f3 el funcionario al dar a conocer la detenci\u00f3n de un hombre identificado como Daniel N.<br><br>El fiscal explic\u00f3 que, de acuerdo con las diligencias periciales, \u201cla causa de muerte fue una hemorragia aguda secundaria a un traumatismo cerrado de t\u00f3rax y abdomen\u201d.<br><br>Tras confirmarse el feminicidio, colectivas feministas manifestaron su profunda indignaci\u00f3n. La Comisi\u00f3n estatal Una Vida Libre de Violencia de la colectiva 50+1, conden\u00f3 en\u00e9rgicamente el crimen y exigi\u00f3 justicia.<br><br>En un pronunciamiento p\u00fablico, la agrupaci\u00f3n se\u00f1al\u00f3 que la desaparici\u00f3n ocurri\u00f3 el domingo 22 de febrero, cuando la ni\u00f1a sali\u00f3 a jugar en su comunidad.<\/p>\n\n\n\n<p class=\"wp-block-paragraph\">Posteriormente, su localizaci\u00f3n revel\u00f3 un escenario de extrema violencia. \u201cEl cuerpo de Alexa presentaba huellas de extrema violencia, signos de abuso sexual y traumatismos severos que terminaron con su vida de forma inhumana\u201d.<br><br>La colectiva destac\u00f3 que los padres de la v\u00edctima, de origen ind\u00edgena y no hispanohablantes, enfrentaron barreras de comunicaci\u00f3n que dificultaron la solicitud inicial de apoyo, lo que \u2014indicaron\u2014 evidencia la falta de protocolos con enfoque intercultural en las instituciones de procuraci\u00f3n de justicia.<br><br>Asimismo, cuestionaron que este crimen ocurra en una entidad que cuenta con Alerta de Violencia de G\u00e9nero y advirtieron que, con el caso de Alexa, suman siete feminicidios en Chiapas en los primeros dos meses del a\u00f1o.<br><br>La organizaci\u00f3n 50+1 plante\u00f3 exigencias puntuales: la aplicaci\u00f3n de todo el peso de la ley al responsable, con perspectiva de g\u00e9nero e infancia; la revisi\u00f3n inmediata y profunda de la Alerta de Violencia de G\u00e9nero en el estado; la implementaci\u00f3n obligatoria de protocolos de atenci\u00f3n en lenguas ind\u00edgenas en todas las agencias del Ministerio P\u00fablico, as\u00ed como la reparaci\u00f3n integral del da\u00f1o y un acompa\u00f1amiento digno para la familia.<br><br>\u201cEl da\u00f1o causado a una ni\u00f1a inocente es un agravio para toda la sociedad chiapaneca. No permitiremos que el nombre de Alexa sea olvidado ni que la impunidad sea la respuesta del Estado\u201d, manifestaron.<br><br>El caso ha generado consternaci\u00f3n en la regi\u00f3n norte de Chiapas y reaviva el debate sobre la efectividad de las pol\u00edticas p\u00fablicas para prevenir la violencia contra mujeres y ni\u00f1as en contextos ind\u00edgenas.<br><br><\/p>\n\n\n\n<p class=\"wp-block-paragraph\">SEM\/gc\/sj<\/p>\n","protected":false},"excerpt":{"rendered":"<p>* Fiscal\u00eda de Chiapas confirm\u00f3 el feminicidio; colectivas demandan justicia Gabriela Couti\u00f1oSemM\u00e9xico, Tuxtla Guti\u00e9rrez, 2 de marzo, 2026.- Alexa, una ni\u00f1a de tres a\u00f1os de edad, integrante de la etnia chol, muri\u00f3 tras ser v\u00edctima de violencia extrema luego de desaparecer cuando jugaba en el patio de su casa, en la comunidad de Taquintenam, municipio [&hellip;]<\/p>\n","protected":false},"author":3,"featured_media":103175,"comment_status":"open","ping_status":"open","sticky":false,"template":"","format":"standard","meta":{"_monsterinsights_skip_tracking":false,"footnotes":""},"categories":[48],"tags":[],"class_list":["post-103174","post","type-post","status-publish","format-standard","has-post-thumbnail","category-no-mas-impunidad-no-mas-impunidad"],"_links":{"self":[{"href":"https:\/\/redsemlac.com\/semmexico\/wp-json\/wp\/v2\/posts\/103174","targetHints":{"allow":["GET"]}}],"collection":[{"href":"https:\/\/redsemlac.com\/semmexico\/wp-json\/wp\/v2\/posts"}],"about":[{"href":"https:\/\/redsemlac.com\/semmexico\/wp-json\/wp\/v2\/types\/post"}],"author":[{"embeddable":true,"href":"https:\/\/redsemlac.com\/semmexico\/wp-json\/wp\/v2\/users\/3"}],"replies":[{"embeddable":true,"href":"https:\/\/redsemlac.com\/semmexico\/wp-json\/wp\/v2\/comments?post=103174"}],"version-history":[{"count":0,"href":"https:\/\/redsemlac.com\/semmexico\/wp-json\/wp\/v2\/posts\/103174\/revisions"}],"wp:featuredmedia":[{"embeddable":true,"href":"https:\/\/redsemlac.com\/semmexico\/wp-json\/wp\/v2\/media\/103175"}],"wp:attachment":[{"href":"https:\/\/redsemlac.com\/semmexico\/wp-json\/wp\/v2\/media?parent=103174"}],"wp:term":[{"taxonomy":"category","embeddable":true,"href":"https:\/\/redsemlac.com\/semmexico\/wp-json\/wp\/v2\/categories?post=103174"},{"taxonomy":"post_tag","embeddable":true,"href":"https:\/\/redsemlac.com\/semmexico\/wp-json\/wp\/v2\/tags?post=103174"}],"curies":[{"name":"wp","href":"https:\/\/api.w.org\/{rel}","templated":true}]}}