{"id":10312,"date":"2019-07-30T18:48:28","date_gmt":"2019-07-30T18:48:28","guid":{"rendered":"https:\/\/redsemlac.com\/semmexico\/?p=10312"},"modified":"2023-07-21T14:51:59","modified_gmt":"2023-07-21T19:51:59","slug":"fgr-viola-mis-derechos-y-debido-proceso-responde-rosario-robles","status":"publish","type":"post","link":"https:\/\/redsemlac.com\/semmexico\/fgr-viola-mis-derechos-y-debido-proceso-responde-rosario-robles\/","title":{"rendered":"FGR viola mis derechos y debido proceso responde Rosario Robles"},"content":{"rendered":"\n<p class=\"wp-block-paragraph\"><strong>Redacci\u00f3n<\/strong><\/p>\n\n\n\n<p class=\"wp-block-paragraph\">SemM\u00e9xico\/Billie Parker Noticias. Ciudad de M\u00e9xico. 30  de julio 2019.- Rosario Robles Berlanga,  ex titular de Sedatu y Sedesol, respondi\u00f3 a lo difundido el lunes por la FGR y reclam\u00f3 enterarse a trav\u00e9s de los medios de comunicaci\u00f3n sobre las imputaciones que le fincan ya que aleg\u00f3, viola sus derechos y el debido proceso.<\/p>\n\n\n\n<p class=\"wp-block-paragraph\">La ex funcionaria en la administraci\u00f3n de Enrique Pe\u00f1a Nieto fue citada a declarar para que responda por el ejercicio indebido de servicio p\u00fablico, acusaciones que no le fueron notificadas, ni se le ha permitido una legitima defensa, aduce.<\/p>\n\n\n\n<p class=\"wp-block-paragraph\">En una breve aclaraci\u00f3n a medios argumenta e informa lo siguiente:<\/p>\n\n\n\n<figure class=\"wp-block-image is-resized\"><img loading=\"lazy\" decoding=\"async\" src=\"https:\/\/billieparkernoticias.com\/wp-content\/uploads\/2019\/07\/IMG_20190730_091320-300x205.jpg\" alt=\"\" class=\"wp-image-30293\" width=\"443\" height=\"303\"\/><\/figure>\n","protected":false},"excerpt":{"rendered":"<p>La ex funcionaria en la administraci\u00f3n de Enrique Pe\u00f1a Nieto fue citada a declarar para que responda por el ejercicio indebido de servicio p\u00fablico<\/p>\n","protected":false},"author":3,"featured_media":10313,"comment_status":"open","ping_status":"open","sticky":false,"template":"","format":"standard","meta":{"_monsterinsights_skip_tracking":false,"footnotes":""},"categories":[690,54],"tags":[],"class_list":["post-10312","post","type-post","status-publish","format-standard","has-post-thumbnail","category-690","category-mujeres"],"_links":{"self":[{"href":"https:\/\/redsemlac.com\/semmexico\/wp-json\/wp\/v2\/posts\/10312","targetHints":{"allow":["GET"]}}],"collection":[{"href":"https:\/\/redsemlac.com\/semmexico\/wp-json\/wp\/v2\/posts"}],"about":[{"href":"https:\/\/redsemlac.com\/semmexico\/wp-json\/wp\/v2\/types\/post"}],"author":[{"embeddable":true,"href":"https:\/\/redsemlac.com\/semmexico\/wp-json\/wp\/v2\/users\/3"}],"replies":[{"embeddable":true,"href":"https:\/\/redsemlac.com\/semmexico\/wp-json\/wp\/v2\/comments?post=10312"}],"version-history":[{"count":0,"href":"https:\/\/redsemlac.com\/semmexico\/wp-json\/wp\/v2\/posts\/10312\/revisions"}],"wp:featuredmedia":[{"embeddable":true,"href":"https:\/\/redsemlac.com\/semmexico\/wp-json\/wp\/v2\/media\/10313"}],"wp:attachment":[{"href":"https:\/\/redsemlac.com\/semmexico\/wp-json\/wp\/v2\/media?parent=10312"}],"wp:term":[{"taxonomy":"category","embeddable":true,"href":"https:\/\/redsemlac.com\/semmexico\/wp-json\/wp\/v2\/categories?post=10312"},{"taxonomy":"post_tag","embeddable":true,"href":"https:\/\/redsemlac.com\/semmexico\/wp-json\/wp\/v2\/tags?post=10312"}],"curies":[{"name":"wp","href":"https:\/\/api.w.org\/{rel}","templated":true}]}}