{"id":103092,"date":"2026-02-27T17:46:19","date_gmt":"2026-02-27T23:46:19","guid":{"rendered":"https:\/\/redsemlac.com\/semmexico\/?p=103092"},"modified":"2026-02-27T17:46:20","modified_gmt":"2026-02-27T23:46:20","slug":"textura-violeta-quien-es-este-senor","status":"publish","type":"post","link":"https:\/\/redsemlac.com\/semmexico\/textura-violeta-quien-es-este-senor\/","title":{"rendered":"Textura Violeta| \u00bfQui\u00e9n es este se\u00f1or?"},"content":{"rendered":"\n<p class=\"wp-block-paragraph\">Drina Ergueta<\/p>\n\n\n\n<p class=\"wp-block-paragraph\">SemM\u00e9xico, La Paz-Bolivia, 27 de febrero, 2026.- Hace poco, gracias a las encuestas de intenci\u00f3n de voto, se han conocido los rostros de quienes aspiran al principal cargo de alcald\u00edas y gobernaciones de Bolivia en las elecciones que se realizar\u00e1n el 22 de marzo pr\u00f3ximo. Muchos rostros, muy desconocidos y muchos, demasiados, hombres frente a una m\u00ednima y casi inexistente participaci\u00f3n femenina.<\/p>\n\n\n\n<p class=\"wp-block-paragraph\">Claro, s\u00f3lo se mostraron los variopintos rostros principalmente masculinos de los departamentos y las ciudades capitales m\u00e1s pobladas. Estos se\u00f1ores son poco conocidos ya que hay muchas candidaturas porque, al parecer, quien se crey\u00f3 en la posibilidad de ser Gobernador o alcalde decidi\u00f3 presentarse, todo en el marco de una crisis de partidos en la que hay siglas pol\u00edticas sin militantes y sus \u201cpropietarios\u201d las venden al mejor postor.<\/p>\n\n\n\n<p class=\"wp-block-paragraph\">Es as\u00ed que, en candidaturas para las gobernaciones de los departamentos m\u00e1s poblados, encontramos que La Paz se lleva la flor con 17 candidaturas y\u2026 \u00a1Todos son hombres!; Santa Cruz presenta 11 candidatos y tambi\u00e9n todos son hombres; en Cochabamba, de 10 son 8 varones. En el caso de las candidaturas a las alcald\u00edas: La Paz nuevamente tiene 17 candidatos y todos hombres; El Alto arrasa con 18 candidaturas de hombres todos; Santa Cruz tiene 14 candidaturas donde hay tres mujeres, al fin alguna; y Cochabamba con 11 de los cuales 10 son hombres.<\/p>\n\n\n\n<p class=\"wp-block-paragraph\">\u00bfQu\u00e9 se hace con una papeleta de votaci\u00f3n con 17 o 18 candidatos? \u00bfA cu\u00e1ntos una persona media conoce porque alguna vez oy\u00f3 hablar de ellos? \u00bfY de tantos, por qu\u00e9 no hay ninguna mujer? \u00bfPor qu\u00e9 el \u00d3rgano Electoral Plurinacional no muestra como escandalosa y antidemocr\u00e1tica esa poca presencia femenina?<\/p>\n\n\n\n<p class=\"wp-block-paragraph\">Es que trata de una verdadera vulneraci\u00f3n de la democracia y es una verg\u00fcenza que la mitad de la poblaci\u00f3n, \u00a1la mitad!, no tenga una representaci\u00f3n. \u00bfSe imaginan que s\u00f3lo hubiese mujeres candidatas para alcaldesas y gobernadoras? \u00bfVerdad que resultar\u00eda imposible de imaginar y mucho menos aceptar?<\/p>\n\n\n\n<p class=\"wp-block-paragraph\">La presencia femenina en el espacio p\u00fablico y en posiciones de poder son conquistas que poco a poco se han ido ganando al patriarcado (sistema social estructurado en normativa, instituciones y maneras de pensar enfocadas por y para los varones) y en Bolivia se han traducido en leyes que, para las candidaturas parlamentarias y concejal\u00edas, establece la paridad y alternancia como obligaci\u00f3n (se sustenta en la Constituci\u00f3n Pol\u00edtica del Estado, la Ley N\u00b0 026 del R\u00e9gimen Electoral, la Ley N\u00b0 243 contra el Acoso y Violencia Pol\u00edtica y la Ley N\u00b0 348 contra la violencia hacia las mujeres).<\/p>\n\n\n\n<p class=\"wp-block-paragraph\">De hecho, la paridad y alternancia fue una conquista arrancada a los varones, quienes, sin embargo, evitaron que exista esa obligaci\u00f3n de igualdad de g\u00e9nero para los cargos m\u00e1s importantes, como la Presidencia y Vicepresidencia del pa\u00eds, la Gobernaci\u00f3n y la Alcald\u00eda. A estos cargos pueden, evidentemente, presentarse mujeres candidatas; sin embargo, el hecho de que no haya pr\u00e1cticamente ninguna nos indica algo. Algo que huele mal.<\/p>\n\n\n\n<p class=\"wp-block-paragraph\">No se trata de capacidad, no. Las mujeres han demostrado capacidad desde el primer curso de primaria hasta el \u00faltimo de doctorado en una gran universidad, en todos los espacios laborales y de la sociedad en general. No es capacidad. M\u00e9ritos tienen y sobran.<\/p>\n\n\n\n<p class=\"wp-block-paragraph\">El problema est\u00e1 en un sistema masculino violento (que opera de mil maneras) que frena, obstaculiza e impide que las mujeres est\u00e9n al frente. Por eso es posible que haya hombres a quien nadie conoce como candidatos y no mujeres de relevancia social. Es algo que hay que cambiar.<\/p>\n","protected":false},"excerpt":{"rendered":"<p>Drina Ergueta SemM\u00e9xico, La Paz-Bolivia, 27 de febrero, 2026.- Hace poco, gracias a las encuestas de intenci\u00f3n de voto, se han conocido los rostros de quienes aspiran al principal cargo de alcald\u00edas y gobernaciones de Bolivia en las elecciones que se realizar\u00e1n el 22 de marzo pr\u00f3ximo. Muchos rostros, muy desconocidos y muchos, demasiados, hombres [&hellip;]<\/p>\n","protected":false},"author":3,"featured_media":8467,"comment_status":"open","ping_status":"open","sticky":false,"template":"","format":"standard","meta":{"_monsterinsights_skip_tracking":false,"footnotes":""},"categories":[77,35,102],"tags":[],"class_list":["post-103092","post","type-post","status-publish","format-standard","has-post-thumbnail","category-drina-ergueta","category-opinion","category-textura-violeta"],"_links":{"self":[{"href":"https:\/\/redsemlac.com\/semmexico\/wp-json\/wp\/v2\/posts\/103092","targetHints":{"allow":["GET"]}}],"collection":[{"href":"https:\/\/redsemlac.com\/semmexico\/wp-json\/wp\/v2\/posts"}],"about":[{"href":"https:\/\/redsemlac.com\/semmexico\/wp-json\/wp\/v2\/types\/post"}],"author":[{"embeddable":true,"href":"https:\/\/redsemlac.com\/semmexico\/wp-json\/wp\/v2\/users\/3"}],"replies":[{"embeddable":true,"href":"https:\/\/redsemlac.com\/semmexico\/wp-json\/wp\/v2\/comments?post=103092"}],"version-history":[{"count":0,"href":"https:\/\/redsemlac.com\/semmexico\/wp-json\/wp\/v2\/posts\/103092\/revisions"}],"wp:featuredmedia":[{"embeddable":true,"href":"https:\/\/redsemlac.com\/semmexico\/wp-json\/wp\/v2\/media\/8467"}],"wp:attachment":[{"href":"https:\/\/redsemlac.com\/semmexico\/wp-json\/wp\/v2\/media?parent=103092"}],"wp:term":[{"taxonomy":"category","embeddable":true,"href":"https:\/\/redsemlac.com\/semmexico\/wp-json\/wp\/v2\/categories?post=103092"},{"taxonomy":"post_tag","embeddable":true,"href":"https:\/\/redsemlac.com\/semmexico\/wp-json\/wp\/v2\/tags?post=103092"}],"curies":[{"name":"wp","href":"https:\/\/api.w.org\/{rel}","templated":true}]}}