{"id":10309,"date":"2019-07-30T18:10:42","date_gmt":"2019-07-30T18:10:42","guid":{"rendered":"https:\/\/redsemlac.com\/semmexico\/?p=10309"},"modified":"2023-07-21T14:51:59","modified_gmt":"2023-07-21T19:51:59","slug":"save-the-children-alerta-de-la-criminalizacion-que-estan-sufriendo-los-y-las-menores-migrantes-sin-familia-en-espana","status":"publish","type":"post","link":"https:\/\/redsemlac.com\/semmexico\/save-the-children-alerta-de-la-criminalizacion-que-estan-sufriendo-los-y-las-menores-migrantes-sin-familia-en-espana\/","title":{"rendered":"Save the Children alerta de la criminalizaci\u00f3n que est\u00e1n sufriendo los y las menores migrantes sin familia en Espa\u00f1a"},"content":{"rendered":"\n<p class=\"wp-block-paragraph\"> <strong>Las ni\u00f1as y adolescentes se ven mucho m\u00e1s expuestas a convertirse en v\u00edctimas de explotaci\u00f3n y de trata de seres humanos en los pa\u00edses de origen, tr\u00e1nsito y tambi\u00e9n de destino.\u00a0      <\/strong> <\/p>\n\n\n\n<p class=\"wp-block-paragraph\"><strong>Redacci\u00f3n AmecoPress<\/strong><\/p>\n\n\n\n<p class=\"wp-block-paragraph\">SemM\u00e9xico\/AmecoPress. Madrid, 30 jul. 19.-Save the Children pide que no se criminalice a la poblaci\u00f3n adolescente migrantes que no tienen referentes familiares en Espa\u00f1a y demanda al Gobierno central una estrategia para su protecci\u00f3n e inclusi\u00f3n que incluya mecanismos de co-responsabilidad y reparto de tareas entre los actores a nivel estatal, auton\u00f3mico y local.<\/p>\n\n\n\n<p class=\"wp-block-paragraph\">La organizaci\u00f3n ha presentado hoy en la Fundaci\u00f3n Cajasol de Sevilla el an\u00e1lisis Contando los pasos. En \u00e9l, Save the Children ofrece datos sobre las migraciones en Espa\u00f1a y plantea una serie de recomendaciones para que las administraciones p\u00fablicas lleven a cabo pol\u00edticas migratorias responsables. La organizaci\u00f3n insiste en la importancia de tener una perspectiva de infancia en las pol\u00edticas migratorias ya que los ni\u00f1os, ni\u00f1as y adolescentes representaron el 12% del total de personas que llegaron de forma irregular a Espa\u00f1a por el estrecho de Gibraltar en 2018.<\/p>\n\n\n\n<p class=\"wp-block-paragraph\">Para Save the Children tambi\u00e9n es prioritario que se establezca un protocolo de atenci\u00f3n en las llegadas en puerto para atender al conjunto de menores e identificar a las personas que pueden encontrarse en una situaci\u00f3n de especial vulnerabilidad. Esto debe ir acompa\u00f1ado de una modificaci\u00f3n del procedimiento de determinaci\u00f3n de la edad, tal y como ha recomendado Naciones Unidas.<\/p>\n\n\n\n<p class=\"wp-block-paragraph\">El director general de Save the Children, Andr\u00e9s Conde, ve necesario que se gestionen las migraciones de manera responsable y sostenible, con un enfoque integral, que garantice el respecto a los derechos humanos, el cumplimento de las obligaciones y que aproveche las oportunidades de la movilidad para los pa\u00edses de origen y de destino. \u201cLa mayor\u00eda de estos j\u00f3venes no han mantenido conductas de riesgo o delictivas en su vida, por lo tanto, no podemos suponer que cada vez que se abre un centro de acogida en un determinado lugar, esos adolescentes cometer\u00e1n actos delictivos\u201d, lamenta Conde. \u201cEs una obligaci\u00f3n de todos, partidos pol\u00edticos, administraci\u00f3n y sociedad, garantizar los derechos de estos menores ante su situaci\u00f3n de especial vulnerabilidad\u201d, a\u00f1ade. Por ejemplo, en Andaluc\u00eda s\u00f3lo el 0,52% de la poblaci\u00f3n adolescente migrante que han sido acogidos por el sistema de protecci\u00f3n desde 2015 ha tenido medidas judiciales de internamiento por la comisi\u00f3n de alg\u00fan delito.<\/p>\n\n\n\n<p class=\"wp-block-paragraph\">Save the Children defiende que las aportaciones de la poblaci\u00f3n migrante al sistema de bienestar permiten la sostenibilidad de los servicios p\u00fablicos esenciales para toda la sociedad como son la salud, la educaci\u00f3n, el sistema de pensiones o las prestaciones econ\u00f3micas. Y recuerda que, como estima el Fondo Monetario Internacional (FMI), Espa\u00f1a necesitar\u00e1 m\u00e1s de cinco millones de extranjeros para la sostenibilidad de su sistema de bienestar hasta 2050, casi 170.000 personas cada a\u00f1o.<\/p>\n\n\n\n<p class=\"wp-block-paragraph\">La organizaci\u00f3n trabaja con ni\u00f1os, ni\u00f1as y adolescentes migrantes sin referentes familiares en Melilla, Andaluc\u00eda y Catalunya. \u201cConocemos las circunstancias de sus viajes y hemos denunciado muchas veces las condiciones en las que se realiza su acogida. De forma conjunta con muchas otras organizaciones hemos observado c\u00f3mo eran acogidos en centros sin traductores, sin camas suficientes, sin actividades de formaci\u00f3n u ocio, sin perspectiva de infancia\u2026\u201d, asegura Conde.&nbsp;<\/p>\n\n\n\n<p class=\"wp-block-paragraph\">Paralelamente, la organizaci\u00f3n tambi\u00e9n alerta de que el sistema de protecci\u00f3n en Espa\u00f1a ha perdido el rastro de m\u00e1s de 5.000 ni\u00f1os y ni\u00f1as desde 2015 cuya responsabilidad ten\u00eda encargada.<\/p>\n\n\n\n<p class=\"wp-block-paragraph\"><strong>Situaci\u00f3n en Andaluc\u00eda<\/strong><\/p>\n\n\n\n<p class=\"wp-block-paragraph\">Andaluc\u00eda es la puerta de entrada de la mayor\u00eda de menores que viajan sin acompa\u00f1ante a nuestro pa\u00eds, por tanto, Save the Children reivindica que es por esta comunidad por donde se deben dar los primeros pasos para garantizar los derechos de estos ni\u00f1os y ni\u00f1as. \u201cEl Sistema de Protecci\u00f3n de Menores de la Junta de Andaluc\u00eda carece de un protocolo que permita a sus trabajadores saber c\u00f3mo proceder a la hora de detectar y proteger a la infancia con perfiles de especial vulnerabilidad, como las v\u00edctimas de trata, los solicitantes de asilo y los que han sufrido violencia durante su proceso migratorio. Por eso, le pedimos a la Junta de Andaluc\u00eda que establezca un protocolo de actuaci\u00f3n homog\u00e9neo que garantice la protecci\u00f3n de estos ni\u00f1os y ni\u00f1as\u201d, concluye Javier Cuenca, director de Save the Children en Andaluc\u00eda.<\/p>\n\n\n\n<p class=\"wp-block-paragraph\"><strong>Ni\u00f1as migrantes<\/strong><\/p>\n\n\n\n<p class=\"wp-block-paragraph\">Save the Children tambi\u00e9n hace una valoraci\u00f3n sobre c\u00f3mo afecta esta realidad a las ni\u00f1as y las adolescentes ya que ellas emigran en menor medida que sus coet\u00e1neos varones. Esta realidad se debe principalmente a los r\u00edgidos roles y expectativas de g\u00e9nero que caracterizan a sus contextos de origen, basados todav\u00eda en normas y tradiciones de fuerte enfoque patriarcal que tienden a infravalorarlas y a restringir mucho su libertad de elecci\u00f3n. En muchas regiones las menores cuidan a los dem\u00e1s hermanos y hermanas, ayudan a realizar las tareas dom\u00e9sticas y contribuyen en la organizaci\u00f3n de la casa, de lo que sus pares varones son excusados. Para ello, muchas veces deben renunciar a su educaci\u00f3n y a su formaci\u00f3n. Adem\u00e1s, en algunas \u00e1reas geogr\u00e1ficas persisten pr\u00e1cticas como los matrimonios tempranos o el acogimiento fuera del n\u00facleo familiar para el empleo dom\u00e9stico, haciendo que las ni\u00f1as pasen r\u00e1pidamente de vivir bajo la autoridad de sus padres a la de sus maridos u otras familias.<\/p>\n\n\n\n<p class=\"wp-block-paragraph\">Las ni\u00f1as y adolescentes se ven mucho m\u00e1s expuestas a convertirse en v\u00edctimas de explotaci\u00f3n y de trata de seres humanos en los pa\u00edses de origen, tr\u00e1nsito y tambi\u00e9n de destino. Dicha exposici\u00f3n a los riesgos condena a muchas de las j\u00f3venes que viajan solas a quedarse atrapadas en los pa\u00edses de tr\u00e1nsito, v\u00edctimas de redes criminales que las mantienen en condiciones de clandestinidad e invisibilidad para evitar que huyan. En estas mismas condiciones se encuentran tambi\u00e9n muchas de las pocas ni\u00f1as y adolescentes que logran llegar a Espa\u00f1a.&nbsp;<\/p>\n\n\n\n<p class=\"wp-block-paragraph\">Resulta preocupante la sobrerrepresentaci\u00f3n de las ni\u00f1as de Nigeria y de Camer\u00fan entre los menores que son tutelados por las administraciones p\u00fablicas. Estos dos colectivos son los \u00fanicos formados s\u00f3lo por menores de sexo femenino en Espa\u00f1a, caracter\u00edstica que revela las modalidades bajo las que probablemente se ha llevado a cabo el trayecto migratorio y la finalidad oculta de sus llegadas.<\/p>\n\n\n\n<p class=\"wp-block-paragraph\">                             <\/p>\n","protected":false},"excerpt":{"rendered":"<p>Las ni\u00f1as y adolescentes se ven mucho m\u00e1s expuestas a convertirse en v\u00edctimas de explotaci\u00f3n y de trata de seres humanos en los pa\u00edses de origen, tr\u00e1nsito y tambi\u00e9n de destino.       <\/p>\n","protected":false},"author":3,"featured_media":10310,"comment_status":"open","ping_status":"open","sticky":false,"template":"","format":"standard","meta":{"_monsterinsights_skip_tracking":false,"footnotes":""},"categories":[690,53],"tags":[],"class_list":["post-10309","post","type-post","status-publish","format-standard","has-post-thumbnail","category-690","category-internacional"],"_links":{"self":[{"href":"https:\/\/redsemlac.com\/semmexico\/wp-json\/wp\/v2\/posts\/10309","targetHints":{"allow":["GET"]}}],"collection":[{"href":"https:\/\/redsemlac.com\/semmexico\/wp-json\/wp\/v2\/posts"}],"about":[{"href":"https:\/\/redsemlac.com\/semmexico\/wp-json\/wp\/v2\/types\/post"}],"author":[{"embeddable":true,"href":"https:\/\/redsemlac.com\/semmexico\/wp-json\/wp\/v2\/users\/3"}],"replies":[{"embeddable":true,"href":"https:\/\/redsemlac.com\/semmexico\/wp-json\/wp\/v2\/comments?post=10309"}],"version-history":[{"count":0,"href":"https:\/\/redsemlac.com\/semmexico\/wp-json\/wp\/v2\/posts\/10309\/revisions"}],"wp:featuredmedia":[{"embeddable":true,"href":"https:\/\/redsemlac.com\/semmexico\/wp-json\/wp\/v2\/media\/10310"}],"wp:attachment":[{"href":"https:\/\/redsemlac.com\/semmexico\/wp-json\/wp\/v2\/media?parent=10309"}],"wp:term":[{"taxonomy":"category","embeddable":true,"href":"https:\/\/redsemlac.com\/semmexico\/wp-json\/wp\/v2\/categories?post=10309"},{"taxonomy":"post_tag","embeddable":true,"href":"https:\/\/redsemlac.com\/semmexico\/wp-json\/wp\/v2\/tags?post=10309"}],"curies":[{"name":"wp","href":"https:\/\/api.w.org\/{rel}","templated":true}]}}