{"id":103081,"date":"2026-02-27T17:38:11","date_gmt":"2026-02-27T23:38:11","guid":{"rendered":"https:\/\/redsemlac.com\/semmexico\/?p=103081"},"modified":"2026-02-27T17:38:12","modified_gmt":"2026-02-27T23:38:12","slug":"sudan-advierte-consejo-de-ddhh-sobre-el-riesgo-de-una-nueva-violencia-genocida","status":"publish","type":"post","link":"https:\/\/redsemlac.com\/semmexico\/sudan-advierte-consejo-de-ddhh-sobre-el-riesgo-de-una-nueva-violencia-genocida\/","title":{"rendered":"Sud\u00e1n: Advierte Consejo de DDHH sobre el riesgo de una nueva violencia genocida"},"content":{"rendered":"\n<ul class=\"wp-block-list\">\n<li>La documentaci\u00f3n de ONU Derechos Humanos indica que hubo un aumento de m\u00e1s del doble y medio en los asesinatos de civiles en 2025 en comparaci\u00f3n con el a\u00f1o anterior.<\/li>\n<\/ul>\n\n\n\n<ul class=\"wp-block-list\">\n<li>Los \u00faltimos datos indican que al menos\u00a011 mil 300 civiles murieron el a\u00f1o pasado, casi el triple que en 2024<\/li>\n<\/ul>\n\n\n\n<p class=\"wp-block-paragraph\">Redacci\u00f3n<\/p>\n\n\n\n<p class=\"wp-block-paragraph\">SemM\u00e9xico, Nueva York, 27 de febrero, 2026.- Casi tres a\u00f1os de guerra en Sud\u00e1n han estado marcados por asesinatos, violaciones y otras violaciones, y existe el riesgo de que la violencia genocida se extienda, seg\u00fan escuch\u00f3 este jueves el&nbsp;Consejo de Derechos Humanos&nbsp;de la ONU.<\/p>\n\n\n\n<p class=\"wp-block-paragraph\">El brutal conflicto entre las Fuerzas Armadas Sudanesas (SAF) y las paramilitares Fuerzas de Apoyo R\u00e1pido (RSF) fue el centro del debate en la primera sesi\u00f3n del a\u00f1o del Consejo con sede en Ginebra.<\/p>\n\n\n\n<p class=\"wp-block-paragraph\">El Alto Comisionado de la ONU para los Derechos Humanos, Volker T\u00fcrk, y el presidente de la Misi\u00f3n Internacional Independiente de Investigaci\u00f3n para Sud\u00e1n, Mohamed Chande Othman, intervinieron ante los Estados miembros.<\/p>\n\n\n\n<p class=\"wp-block-paragraph\"><strong>Aumento de v\u00edctimas civiles<\/strong><\/p>\n\n\n\n<p class=\"wp-block-paragraph\">T\u00fcrk present\u00f3 su \u00faltimo informe, que describe \u00abotro cap\u00edtulo en la cr\u00f3nica de la crueldad\u00bb. A medida que los combates se intensifican, las violaciones por todas las partes han aumentado \u00abmientras que la rendici\u00f3n de cuentas ha estado pr\u00e1cticamente ausente\u00bb, dijo.<\/p>\n\n\n\n<p class=\"wp-block-paragraph\">La documentaci\u00f3n de su oficina indica que hubo un aumento de m\u00e1s del doble y medio en los asesinatos de civiles en 2025 en comparaci\u00f3n con el a\u00f1o anterior. Los \u00faltimos datos indican que al menos&nbsp;11.300 civiles murieron el a\u00f1o pasado&nbsp;\u2014casi el triple que en 2024\u2014 mientras que miles siguen desaparecidos o sin identificar.<\/p>\n\n\n\n<p class=\"wp-block-paragraph\"><strong>Los cuerpos de las mujeres \u00abcomo arma\u00bb<\/strong><\/p>\n\n\n\n<p class=\"wp-block-paragraph\">Tanto las RSF como el ej\u00e9rcito sudan\u00e9s contin\u00faan utilizando explosivos en zonas densamente pobladas, a menudo sin previo aviso, mostrando un \u00abtotal desprecio por la vida humana\u00bb, dijo el Alto Comisionado. Escuelas, hospitales, mercados, lugares religiosos e infraestructuras cr\u00edticas han sido atacados.<\/p>\n\n\n\n<p class=\"wp-block-paragraph\">\u00abLos cuerpos de las mujeres y ni\u00f1as sudanesas se han utilizado como arma para aterrorizar a las comunidades\u00bb, a\u00f1adi\u00f3 T\u00fcrk.<\/p>\n\n\n\n<p class=\"wp-block-paragraph\">\u00abEn 2025, identificamos m\u00e1s de 500 v\u00edctimas de violencia sexual, incluyendo violaci\u00f3n, violaci\u00f3n colectiva, tortura sexual y esclavitud, en algunos casos con resultado de muerte. Y cuando estuve en Sud\u00e1n a principios de este a\u00f1o, escuch\u00e9 los desgarradores testimonios de al menos diez de ellas\u00bb.<\/p>\n\n\n\n<p class=\"wp-block-paragraph\"><strong>\u00abMasacre\u00bb en El Fasher y preocupaci\u00f3n por Kordof\u00e1n<\/strong><\/p>\n\n\n\n<p class=\"wp-block-paragraph\">La toma del campamento de Zamzam en Darfur del Norte por parte de las RSF en abril, y su ofensiva en la capital del estado asediada, El Fasher, seis meses despu\u00e9s, \u00abdesencaden\u00f3 una masacre que se cobr\u00f3 miles de vidas, lo que constituye cr\u00edmenes de guerra y posibles cr\u00edmenes de lesa humanidad\u00bb.<\/p>\n\n\n\n<p class=\"wp-block-paragraph\">T\u00fcrk record\u00f3 que, aunque advirti\u00f3 repetidamente sobre los riesgos que enfrentaba la ciudad, la masacre no se pudo prevenir.<\/p>\n\n\n\n<p class=\"wp-block-paragraph\">\u00abA medida que el epicentro de la guerra se desplaza a la regi\u00f3n de Kordof\u00e1n, me preocupa extremadamente que estos cr\u00edmenes puedan repetirse. Porque estos son patrones de brutalidad atroz y despiadada\u00bb.<\/p>\n\n\n\n<p class=\"wp-block-paragraph\">Se\u00f1al\u00f3 que ya hay \u00abuna preocupante escalada de ataques con aviones no tripulados y bloqueos tanto por parte de las RSF como de las SAF en Kordof\u00e1n y m\u00e1s all\u00e1, incluso contra convoyes de ayuda humanitaria\u00bb. Estos ataques han matado o herido a casi 600 civiles desde principios de a\u00f1o.<\/p>\n\n\n\n<p class=\"wp-block-paragraph\"><strong>Temores de genocidio<\/strong><\/p>\n\n\n\n<p class=\"wp-block-paragraph\">La misi\u00f3n de investigaci\u00f3n para Sud\u00e1n public\u00f3 su \u00faltimo informe la semana pasada y Othman advirti\u00f3 sobre el riesgo continuo de una nueva violencia genocida cuanto m\u00e1s dure la guerra.<\/p>\n\n\n\n<p class=\"wp-block-paragraph\">Dijo que la situaci\u00f3n en torno a El Fasher \u00abpresenta claras caracter\u00edsticas de genocidio\u00bb por parte de las RSF contra las comunidades zaghawa y fur, como lo demuestran las matanzas masivas, los graves da\u00f1os f\u00edsicos y mentales, y&nbsp;la imposici\u00f3n deliberada de condiciones de vida calculadas para provocar su destrucci\u00f3n f\u00edsica total o parcial.<\/p>\n\n\n\n<p class=\"wp-block-paragraph\">El Fasher hab\u00eda estado sitiado durante m\u00e1s de un a\u00f1o y la misi\u00f3n document\u00f3 asesinatos generalizados y sistem\u00e1ticos en toda la ciudad. Destac\u00f3 el ba\u00f1o de sangre en el hospital El-Saudi, donde m\u00e1s de 460 personas \u2014incluidos pacientes, m\u00e9dicos y heridos\u2014 fueron asesinadas.<\/p>\n\n\n\n<p class=\"wp-block-paragraph\">\u00abV\u00eddeos grabados y difundidos por los perpetradores muestran ejecuciones acompa\u00f1adas de insultos \u00e9tnicos\u00bb, dijo.<\/p>\n\n\n\n<p class=\"wp-block-paragraph\">\u00abLos supervivientes relatan declaraciones como: &#8216;\u00bfHay alg\u00fan zaghawa entre vosotros? Si encontramos zaghawa, los mataremos a todos&#8217;, y &#8216;Queremos eliminar todo lo negro de Darfur'\u00bb.<\/p>\n\n\n\n<p class=\"wp-block-paragraph\">Los cr\u00edmenes en El Fasher \u00abreflejan la continuidad y escalada de patrones de violencia y corren el riesgo de extenderse m\u00e1s, incluso a Kordof\u00e1n\u00bb, advirti\u00f3 Othman, se\u00f1alando que&nbsp;\u00absin protecci\u00f3n urgente y una rendici\u00f3n de cuentas cre\u00edble, el riesgo de una nueva violencia genocida sigue siendo grave y continuo\u00bb.<\/p>\n\n\n\n<p class=\"wp-block-paragraph\">SEM-NoticiasONU<\/p>\n","protected":false},"excerpt":{"rendered":"<p>Redacci\u00f3n SemM\u00e9xico, Nueva York, 27 de febrero, 2026.- Casi tres a\u00f1os de guerra en Sud\u00e1n han estado marcados por asesinatos, violaciones y otras violaciones, y existe el riesgo de que la violencia genocida se extienda, seg\u00fan escuch\u00f3 este jueves el&nbsp;Consejo de Derechos Humanos&nbsp;de la ONU. El brutal conflicto entre las Fuerzas Armadas Sudanesas (SAF) y [&hellip;]<\/p>\n","protected":false},"author":3,"featured_media":103082,"comment_status":"open","ping_status":"open","sticky":false,"template":"","format":"standard","meta":{"_monsterinsights_skip_tracking":false,"footnotes":""},"categories":[53],"tags":[],"class_list":["post-103081","post","type-post","status-publish","format-standard","has-post-thumbnail","category-internacional"],"_links":{"self":[{"href":"https:\/\/redsemlac.com\/semmexico\/wp-json\/wp\/v2\/posts\/103081","targetHints":{"allow":["GET"]}}],"collection":[{"href":"https:\/\/redsemlac.com\/semmexico\/wp-json\/wp\/v2\/posts"}],"about":[{"href":"https:\/\/redsemlac.com\/semmexico\/wp-json\/wp\/v2\/types\/post"}],"author":[{"embeddable":true,"href":"https:\/\/redsemlac.com\/semmexico\/wp-json\/wp\/v2\/users\/3"}],"replies":[{"embeddable":true,"href":"https:\/\/redsemlac.com\/semmexico\/wp-json\/wp\/v2\/comments?post=103081"}],"version-history":[{"count":0,"href":"https:\/\/redsemlac.com\/semmexico\/wp-json\/wp\/v2\/posts\/103081\/revisions"}],"wp:featuredmedia":[{"embeddable":true,"href":"https:\/\/redsemlac.com\/semmexico\/wp-json\/wp\/v2\/media\/103082"}],"wp:attachment":[{"href":"https:\/\/redsemlac.com\/semmexico\/wp-json\/wp\/v2\/media?parent=103081"}],"wp:term":[{"taxonomy":"category","embeddable":true,"href":"https:\/\/redsemlac.com\/semmexico\/wp-json\/wp\/v2\/categories?post=103081"},{"taxonomy":"post_tag","embeddable":true,"href":"https:\/\/redsemlac.com\/semmexico\/wp-json\/wp\/v2\/tags?post=103081"}],"curies":[{"name":"wp","href":"https:\/\/api.w.org\/{rel}","templated":true}]}}