{"id":103074,"date":"2026-02-27T17:35:32","date_gmt":"2026-02-27T23:35:32","guid":{"rendered":"https:\/\/redsemlac.com\/semmexico\/?p=103074"},"modified":"2026-02-27T17:36:53","modified_gmt":"2026-02-27T23:36:53","slug":"anuncia-inbal-actividades-culturales-por-el-8m","status":"publish","type":"post","link":"https:\/\/redsemlac.com\/semmexico\/anuncia-inbal-actividades-culturales-por-el-8m\/","title":{"rendered":"Anuncia INBAL, actividades culturales por el 8M"},"content":{"rendered":"\n<ul class=\"wp-block-list\">\n<li>Se han programado ocho conciertos a cargo de las diferentes agrupaciones musicales y corales<\/li>\n\n\n\n<li>La Orquesta Sinf\u00f3nica Nacional dirigir\u00e1 la estadounidense Shira Samuels-Shragg y como solista invitada la soprano mexicana Anabel de la Mora<\/li>\n<\/ul>\n\n\n\n<p class=\"wp-block-paragraph\">Micaela M\u00e1rquez<\/p>\n\n\n\n<p class=\"wp-block-paragraph\">SemM\u00e9xico, Ciudad de M\u00e9xico, 27 de febrero, 2026.- Para el 8 de marzo, D\u00eda Internacional de la Mujer, el Instituto Nacional Bellas Artes (INBAL) ha programado una serie de actividades que buscan convertir la experiencia art\u00edstica en una forma de di\u00e1logo entre artistas y p\u00fablico.<\/p>\n\n\n\n<p class=\"wp-block-paragraph\">Con m\u00fasica y canto la Secretar\u00eda de Cultura del Gobierno de M\u00e9xico y el Instituto Nacional de Bellas Artes y Literatura (INBAL), a trav\u00e9s de la Coordinaci\u00f3n Nacional de M\u00fasica y \u00d3pera (CNMyO), se unen a la conmemoraci\u00f3n con ocho conciertos a cargo de las diferentes agrupaciones musicales y corales del INBAL, en los que la mirada y la escucha se enfocar\u00e1n en autor\u00edas hist\u00f3ricamente subrepresentadas, con el prop\u00f3sito de visibilizar el trabajo de compositoras e int\u00e9rpretes. &nbsp;<\/p>\n\n\n\n<p class=\"wp-block-paragraph\">El primer concierto del ciclo estar\u00e1 a cargo del Coro de Madrigalistas de Bellas Artes y se llevar\u00e1 a cabo este viernes 27 de febrero a las 19 horas en el Pabell\u00f3n Esc\u00e9nico del Jard\u00edn Esc\u00e9nico del Centro Cultural del Bosque y el domingo 1 de marzo a las 12 horas en el Anfiteatro Sim\u00f3n Bol\u00edvar del Antiguo Colegio de San Ildefonso.<\/p>\n\n\n\n<p class=\"wp-block-paragraph\">Con la direcci\u00f3n hu\u00e9sped de la mexicana Edith Mora y dentro del ciclo J\u00f3venes Directoras Latinoamericanas, la agrupaci\u00f3n ofrecer\u00e1 el concierto titulado&nbsp;Voces que anhelan respirar en libertad, que incluye obras de las estadounidenses Caroline Shaw, Shara Nova y Ayanna Woods, adem\u00e1s de Kile Smith, Dietrich Buxtehude y Josquin des Pr\u00e9s, que en conjunto plantean cuestionamientos sociales y humanitarios, en busca de un futuro m\u00e1s justo.<\/p>\n\n\n\n<p class=\"wp-block-paragraph\">Edith Mora tambi\u00e9n dirigir\u00e1 a la Orquesta de C\u00e1mara de Bellas Artes (OCBA) en el concierto&nbsp;Noche de serenata, el jueves 5 de marzo a las 20 horas en la Sala Manuel M. Ponce del Palacio de Bellas Artes.<\/p>\n\n\n\n<p class=\"wp-block-paragraph\">La tercera presentaci\u00f3n titulado&nbsp;Compositoras mexicanas, estar\u00e1 a cargo del grupo Solistas Ensamble de Bellas Artes, bajo la direcci\u00f3n de la maestra invitada Ver\u00f3nica Mur\u00faa. Se realizar\u00e1 el viernes 6 de marzo a las 18 horas en el Anfiteatro Sim\u00f3n Bol\u00edvar del Antiguo Colegio de San Ildefonso. El programa incluir\u00e1 los estrenos mundiales de&nbsp;<em>Coyolxauhqui, flor de cicuta<\/em>, de Estrella Cabildo, y&nbsp;<em>El crisol prometido<\/em>, de Nubia Jaime Donjuan, adem\u00e1s de obras de Patricia Moya, Ver\u00f3nica Tapia, Beatriz Corona, Georgina Derbez, Gina Enr\u00edquez, Mar\u00eda Granillo, Gabriela Ortiz y Diana Syrse.<\/p>\n\n\n\n<p class=\"wp-block-paragraph\">El Estudio de la \u00d3pera de Bellas Artes compartir\u00e1 el programa&nbsp;Resonancias femeninas: Compositoras latinoamericanas, bajo la direcci\u00f3n musical de la soprano Irasema Terrazas, que recupera el legado de las creadoras de m\u00fasica, desde el barroco hasta la actualidad, y reafirma la autor\u00eda femenina como parte esencial de la identidad sonora latinoamericana.<\/p>\n\n\n\n<p class=\"wp-block-paragraph\">El Centro de Experimentaci\u00f3n y Producci\u00f3n de M\u00fasica Contempor\u00e1nea (CEPROMUSIC), bajo la direcci\u00f3n de su titular Jos\u00e9 Luis Castillo, participar\u00e1 con el concierto&nbsp;Aliqua, dedicado especialmente a la m\u00fasica creada por compositoras contempor\u00e1neas de varias partes del mundo. El programa lo conforman obras de Rebecca Saunders, de Gran Breta\u00f1a; Kaija Saariaho, de Finlandia; Liao Lin-Ni, de Taiw\u00e1n; Sung Ji Hong, de Corea del Sur y Estados Unidos; y Liza Lim, de Australia. Se llevar\u00e1 a cabo el s\u00e1bado 7 de marzo a las 19 horas en la Sala Manuel M. Ponce del Palacio de Bellas Artes.<\/p>\n\n\n\n<p class=\"wp-block-paragraph\">La contralto Ana Caridad Acosta y el pianista Santiago Pi\u00f1eir\u00faa, integrantes del grupo Concertistas de Bellas Artes, participar\u00e1n con un concierto dentro del ciclo Jueves Musicales del Museo Iconogr\u00e1fico del Quijote, en la ciudad de Guanajuato, el jueves 12 de marzo a las 20 horas, con un repertorio de canci\u00f3n espa\u00f1ola y mexicana.<\/p>\n\n\n\n<p class=\"wp-block-paragraph\">La Orquesta Sinf\u00f3nica Nacional se integrar\u00e1 a esta conmemoraci\u00f3n dentro de su Primera Temporada 2026, con una sesi\u00f3n que dirigir\u00e1 la estadounidense Shira Samuels-Shragg y como solista invitada la soprano mexicana Anabel de la Mora, quien interpretar\u00e1 arias de concierto de Wolfgang Amadeus Mozart, el viernes 13 de marzo a las 20 horas y el domingo 15 a las 12:15 horas en la Sala Principal del Palacio de Bellas Artes.<\/p>\n\n\n\n<p class=\"wp-block-paragraph\">Dentro del ciclo de J\u00f3venes Directoras Latinoamericanas se presentar\u00e1 el concierto&nbsp;Entre voces y s\u00edmbolos: mujeres que inspiran, bajo la direcci\u00f3n de la maestra argentina Gisela Iuretig, el viernes 20 de marzo a las 19 horas en la Sala Blas Galindo del Centro Nacional de las Artes y el domingo 22 a las 11:30 horas en el Museo Nacional de Arte.<\/p>\n\n\n\n<p class=\"wp-block-paragraph\">Las presentaciones musicales finalizan con el concierto&nbsp;<em>Raigambre. <\/em>Compositoras del periodo rom\u00e1ntico, un espect\u00e1culo de la compa\u00f1\u00eda \u00d3pera: Nuestra Herencia Olvidada, el viernes 27 de marzo a las 19 horas en el Pabell\u00f3n Esc\u00e9nico del Jard\u00edn Esc\u00e9nico del Centro Cultural del Bosque. Este \u00faltimo recital de canto incluir\u00e1 piezas de compositoras como Guadalupe Olmedo, Guadalupe Unda, Clotilde Cromb\u00e9, Ignacia Ilizaliturri, Mar\u00eda Fajardo, \u00c1ngela Guill\u00e9n, Refugio Ponce, Leticia Euroza, Beatriz Carrillo y Mar\u00eda Elisa Curiel.<\/p>\n\n\n\n<p class=\"wp-block-paragraph\">SEM\/em\/sj<\/p>\n\n\n\n<figure class=\"wp-block-image size-full\"><a href=\"https:\/\/redsemlac.com\/semmexico\/wp-content\/uploads\/2026\/02\/INBAL-2.jpg\"><img loading=\"lazy\" decoding=\"async\" width=\"1024\" height=\"1024\" src=\"https:\/\/redsemlac.com\/semmexico\/wp-content\/uploads\/2026\/02\/INBAL-2.jpg\" alt=\"\" class=\"wp-image-103078\" srcset=\"https:\/\/redsemlac.com\/semmexico\/wp-content\/uploads\/2026\/02\/INBAL-2.jpg 1024w, https:\/\/redsemlac.com\/semmexico\/wp-content\/uploads\/2026\/02\/INBAL-2-300x300.jpg 300w, https:\/\/redsemlac.com\/semmexico\/wp-content\/uploads\/2026\/02\/INBAL-2-150x150.jpg 150w, https:\/\/redsemlac.com\/semmexico\/wp-content\/uploads\/2026\/02\/INBAL-2-768x768.jpg 768w, https:\/\/redsemlac.com\/semmexico\/wp-content\/uploads\/2026\/02\/INBAL-2-696x696.jpg 696w\" sizes=\"auto, (max-width: 1024px) 100vw, 1024px\" \/><\/a><\/figure>\n\n\n<div class=\"wp-block-image\">\n<figure class=\"aligncenter size-large\"><a href=\"https:\/\/redsemlac.com\/semmexico\/wp-content\/uploads\/2026\/02\/INBAL-1.jpg\"><img loading=\"lazy\" decoding=\"async\" width=\"595\" height=\"1024\" src=\"https:\/\/redsemlac.com\/semmexico\/wp-content\/uploads\/2026\/02\/INBAL-1-595x1024.jpg\" alt=\"\" class=\"wp-image-103077\" srcset=\"https:\/\/redsemlac.com\/semmexico\/wp-content\/uploads\/2026\/02\/INBAL-1-595x1024.jpg 595w, https:\/\/redsemlac.com\/semmexico\/wp-content\/uploads\/2026\/02\/INBAL-1-174x300.jpg 174w, https:\/\/redsemlac.com\/semmexico\/wp-content\/uploads\/2026\/02\/INBAL-1-150x258.jpg 150w, https:\/\/redsemlac.com\/semmexico\/wp-content\/uploads\/2026\/02\/INBAL-1-300x516.jpg 300w, https:\/\/redsemlac.com\/semmexico\/wp-content\/uploads\/2026\/02\/INBAL-1-696x1198.jpg 696w, https:\/\/redsemlac.com\/semmexico\/wp-content\/uploads\/2026\/02\/INBAL-1.jpg 697w\" sizes=\"auto, (max-width: 595px) 100vw, 595px\" \/><\/a><\/figure>\n<\/div>\n\n\n<figure class=\"wp-block-gallery has-nested-images columns-default is-cropped wp-block-gallery-1 is-layout-flex wp-block-gallery-is-layout-flex\">\n<figure class=\"wp-block-image size-large\"><a href=\"https:\/\/redsemlac.com\/semmexico\/wp-content\/uploads\/2026\/02\/INBAL-4.jpeg\"><img loading=\"lazy\" decoding=\"async\" width=\"792\" height=\"991\" data-id=\"103076\" src=\"https:\/\/redsemlac.com\/semmexico\/wp-content\/uploads\/2026\/02\/INBAL-4.jpeg\" alt=\"\" class=\"wp-image-103076\" srcset=\"https:\/\/redsemlac.com\/semmexico\/wp-content\/uploads\/2026\/02\/INBAL-4.jpeg 792w, https:\/\/redsemlac.com\/semmexico\/wp-content\/uploads\/2026\/02\/INBAL-4-240x300.jpeg 240w, https:\/\/redsemlac.com\/semmexico\/wp-content\/uploads\/2026\/02\/INBAL-4-768x961.jpeg 768w, https:\/\/redsemlac.com\/semmexico\/wp-content\/uploads\/2026\/02\/INBAL-4-150x188.jpeg 150w, https:\/\/redsemlac.com\/semmexico\/wp-content\/uploads\/2026\/02\/INBAL-4-300x375.jpeg 300w, https:\/\/redsemlac.com\/semmexico\/wp-content\/uploads\/2026\/02\/INBAL-4-696x871.jpeg 696w\" sizes=\"auto, (max-width: 792px) 100vw, 792px\" \/><\/a><\/figure>\n\n\n\n<figure class=\"wp-block-image size-large\"><a href=\"https:\/\/redsemlac.com\/semmexico\/wp-content\/uploads\/2026\/02\/INBAL-3-.jpg\"><img loading=\"lazy\" decoding=\"async\" width=\"800\" height=\"535\" data-id=\"103075\" src=\"https:\/\/redsemlac.com\/semmexico\/wp-content\/uploads\/2026\/02\/INBAL-3-.jpg\" alt=\"\" class=\"wp-image-103075\" srcset=\"https:\/\/redsemlac.com\/semmexico\/wp-content\/uploads\/2026\/02\/INBAL-3-.jpg 800w, https:\/\/redsemlac.com\/semmexico\/wp-content\/uploads\/2026\/02\/INBAL-3--300x201.jpg 300w, https:\/\/redsemlac.com\/semmexico\/wp-content\/uploads\/2026\/02\/INBAL-3--768x514.jpg 768w, https:\/\/redsemlac.com\/semmexico\/wp-content\/uploads\/2026\/02\/INBAL-3--150x100.jpg 150w, https:\/\/redsemlac.com\/semmexico\/wp-content\/uploads\/2026\/02\/INBAL-3--696x465.jpg 696w\" sizes=\"auto, (max-width: 800px) 100vw, 800px\" \/><\/a><\/figure>\n<\/figure>\n","protected":false},"excerpt":{"rendered":"<p>Micaela M\u00e1rquez SemM\u00e9xico, Ciudad de M\u00e9xico, 27 de febrero, 2026.- Para el 8 de marzo, D\u00eda Internacional de la Mujer, el Instituto Nacional Bellas Artes (INBAL) ha programado una serie de actividades que buscan convertir la experiencia art\u00edstica en una forma de di\u00e1logo entre artistas y p\u00fablico. Con m\u00fasica y canto la Secretar\u00eda de Cultura [&hellip;]<\/p>\n","protected":false},"author":3,"featured_media":103075,"comment_status":"open","ping_status":"open","sticky":false,"template":"","format":"standard","meta":{"_monsterinsights_skip_tracking":false,"footnotes":""},"categories":[205],"tags":[],"class_list":["post-103074","post","type-post","status-publish","format-standard","has-post-thumbnail","category-8-de-marzo"],"_links":{"self":[{"href":"https:\/\/redsemlac.com\/semmexico\/wp-json\/wp\/v2\/posts\/103074","targetHints":{"allow":["GET"]}}],"collection":[{"href":"https:\/\/redsemlac.com\/semmexico\/wp-json\/wp\/v2\/posts"}],"about":[{"href":"https:\/\/redsemlac.com\/semmexico\/wp-json\/wp\/v2\/types\/post"}],"author":[{"embeddable":true,"href":"https:\/\/redsemlac.com\/semmexico\/wp-json\/wp\/v2\/users\/3"}],"replies":[{"embeddable":true,"href":"https:\/\/redsemlac.com\/semmexico\/wp-json\/wp\/v2\/comments?post=103074"}],"version-history":[{"count":0,"href":"https:\/\/redsemlac.com\/semmexico\/wp-json\/wp\/v2\/posts\/103074\/revisions"}],"wp:featuredmedia":[{"embeddable":true,"href":"https:\/\/redsemlac.com\/semmexico\/wp-json\/wp\/v2\/media\/103075"}],"wp:attachment":[{"href":"https:\/\/redsemlac.com\/semmexico\/wp-json\/wp\/v2\/media?parent=103074"}],"wp:term":[{"taxonomy":"category","embeddable":true,"href":"https:\/\/redsemlac.com\/semmexico\/wp-json\/wp\/v2\/categories?post=103074"},{"taxonomy":"post_tag","embeddable":true,"href":"https:\/\/redsemlac.com\/semmexico\/wp-json\/wp\/v2\/tags?post=103074"}],"curies":[{"name":"wp","href":"https:\/\/api.w.org\/{rel}","templated":true}]}}