{"id":103064,"date":"2026-02-27T16:26:31","date_gmt":"2026-02-27T22:26:31","guid":{"rendered":"https:\/\/redsemlac.com\/semmexico\/?p=103064"},"modified":"2026-02-27T16:26:32","modified_gmt":"2026-02-27T22:26:32","slug":"violentan-derechos-de-114-internas-de-hospital-psiquiatrico-en-el-estado-de-mexico","status":"publish","type":"post","link":"https:\/\/redsemlac.com\/semmexico\/violentan-derechos-de-114-internas-de-hospital-psiquiatrico-en-el-estado-de-mexico\/","title":{"rendered":"Violentan derechos de 114 internas de hospital psiqui\u00e1trico en el Estado de M\u00e9xico"},"content":{"rendered":"\n<ul class=\"wp-block-list\">\n<li>Busca Senado la comparecencia de la titular de Salud, Macarena Montoya<\/li>\n\n\n\n<li>En condiciones de aislamiento y riesgos a su integridad: acusa senadora Esther Ortiz<\/li>\n\n\n\n<li>Mantienen instituciones psiqui\u00e1tricas pr\u00e1cticas de reclusi\u00f3n involuntaria y tratos crueles<\/li>\n<\/ul>\n\n\n\n<p class=\"wp-block-paragraph\">Redacci\u00f3n<\/p>\n\n\n\n<p class=\"wp-block-paragraph\">SemM\u00e9xico, Ciudad de M\u00e9xico, 27 de febrero, 2026.- El Hospital de Salud Mental para Mujeres \u201cJos\u00e9 S\u00e1yago\u201d, ubicado en Tepexpan, Estado de M\u00e9xico, enfrenta denuncias por presuntos tratos inhumanos, aislamiento forzado y violaciones sistem\u00e1ticas a los derechos humanos de las 114 internas, por lo que se busca la comparecencia ante el Senado de la Rep\u00fablica de la titular de la Secretar\u00eda de Salud estatal, Macarena Montoya Olvera.<\/p>\n\n\n\n<p class=\"wp-block-paragraph\">La senadora Maki Esther Ortiz Dom\u00ednguez, del Partido Verde Ecologista de M\u00e9xico (PVEM), present\u00f3 un punto de acuerdo para exigir la intervenci\u00f3n inmediata de autoridades estatales y federales, con el fin de que se investiguen las condiciones en las que operan las instalaciones y de las acciones emprendidas del nosocomio.<\/p>\n\n\n\n<p class=\"wp-block-paragraph\">De acuerdo con el reporte de la legisladora, las internas no estar\u00edan recibiendo un tratamiento terap\u00e9utico integral, sino que permanecer\u00edan bajo un esquema de \u201creclusi\u00f3n punitiva\u201d que privilegia el control y el castigo sobre la atenci\u00f3n m\u00e9dica especializada. Entre las pr\u00e1cticas denunciadas, destaca el uso indebido del aislamiento como mecanismo disciplinario, lo que podr\u00eda constituir una vulneraci\u00f3n directa a los derechos humanos y a los est\u00e1ndares nacionales e internacionales en materia de salud mental.<\/p>\n\n\n\n<p class=\"wp-block-paragraph\">En su exposici\u00f3n de motivos, la senadora apunt\u00f3 que hay hospitales psiqui\u00e1tricos que siguen operando como espacios de reclusi\u00f3n, con pr\u00e1cticas de maltrato, deshumanizaci\u00f3n y negaci\u00f3n sistem\u00e1tica de la autonom\u00eda personal de las y los pacientes, que pasa por la tortura sexual y la misoginia, cuando son mujeres.<\/p>\n\n\n\n<p class=\"wp-block-paragraph\">Hay una falta de protocolos claros, criterios cl\u00ednicos estrictos y supervisi\u00f3n m\u00e9dica permanente, adem\u00e1s de internamientos involuntarios, lo que se considera una violaci\u00f3n a la libertad personal o una forma de tortura o trato cruel, destac\u00f3, con base en datos de la Comisi\u00f3n Nacional de Derechos Humanos, La Suprema Corte de Justicia de la Naci\u00f3n y por organizaciones como Documento, AC.<\/p>\n\n\n\n<p class=\"wp-block-paragraph\">El exhorto legislativo tambi\u00e9n solicita la intervenci\u00f3n urgente de la Comisi\u00f3n de Derechos Humanos del Estado de M\u00e9xico para realizar una inspecci\u00f3n exhaustiva que permita verificar las condiciones de vida de las pacientes y garantizar su integridad f\u00edsica y emocional.<\/p>\n\n\n\n<p class=\"wp-block-paragraph\">La senadora Ortiz se\u00f1ala que uno de los puntos centrales del debate es la necesidad de transformar el modelo de operaci\u00f3n del hospital, bajo una perspectiva de g\u00e9nero real y efectiva. Especialistas y organizaciones coinciden en que, para erradicar posibles pr\u00e1cticas de violencia institucional, un centro que atiende exclusivamente a mujeres debe ser administrado y operado por personal femenino en todos los niveles: direcci\u00f3n, administraci\u00f3n, cuerpo m\u00e9dico, enfermer\u00eda y seguridad. Esta propuesta no responde \u00fanicamente a un criterio administrativo, sino a la urgencia de crear un entorno seguro, emp\u00e1tico y libre de cualquier forma de abuso de poder o violencia de g\u00e9nero.<\/p>\n\n\n\n<p class=\"wp-block-paragraph\">Para la representante del PVEM, el Hospital \u201cJos\u00e9 S\u00e1yago\u201d debe de dejar ser percibido como un espacio de encierro que profundiza la vulnerabilidad de sus internas y se convierta en una instituci\u00f3n que garantice tratamiento digno, rehabilitaci\u00f3n efectiva y respeto irrestricto a los derechos humanos.<\/p>\n\n\n\n<p class=\"wp-block-paragraph\">SEM\/Redacci\u00f3n<\/p>\n","protected":false},"excerpt":{"rendered":"<p>Redacci\u00f3n SemM\u00e9xico, Ciudad de M\u00e9xico, 27 de febrero, 2026.- El Hospital de Salud Mental para Mujeres \u201cJos\u00e9 S\u00e1yago\u201d, ubicado en Tepexpan, Estado de M\u00e9xico, enfrenta denuncias por presuntos tratos inhumanos, aislamiento forzado y violaciones sistem\u00e1ticas a los derechos humanos de las 114 internas, por lo que se busca la comparecencia ante el Senado de la [&hellip;]<\/p>\n","protected":false},"author":3,"featured_media":103065,"comment_status":"open","ping_status":"open","sticky":false,"template":"","format":"standard","meta":{"_monsterinsights_skip_tracking":false,"footnotes":""},"categories":[694],"tags":[],"class_list":["post-103064","post","type-post","status-publish","format-standard","has-post-thumbnail","category-destacadas"],"_links":{"self":[{"href":"https:\/\/redsemlac.com\/semmexico\/wp-json\/wp\/v2\/posts\/103064","targetHints":{"allow":["GET"]}}],"collection":[{"href":"https:\/\/redsemlac.com\/semmexico\/wp-json\/wp\/v2\/posts"}],"about":[{"href":"https:\/\/redsemlac.com\/semmexico\/wp-json\/wp\/v2\/types\/post"}],"author":[{"embeddable":true,"href":"https:\/\/redsemlac.com\/semmexico\/wp-json\/wp\/v2\/users\/3"}],"replies":[{"embeddable":true,"href":"https:\/\/redsemlac.com\/semmexico\/wp-json\/wp\/v2\/comments?post=103064"}],"version-history":[{"count":0,"href":"https:\/\/redsemlac.com\/semmexico\/wp-json\/wp\/v2\/posts\/103064\/revisions"}],"wp:featuredmedia":[{"embeddable":true,"href":"https:\/\/redsemlac.com\/semmexico\/wp-json\/wp\/v2\/media\/103065"}],"wp:attachment":[{"href":"https:\/\/redsemlac.com\/semmexico\/wp-json\/wp\/v2\/media?parent=103064"}],"wp:term":[{"taxonomy":"category","embeddable":true,"href":"https:\/\/redsemlac.com\/semmexico\/wp-json\/wp\/v2\/categories?post=103064"},{"taxonomy":"post_tag","embeddable":true,"href":"https:\/\/redsemlac.com\/semmexico\/wp-json\/wp\/v2\/tags?post=103064"}],"curies":[{"name":"wp","href":"https:\/\/api.w.org\/{rel}","templated":true}]}}