{"id":10306,"date":"2019-07-30T17:31:10","date_gmt":"2019-07-30T17:31:10","guid":{"rendered":"https:\/\/redsemlac.com\/semmexico\/?p=10306"},"modified":"2023-07-21T14:51:15","modified_gmt":"2023-07-21T19:51:15","slug":"yo-tambien-doy-la-espalda-a-la-trata","status":"publish","type":"post","link":"https:\/\/redsemlac.com\/semmexico\/yo-tambien-doy-la-espalda-a-la-trata\/","title":{"rendered":"\u00abYo tambi\u00e9n doy la espalda a la trata\u00bb"},"content":{"rendered":"\n<p class=\"wp-block-paragraph\"> <strong>Una campa\u00f1a para mostrar el rechazo de la sociedad a las mafias que explotan mujeres y ni\u00f1as en todo el mundo y a sus c\u00f3mplices <\/strong><\/p>\n\n\n\n<p class=\"wp-block-paragraph\"><strong>Redacci\u00f3n\u00a0<\/strong><br><\/p>\n\n\n\n<p class=\"wp-block-paragraph\">SemM\u00e9xico\/AmecoPress. Madrid, 30 jul. 19.- Dar la espalda a la trata. Este es el mensaje que desde la Asociaci\u00f3n para la Prevenci\u00f3n, Reinserci\u00f3n y Atenci\u00f3n a la Mujer Prostituta (APRAMP) han querido lanzar en sus redes sociales. Con motivo del d\u00eda internacional contra la trata que tiene lugar el 30 de julio, han lanzado el hastag #yodoylaespaldaalatrata con el que quieren mostrar su rechazo a las mafias, puteros y proxenetas.<\/p>\n\n\n\n<p class=\"wp-block-paragraph\">El 94% de las v\u00edctimas de trata con fines de explotaci\u00f3n sexual son mujeres y ni\u00f1as seg\u00fan el \u00faltimo informe realizado por la Oficina de Naciones Unidas contra la Droga y el Delito (UNODC) en 2018. En total, el 80% de la trata mundial de seres humanos se produce con fines de explotaci\u00f3n sexual.<\/p>\n\n\n\n<p class=\"wp-block-paragraph\">Unos datos alarmantes que desde APRAMP luchan por erradicar. Con m\u00e1s de 25 a\u00f1os de experiencia ayudan diariamente a mujeres que sufren o han sufrido explotaci\u00f3n sexual y trata d\u00e1ndoles herramientas para que recuperen la libertad y autonom\u00eda que les ha sido robada y puedan emprender una vida fuera del control y abuso de sus explotadores. A partir de la defensa de los derechos de estas personas, contribuyen a prevenir y erradicar la explotaci\u00f3n sexual y la trata. Adem\u00e1s, exigen al Estado la obligaci\u00f3n que tiene de proteger y garantizar justicia a las v\u00edctimas.<\/p>\n\n\n\n<p class=\"wp-block-paragraph\">La campa\u00f1a \u201cyo tambi\u00e9n doy la espalda a la trata\u201d pretende mostrar apoyo a las mujeres y ni\u00f1as que han sido v\u00edctimas de trata y al mismo tiempo, mostrar su repulsa a estos grupos organizados. Adem\u00e1s, desde la asociaci\u00f3n ven muy necesario lanzar un mensaje a la sociedad, por eso, piden a todas las personas que suban una foto de espaldas en sus redes sociales para visibilizar esta situaci\u00f3n y dar la espalda a los que participan en el mercado de seres humanos.<\/p>\n\n\n\n<p class=\"wp-block-paragraph\">No actual, mirar hacia otro lado, cruzarse de brazos\u2026 Todos estos gestos implican ser c\u00f3mplice de la esclavitud. Por eso, desde la Asociaci\u00f3n para la Prevenci\u00f3n, Reinserci\u00f3n y Atenci\u00f3n a la Mujer Prostituta quieren que se d\u00e9 un paso al frente y las personas se posicionen de espaldas a la trata, a la explotaci\u00f3n sexual, a la esclavitud y a la compra-venta de seres humanos; porque la trata es un asunto de toda la sociedad.<\/p>\n","protected":false},"excerpt":{"rendered":"<p>Una campa\u00f1a para mostrar el rechazo de la sociedad a las mafias que explotan mujeres y ni\u00f1as en todo el mundo y a sus c\u00f3mplices<\/p>\n","protected":false},"author":3,"featured_media":10307,"comment_status":"open","ping_status":"open","sticky":false,"template":"","format":"standard","meta":{"_monsterinsights_skip_tracking":false,"footnotes":""},"categories":[690,53],"tags":[],"class_list":["post-10306","post","type-post","status-publish","format-standard","has-post-thumbnail","category-690","category-internacional"],"_links":{"self":[{"href":"https:\/\/redsemlac.com\/semmexico\/wp-json\/wp\/v2\/posts\/10306","targetHints":{"allow":["GET"]}}],"collection":[{"href":"https:\/\/redsemlac.com\/semmexico\/wp-json\/wp\/v2\/posts"}],"about":[{"href":"https:\/\/redsemlac.com\/semmexico\/wp-json\/wp\/v2\/types\/post"}],"author":[{"embeddable":true,"href":"https:\/\/redsemlac.com\/semmexico\/wp-json\/wp\/v2\/users\/3"}],"replies":[{"embeddable":true,"href":"https:\/\/redsemlac.com\/semmexico\/wp-json\/wp\/v2\/comments?post=10306"}],"version-history":[{"count":0,"href":"https:\/\/redsemlac.com\/semmexico\/wp-json\/wp\/v2\/posts\/10306\/revisions"}],"wp:featuredmedia":[{"embeddable":true,"href":"https:\/\/redsemlac.com\/semmexico\/wp-json\/wp\/v2\/media\/10307"}],"wp:attachment":[{"href":"https:\/\/redsemlac.com\/semmexico\/wp-json\/wp\/v2\/media?parent=10306"}],"wp:term":[{"taxonomy":"category","embeddable":true,"href":"https:\/\/redsemlac.com\/semmexico\/wp-json\/wp\/v2\/categories?post=10306"},{"taxonomy":"post_tag","embeddable":true,"href":"https:\/\/redsemlac.com\/semmexico\/wp-json\/wp\/v2\/tags?post=10306"}],"curies":[{"name":"wp","href":"https:\/\/api.w.org\/{rel}","templated":true}]}}