{"id":10303,"date":"2019-07-30T17:27:15","date_gmt":"2019-07-30T17:27:15","guid":{"rendered":"https:\/\/redsemlac.com\/semmexico\/?p=10303"},"modified":"2023-07-21T14:51:15","modified_gmt":"2023-07-21T19:51:15","slug":"derrotar-la-esclavitud-del-siglo-xxi-exige-un-enfoque-de-derechos-humanos-y-una-perspectiva-de-genero","status":"publish","type":"post","link":"https:\/\/redsemlac.com\/semmexico\/derrotar-la-esclavitud-del-siglo-xxi-exige-un-enfoque-de-derechos-humanos-y-una-perspectiva-de-genero\/","title":{"rendered":"Derrotar la esclavitud del siglo XXI exige un enfoque de derechos humanos y una perspectiva de g\u00e9nero"},"content":{"rendered":"\n<p class=\"wp-block-paragraph\"><em><strong>Hoy es el D\u00eda Internacional contra la Trata. La defensa de los derechos humanos pierde puntos frente discursos que sostienen que la seguridad, el beneficio econ\u00f3mico y el mantenimiento del orden establecido son prioritarios, m\u00e1s prioritarios que la vida humana.<\/strong><\/em><\/p>\n\n\n\n<p class=\"wp-block-paragraph\"><strong>Gloria L\u00f3pez<\/strong><\/p>\n\n\n\n<p class=\"wp-block-paragraph\">SemM\u00e9xico\/Amecopress. Madrid. 30 de julio de 2019.- La lechuga o las fresas que comemos hoy han podido ser recogidas por mujeres y hombres v\u00edctimas de trata. La joven muchacha con la que te cruzaste en la esquina de una de las calles c\u00e9ntricas de tu ciudad podr\u00eda estar sometida al yugo de una de las redes que \u201cayudan\u201d a cruzar fronteras a mujeres y ni\u00f1as para lucrarse con ellas mediante su explotaci\u00f3n sexual. Tambi\u00e9n detr\u00e1s de mucha de la ropa que llevamos hay explotaci\u00f3n laboral, cometida con la complicidad de multinacionales due\u00f1as de marcas famosas. Ceguera compartida que impide reconocer el rostro del sufrimiento de quienes limpian casas en condiciones de esclavitud. Hoy es el D\u00eda Internacional contra la Trata. La defensa de los derechos humanos pierde puntos frente discursos que sostienen que la seguridad, el beneficio econ\u00f3mico y el mantenimiento del orden establecido son prioritarios, m\u00e1s prioritarios que la vida humana.<\/p>\n\n\n\n<p class=\"wp-block-paragraph\">Seg\u00fan datos de la Estrategia de la Uni\u00f3n Europea para la erradicaci\u00f3n de la trata de seres humanos, el 80% de las v\u00edctimas de trata son mujeres, de las cuales un 12% son ni\u00f1as y, en relaci\u00f3n con la trata para la explotaci\u00f3n sexual, el 96% son mujeres. Seg\u00fan el \u00faltimo Informe Mundial de la Oficina de Naciones Unidas contra la Droga y el Delito, las mujeres constituyen el 94% de las v\u00edctimas de este tipo de trata a nivel mundial y el 90% en Europa Occidental. De ah\u00ed la necesidad de abordar este fen\u00f3meno desde una perspectiva de g\u00e9nero y de infancia.<\/p>\n\n\n\n<p class=\"wp-block-paragraph\">El secretario general de Naciones Unidas, Ant\u00f3nio Guterres, ha alertado de que la trata de personas sigue avanzando en todo el mundo debido a la \u00abindiferencia ante el abuso y la explotaci\u00f3n\u00bb y a que numerosos sectores \u00abse benefician de la miseria\u00bb. En un comunicado, Guterres ha denunciado que \u00abla guerra, el cambio clim\u00e1tico, los desastres naturales y la pobreza\u00bb exacerban la vulnerabilidad y la desesperaci\u00f3n que favorecen que el tr\u00e1fico de personas prospere, una situaci\u00f3n que perjudica principalmente a las personas migrantes.<\/p>\n\n\n\n<p class=\"wp-block-paragraph\">\u00abLos migrantes est\u00e1n en el punto de mira. Miles de personas han perdido la vida en el mar, en los desiertos, en centros de detenci\u00f3n, a manos de traficantes que ejercen un monstruoso y despiadado oficio\u00bb, ha asegurado Guterres.<\/p>\n\n\n\n<p class=\"wp-block-paragraph\">Por su parte, la relatora especial de la ONU sobre trata de personas, Maria Grazia Giammarinaro, ha explicado que \u201clas pol\u00edticas xen\u00f3fobas y restrictivas sobre migraci\u00f3n, junto con la criminalizaci\u00f3n de los y las migrantes, as\u00ed como de las organizaciones e individuos que suministran ayuda humanitaria, son incompatibles con una actuaci\u00f3n eficaz contra el tr\u00e1fico de personas\u00bb y, por el contrario, la fomentan.<\/p>\n\n\n\n<p class=\"wp-block-paragraph\">Efectivamente ni el enfoque de defensa de los derechos humanos ni la perspectiva de g\u00e9nero predominan en el dise\u00f1o de las estrategias pol\u00edticas. El cierre de fronteras de la Uni\u00f3n Europea y EEUU fuerza a miles de mujeres a acudir a las redes de trata para llegar a sus tierras e intentar mejorar sus vidas y las de sus seres queridos. Si logran escapar de sus tratantes y consiguen pedir ayuda, ya en el pa\u00eds de destino, la mayor\u00eda de las veces quedan en la clandestinidad, sin posibilidad de acceder a los papeles y, por tanto, sometidas a la discriminaci\u00f3n y la desesperanza. Mientras, los gobiernos destinan cada vez m\u00e1s presupuesto a campa\u00f1as de sensibilizaci\u00f3n contra la trata, ese gran negocio que mueve miles de miles de millones de euros cada a\u00f1o, sin buscar la ra\u00edz de su existencia: la creciente desigualdad Norte-Sur y el fracaso de un sistema depredador.<\/p>\n\n\n\n<p class=\"wp-block-paragraph\">Porque est\u00e1 demostrado: la falta de solidaridad y de compromiso con las personas refugiadas y migrantes contribuye al incremento de la violencia en las rutas y una vez m\u00e1s, mujeres y ni\u00f1as son las m\u00e1s perjudicadas. Las organizaciones denuncian que la trata se siga abordando como un problema de extranjer\u00eda \u2013y m\u00e1s concretamente de persecuci\u00f3n de la inmigraci\u00f3n ilegal- y no desde el enfoque de derechos humanos, y que se sostengan estereotipos que dificultan la lucha contra diversas formas de explotaci\u00f3n. \u201cEl punto central de todo estudio de la trata debe ser el reconocimiento de que vulnera numerosos derechos humanos\u201d, afirma Teresa Fern\u00e1ndez, abogada especializada en temas de trata de la organizaci\u00f3n Women\u2019s Link. \u201cAdem\u00e1s, hay que tener en cuenta que la trata constituye una forma violencia de g\u00e9nero y, por tanto, es una forma de discriminaci\u00f3n por g\u00e9nero prohibida por la normativa internacional, regional y nacional\u201d.<\/p>\n\n\n\n<p class=\"wp-block-paragraph\">La abogada de Women\u2019s Link Woldwide Gema Fern\u00e1ndez reclama tambi\u00e9n abordar la trata en un \u00abmarco de derechos humanos\u00bb, poniendo el foco m\u00e1s all\u00e1 de la explotaci\u00f3n sexual y entenderla como cualquier forma que trata a las personas \u00abcomo meros objetos de los que se obtiene unos beneficios\u00bb. \u00abHay que seguir identificando esas nuevas formas de trata, por lo que hay que tener esa mirada amplia, porque los tratantes se mezclan en el mundo que vivimos y entre nuestras demandas de consumo de ropa barata o de tecnolog\u00eda\u00bb, puntualiza Fern\u00e1ndez. La jurista ha alertado de que los responsables de esas organizaciones delictivas se mueven bien ante situaciones de emergencia humanitaria y de concentraci\u00f3n de personas, como est\u00e1 ocurriendo en muchas fronteras europeas con las personas refugiadas y migrantes.<\/p>\n\n\n\n<p class=\"wp-block-paragraph\">Nadia, integrante de la Caravana Abriendo Fronteras en Almer\u00eda y activista en La V\u00eda Campesina denuncia las condiciones de explotaci\u00f3n laboral a las que algunas empresas de Almer\u00eda y Huelva someten a trabajadoras extranjeras. Privarlas de su pasaporte y salario hasta poco antes de finalizar la temporada de recolecta, es una medida enfocada a controlar su libertad de movimiento hasta que queden liberadas de su carga contractual. Alargar la jornada sin abonar las horas extraordinarias, y otras muchas vulneraciones del derecho laboral, violan las premisas de un convenio colectivo de por s\u00ed poco garantista de la dignidad del trabajo agr\u00edcola. Los abusos sexuales forman parte de la realidad que tambi\u00e9n tienen que soportar las temporeras de origen marroqu\u00ed.<\/p>\n\n\n\n<p class=\"wp-block-paragraph\"><strong>Identificar y proteger a las v\u00edctimas de trata<\/strong><\/p>\n\n\n\n<p class=\"wp-block-paragraph\">CEAR ha denunciado \u201cel gran reto de identificar a las v\u00edctimas de trata\u201d en un comunicado que ha difundido con motivo del D\u00eda Internacional contra la trata. \u201cLos Estados deben responsabilizarse de proteger a las v\u00edctimas de trata, un delito inhumano que afecta a mujeres de todo el mundo. La falta de una identificaci\u00f3n adecuada est\u00e1 propiciando que muchas sigan siendo vulnerables a las redes de trata incluso en los considerados como pa\u00edses seguros\u201d, destaca el texto.<\/p>\n\n\n\n<p class=\"wp-block-paragraph\">A finales de 2016, Espa\u00f1a comenz\u00f3 a reconocer el derecho de asilo a las v\u00edctimas de trata y a menores que se encontraban a su cargo. Pero a\u00fan cada reconocimiento se celebra como una victoria, ya que se detectan muchos casos, pero no se est\u00e1n identificando adecuadamente. En el \u00faltimo a\u00f1o y medio, el equipo jur\u00eddico de CEAR ha conseguido que se conceda el estatuto de refugiada a 17 v\u00edctimas de trata y sus cuatro hijos menores.<\/p>\n\n\n\n<p class=\"wp-block-paragraph\">La mayor\u00eda de las v\u00edctimas son mujeres y ni\u00f1as con fines de explotaci\u00f3n sexual, aunque tambi\u00e9n se dan casos de explotaci\u00f3n laboral. Suelen ser captadas en sus pa\u00edses de origen donde las redes aprovechan situaciones de extrema vulnerabilidad por conflictos o violencia extrema, como es el caso de Nigeria, R.D. Congo, pero tambi\u00e9n de pa\u00edses centroamericanos.<\/p>\n\n\n\n<p class=\"wp-block-paragraph\">En ocasiones son igualmente captadas por las redes en pa\u00edses de tr\u00e1nsito, como Marruecos o Libia, en los que sufren una enorme desprotecci\u00f3n y vulneraci\u00f3n de sus derechos humanos. Por eso, normalmente cuando por fin logran llegar a un lugar seguro no se f\u00edan de nadie. Detecci\u00f3n, identificaci\u00f3n adecuada, tratamiento diferenciado en tramitaci\u00f3n de su solicitud de asilo y recursos de acogida especializados siguen siendo retos pendientes para que puedan encontrar por fin un refugio al que tienen derecho.<\/p>\n\n\n\n<p class=\"wp-block-paragraph\"><strong>Claves de lucha<\/strong><\/p>\n\n\n\n<p class=\"wp-block-paragraph\">Elena Mu\u00f1oz, responsable del Servicio Jur\u00eddico de CEAR Madrid, apunta algunas claves para que el derecho de asilo se convierta en un escudo contra la trata: \u201cDetecci\u00f3n e identificaci\u00f3n adecuada cuando llegan a Espa\u00f1a, atenci\u00f3n jur\u00eddica especializada, tratamiento diferenciado en cumplimiento del art\u00edculo 46 de la Ley de Asilo y la directiva de procedimiento y m\u00e1s plazas que cumplan los requisitos de seguridad y personal especializado para atender a este colectivo\u201d.<\/p>\n\n\n\n<p class=\"wp-block-paragraph\">Helena Maleno dedica su vida a \u201cdefender la vida\u201d. Sabe, por propia experiencia y por la labor que ha desarrollado durante a\u00f1os, que las mujeres migrantes y las mujeres defensoras de los derechos humanos enfrentan una mayor violencia por el hecho de ser mujeres. \u201cExiste una violencia que se dirige a la condici\u00f3n de mujer: a tu cuerpo, a tus hijos\u201d. Y en el caso de las mujeres que emigran, durante el tr\u00e1nsito y tambi\u00e9n en el pa\u00eds de destino tienen que enfrentar la violencia sexual, \u201cun peaje que se asume como parte del viaje\u201d.<\/p>\n\n\n\n<p class=\"wp-block-paragraph\">La defensora particip\u00f3 hace poco m\u00e1s de un a\u00f1o en un estudio realizado a partir del testimonio de 101 mujeres nigerianas. \u201cPor primera vez las mujeres hablan de feminicidio racial en las fronteras, denuncian que las ven como pobres, putas y malas madres y hablan de la violencia sexual como \u201cuna estrategia para no morir\u201d\u201d. Y recuerda que estas mujeres \u201ctampoco tienen derecho a no migrar\u201d. Maleno defiende que tenemos que acoger cuando las instituciones no acogen y que tenemos una responsabilidad con el discurso racista, presente incluso dentro de los centros de acogida. \u201cHay que dar voz a las compa\u00f1eras. Necesitamos que la acogida sea un proceso y que las mujeres decidan qu\u00e9 hacer y cuando\u201d. Y afirma: \u201cAnte las pol\u00edticas de horror y muerte, nosotras construimos pol\u00edticas de amor y de vida\u201d.<\/p>\n\n\n\n<p class=\"wp-block-paragraph\">Helena Maleno se\u00f1ala con rotundidad que \u201cesta industria de la esclavitud existe porque hay quienes demandan personas como mercanc\u00edas\u201d. \u201cLa forma efectiva para acabar con el negocio es garantizar los Derechos Humanos de todas las v\u00edctimas\u201d, concluye.<\/p>\n\n\n\n<p class=\"wp-block-paragraph\"><strong>En cualquier rinc\u00f3n<\/strong><\/p>\n\n\n\n<p class=\"wp-block-paragraph\">Pero la trata no afecta solo a mujeres que migran, ni es un fen\u00f3meno que se produce en determinados pa\u00edses o zonas geogr\u00e1ficas, sino que existe en todos los pa\u00edses. Como record\u00f3 el pasado mi\u00e9rcoles una sentencia de la Sala de lo Penal del Tribunal Supremo, \u201cno hace falta irse a lejanos pa\u00edses para observar la esclavitud del siglo XXI de cerca, simplemente adentrarse en lugares tan cercanos, a lo largo de los m\u00e1rgenes de nuestras carreteras, en donde hallar uno o varios clubs de alterne en cuyo interior se practica la prostituci\u00f3n con personas forzadas, esclavizadas, a las que, sin rubor alguno, se compra y se vende entre los distintos establecimientos, mientras tales seres humanos se ven violentados a \u2018pagar\u2019 hasta el billete de ida a su dignidad\u201d. \u201cResulta fundamental resaltar que no estamos ante un delito que pueda ser cometido exclusivamente contra personas extranjeras, sino que abarcar\u00e1 todas las formas de trata de seres humanos, nacionales o trasnacionales\u201d.<\/p>\n\n\n\n<p class=\"wp-block-paragraph\">Espa\u00f1a es uno de los principales pa\u00edses de Europa de tr\u00e1nsito y destino de las v\u00edctimas de esta forma de esclavitud con una demanda muy importante que, de manera consciente o inconsciente, la respalda y alimenta. La reciente sentencia del Tribunal Supremo considera que es delito de trata de seres humanos la actividad de los clubes de carretera donde se esclaviza a mujeres extranjeras, en una resoluci\u00f3n en la que, adem\u00e1s de advertirnos de la cercan\u00eda del problema, hace un recorrido clarificando las distintas fases en las que se articula: captaci\u00f3n, traslado y explotaci\u00f3n. Muchas mujeres escapan de sus pa\u00edses de origen en busca de una vida mejor, sin saber en su huida que van a caer en las redes de las mafias y a trabajar para las mismas bajo el yugo de una amenaza constante por parte de sus traficantes. Las v\u00edctimas de la esclavitud sexual tienen due\u00f1o y viven atrapadas por el miedo a que estos les hagan da\u00f1o a ellas o a sus familiares. \u201cSe hace dif\u00edcil comprender que los miles de hombres que acuden en busca de sexo de pago no sean conscientes del terror que se esconde detr\u00e1s de cada consumo, o no quieran mirar m\u00e1s all\u00e1 para tratar de comprender la trascendencia de su participaci\u00f3n en esta cadena opresora que hace posible que hoy en d\u00eda a\u00fan siga existiendo la esclavitud\u201d, advierten voces como APRAM, una de las organizaciones que ayuda a v\u00edctimas de trata a salir de las redes y rehacer sus vidas.<\/p>\n\n\n\n<p class=\"wp-block-paragraph\"><strong>Ley integral<\/strong><\/p>\n\n\n\n<p class=\"wp-block-paragraph\">La trata de seres humanos es un fen\u00f3meno complejo y global, que exige coordinaci\u00f3n y formaci\u00f3n entre todas las autoridades y recursos que intervienen en el proceso de detecci\u00f3n, protecci\u00f3n de las v\u00edctimas y persecuci\u00f3n del delito.<\/p>\n\n\n\n<p class=\"wp-block-paragraph\">La aprobaci\u00f3n de una Ley Integral de Lucha contra la Trata de Seres humanos y Protecci\u00f3n a las V\u00edctimas ofrecer\u00eda m\u00e1s garant\u00edas a las personas que sufren esta enorme violaci\u00f3n de derechos humanos. Es lo que defienden las organizaciones que forman parte de la Red contra la Trata en el Estado espa\u00f1ol: Women\u2019s Link, APRAMP, Proyecto Esperanza, entre otras. La Ley podr\u00eda ser una herramienta para consolidar la perspectiva que sit\u00faa a las v\u00edctimas en el centro de todo y garantizar un enfoque integral basado en derechos humanos. Una ley contribuir\u00eda tambi\u00e9n a algo fundamental: cambiar la percepci\u00f3n que la sociedad tiene sobre la trata y empezar a abordarla como un problema de derechos humanos.<\/p>\n\n\n\n<p class=\"wp-block-paragraph\">Adem\u00e1s, hay que completar y fortalecer el car\u00e1cter integral asegurando que cualquier aproximaci\u00f3n al fen\u00f3meno incorpore una clara perspectiva de g\u00e9nero y de infancia porque justamente las mujeres y los ni\u00f1os y las ni\u00f1as son la mayor\u00eda de v\u00edctimas de este delito. El sistema actual todav\u00eda no recoge estos aspectos y as\u00ed las organizaciones de derechos humanos y las administraciones desconocen el alcance y la dimensi\u00f3n cuantitativa de la situaci\u00f3n de ni\u00f1os, ni\u00f1as y j\u00f3venes v\u00edctimas.<\/p>\n\n\n\n<p class=\"wp-block-paragraph\">El PSOE elabor\u00f3 la pasada legislatura un Proyecto de Ley contra la trata de seres humanos y en particular con fines de explotaci\u00f3n sexual que no lleg\u00f3 a ser tramitado. Entre las medidas preve\u00eda penalizar al cliente de la prostituci\u00f3n, perseguir a quienes faciliten pisos donde se ejerza esta actividad, la consideraci\u00f3n de la trata con fines de explotaci\u00f3n sexual como violencia de g\u00e9nero o que la v\u00edctima \u201cno ser\u00e1 considerada culpable en ning\u00fan caso y en consecuencia no ser\u00e1 sancionada\u201d. La propuesta persegu\u00eda \u201cerradicar la prostituci\u00f3n por su estrecha vinculaci\u00f3n con la trata\u201d.<\/p>\n\n\n\n<p class=\"wp-block-paragraph\">El Pacto de Estado contra la Violencia de G\u00e9nero, aprobado en 2017, incluye la aprobaci\u00f3n de una ley org\u00e1nica contra la trata con fines de explotaci\u00f3n sexual.<\/p>\n\n\n\n<p class=\"wp-block-paragraph\">Espa\u00f1a cuenta con un Plan de lucha contra la trata que te\u00f3ricamente se eval\u00faa y ajusta cada cuatro a\u00f1os. A pesar de las dificultades, es cierto que se han ido promoviendo avances, cambios en los modos de actuaci\u00f3n y ciertas transformaciones en la percepci\u00f3n que la sociedad tiene acerca del fen\u00f3meno de la trata. Esto ha sido posible especialmente por el trabajo de las organizaciones. Ellas y, sobre todo, las supervivientes son las protagonistas de este d\u00eda.<\/p>\n\n\n\n<p class=\"wp-block-paragraph\"><\/p>\n","protected":false},"excerpt":{"rendered":"<p>Hoy es el D\u00eda Internacional contra la Trata. La defensa de los derechos humanos pierde puntos frente discursos que sostienen que la seguridad, el beneficio econ\u00f3mico y el mantenimiento del orden establecido son prioritarios, m\u00e1s prioritarios que la vida humana.\ufeff<\/p>\n","protected":false},"author":3,"featured_media":10304,"comment_status":"open","ping_status":"open","sticky":false,"template":"","format":"standard","meta":{"_monsterinsights_skip_tracking":false,"footnotes":""},"categories":[690,53],"tags":[],"class_list":["post-10303","post","type-post","status-publish","format-standard","has-post-thumbnail","category-690","category-internacional"],"_links":{"self":[{"href":"https:\/\/redsemlac.com\/semmexico\/wp-json\/wp\/v2\/posts\/10303","targetHints":{"allow":["GET"]}}],"collection":[{"href":"https:\/\/redsemlac.com\/semmexico\/wp-json\/wp\/v2\/posts"}],"about":[{"href":"https:\/\/redsemlac.com\/semmexico\/wp-json\/wp\/v2\/types\/post"}],"author":[{"embeddable":true,"href":"https:\/\/redsemlac.com\/semmexico\/wp-json\/wp\/v2\/users\/3"}],"replies":[{"embeddable":true,"href":"https:\/\/redsemlac.com\/semmexico\/wp-json\/wp\/v2\/comments?post=10303"}],"version-history":[{"count":0,"href":"https:\/\/redsemlac.com\/semmexico\/wp-json\/wp\/v2\/posts\/10303\/revisions"}],"wp:featuredmedia":[{"embeddable":true,"href":"https:\/\/redsemlac.com\/semmexico\/wp-json\/wp\/v2\/media\/10304"}],"wp:attachment":[{"href":"https:\/\/redsemlac.com\/semmexico\/wp-json\/wp\/v2\/media?parent=10303"}],"wp:term":[{"taxonomy":"category","embeddable":true,"href":"https:\/\/redsemlac.com\/semmexico\/wp-json\/wp\/v2\/categories?post=10303"},{"taxonomy":"post_tag","embeddable":true,"href":"https:\/\/redsemlac.com\/semmexico\/wp-json\/wp\/v2\/tags?post=10303"}],"curies":[{"name":"wp","href":"https:\/\/api.w.org\/{rel}","templated":true}]}}