{"id":103028,"date":"2026-02-25T15:14:02","date_gmt":"2026-02-25T21:14:02","guid":{"rendered":"https:\/\/redsemlac.com\/semmexico\/?p=103028"},"modified":"2026-02-25T15:14:03","modified_gmt":"2026-02-25T21:14:03","slug":"detenido-el-jefe-de-departamento-del-dif-anuncia-fiscalia-de-oaxaca","status":"publish","type":"post","link":"https:\/\/redsemlac.com\/semmexico\/detenido-el-jefe-de-departamento-del-dif-anuncia-fiscalia-de-oaxaca\/","title":{"rendered":"Detenido el jefe de Departamento del DIF, anuncia Fiscal\u00eda de Oaxaca"},"content":{"rendered":"\n<ul class=\"wp-block-list\">\n<li>Suman tres personas a disposici\u00f3n ministerial por fallecimiento de ni\u00f1as haitianas<\/li>\n\n\n\n<li>Fue puesto a disposici\u00f3n de las autoridades ministeriales<\/li>\n<\/ul>\n\n\n\n<p class=\"wp-block-paragraph\">Redacci\u00f3n<\/p>\n\n\n\n<p class=\"wp-block-paragraph\">SemM\u00e9xico, Oaxaca, 25 de febrero, 2026.- Fue detenido y puesto a disposici\u00f3n de la autoridad ministerial E.J.B.Z., el jefe de Departamento de Servicios Generales de la Casa Hogar \u201cPatos\u201d, un centro de tr\u00e1nsito perteneciente al Sistema DIF Oaxaca.<\/p>\n\n\n\n<p class=\"wp-block-paragraph\">As\u00ed lo inform\u00f3 hoy la Fiscal\u00eda General de Oaxaca en un comunicado en el que se\u00f1ala que E.J.B.Z. fue puesto a disposici\u00f3n de autoridad ministerial correspondiente con el objetivo de establecer su grado de responsabilidad en este caso.<\/p>\n\n\n\n<p class=\"wp-block-paragraph\">Con esta detenci\u00f3n y puesta a disposici\u00f3n, se suma a las dos personas presentadas el 24 de febrero ante la FGEO, como parte de las acciones inmediatas dentro de los procesos de procuraci\u00f3n de justicia.&nbsp;<\/p>\n\n\n\n<p class=\"wp-block-paragraph\">En tanto, la Fiscal\u00eda de Oaxaca fortalece las labores especializadas en justicia para ni\u00f1as, ni\u00f1os y adolescentes para permitir que las v\u00edctimas directas e indirectas tengan pleno acceso a los mecanismos de justicia establecidos en el C\u00f3digo Penal vigente del Estado de Oaxaca.&nbsp;<\/p>\n\n\n\n<p class=\"wp-block-paragraph\">Tambi\u00e9n se\u00f1al\u00f3 que se brinda atenci\u00f3n integral a la familia de las v\u00edctimas con asistencia m\u00e9dica y psicol\u00f3gica, as\u00ed como apoyo por parte de Migraci\u00f3n para facilitar las necesidades de traslado de otros familiares para la cohesi\u00f3n del n\u00facleo familiar.<\/p>\n\n\n\n<p class=\"wp-block-paragraph\">SEM\/sj<\/p>\n","protected":false},"excerpt":{"rendered":"<p>Redacci\u00f3n SemM\u00e9xico, Oaxaca, 25 de febrero, 2026.- Fue detenido y puesto a disposici\u00f3n de la autoridad ministerial E.J.B.Z., el jefe de Departamento de Servicios Generales de la Casa Hogar \u201cPatos\u201d, un centro de tr\u00e1nsito perteneciente al Sistema DIF Oaxaca. As\u00ed lo inform\u00f3 hoy la Fiscal\u00eda General de Oaxaca en un comunicado en el que se\u00f1ala [&hellip;]<\/p>\n","protected":false},"author":3,"featured_media":103029,"comment_status":"open","ping_status":"open","sticky":false,"template":"","format":"standard","meta":{"_monsterinsights_skip_tracking":false,"footnotes":""},"categories":[700],"tags":[],"class_list":["post-103028","post","type-post","status-publish","format-standard","has-post-thumbnail","category-estados"],"_links":{"self":[{"href":"https:\/\/redsemlac.com\/semmexico\/wp-json\/wp\/v2\/posts\/103028","targetHints":{"allow":["GET"]}}],"collection":[{"href":"https:\/\/redsemlac.com\/semmexico\/wp-json\/wp\/v2\/posts"}],"about":[{"href":"https:\/\/redsemlac.com\/semmexico\/wp-json\/wp\/v2\/types\/post"}],"author":[{"embeddable":true,"href":"https:\/\/redsemlac.com\/semmexico\/wp-json\/wp\/v2\/users\/3"}],"replies":[{"embeddable":true,"href":"https:\/\/redsemlac.com\/semmexico\/wp-json\/wp\/v2\/comments?post=103028"}],"version-history":[{"count":0,"href":"https:\/\/redsemlac.com\/semmexico\/wp-json\/wp\/v2\/posts\/103028\/revisions"}],"wp:featuredmedia":[{"embeddable":true,"href":"https:\/\/redsemlac.com\/semmexico\/wp-json\/wp\/v2\/media\/103029"}],"wp:attachment":[{"href":"https:\/\/redsemlac.com\/semmexico\/wp-json\/wp\/v2\/media?parent=103028"}],"wp:term":[{"taxonomy":"category","embeddable":true,"href":"https:\/\/redsemlac.com\/semmexico\/wp-json\/wp\/v2\/categories?post=103028"},{"taxonomy":"post_tag","embeddable":true,"href":"https:\/\/redsemlac.com\/semmexico\/wp-json\/wp\/v2\/tags?post=103028"}],"curies":[{"name":"wp","href":"https:\/\/api.w.org\/{rel}","templated":true}]}}