{"id":102969,"date":"2026-02-25T10:58:57","date_gmt":"2026-02-25T16:58:57","guid":{"rendered":"https:\/\/redsemlac.com\/semmexico\/?p=102969"},"modified":"2026-02-25T10:58:59","modified_gmt":"2026-02-25T16:58:59","slug":"abuso-acoso-sexual-acecho-y-violacion-llevaran-a-prision-a-los-perpetradores-aprueban-unanimemente-reformas-al-codigo-penal-federal","status":"publish","type":"post","link":"https:\/\/redsemlac.com\/semmexico\/abuso-acoso-sexual-acecho-y-violacion-llevaran-a-prision-a-los-perpetradores-aprueban-unanimemente-reformas-al-codigo-penal-federal\/","title":{"rendered":"Abuso, Acoso Sexual, Acecho y Violaci\u00f3n\u00a0 llevar\u00e1n a prisi\u00f3n a los perpetradores:\u00a0 aprueban un\u00e1nimemente\u00a0 reformas al C\u00f3digo penal Federal"},"content":{"rendered":"\n<p class=\"wp-block-paragraph\">Reformas que engloban todos los delitos sexuales, aumentan penas tras el atentado&nbsp; a la presidenta de la Rep\u00fablica<\/p>\n\n\n\n<p class=\"wp-block-paragraph\">Penas de 3 y 4 a\u00f1os, que aumentan a la mitad &nbsp; &nbsp; para funcionarios abusadores&nbsp;<\/p>\n\n\n\n<p class=\"wp-block-paragraph\">Las reformas se remitieron al Senado para sus efectos constitucionales<\/p>\n\n\n\n<p class=\"wp-block-paragraph\">Sara Lovera&nbsp;<\/p>\n\n\n\n<p class=\"wp-block-paragraph\">SemM\u00e9xico, Cd. de M\u00e9xico , 25 de febrero, 2026.- La C\u00e1mara de Diputados aprob\u00f3, con el voto un\u00e1nime de 440 legisladoras y legisladores de los seis grupos parlamentarios, el dictamen que reforma y adiciona diversas disposiciones al C\u00f3digo Penal Federal, con el objetivo de sancionar con prisi\u00f3n el abuso, el acoso sexual, la violaci\u00f3n, el estupro y el acecho.&nbsp;<\/p>\n\n\n\n<p class=\"wp-block-paragraph\">Esta reforma responde, al abuso sexual que sufri\u00f3 la presidenta de la Rep\u00fablica en noviembre del a\u00f1o pasado, cuatro meses despu\u00e9s y ante las dificultades para las reformas en los 32 estados del pa\u00eds, se incluyen en el C\u00f3digo federal.<\/p>\n\n\n\n<p class=\"wp-block-paragraph\">Para las expertas, hablar de \u201cmanera reiterada\u201d, libera a los violentadores de ocasi\u00f3n, de la calle e incluso a los integrantes del crimen organizado. Importante la ampliaci\u00f3n del concepto acecho, que com\u00fanmente sucede en lo que se denomina violencia vicaria o casos de pareja o secuestro.&nbsp;<\/p>\n\n\n\n<p class=\"wp-block-paragraph\">Estas reformas modifican&nbsp; la denominaci\u00f3n del Cap\u00edtulo I, del T\u00edtulo Decimoquinto, para quedar como \u00abAcoso Sexual, Abuso Sexual, Estupro y Violaci\u00f3n\u00bb y el art\u00edculo 259 Bis, a fin de establecer que se impondr\u00e1 pena de uno a tres a\u00f1os de prisi\u00f3n y hasta seiscientos d\u00edas de multa a quien con fines lascivos acose o intimide de manera reiterada y por cualquier medio, causando a la ofendida alg\u00fan da\u00f1o o sufrimiento psicoemocional, que lesione su dignidad, o alguna alteraci\u00f3n en el normal desarrollo de su vida cotidiana.&nbsp;<\/p>\n\n\n\n<p class=\"wp-block-paragraph\">Por lo visto, t\u00e9cnicamente se engloban los delitos sexual, todos, lo que te\u00f3ricamente permitir\u00e1 en toda la Rep\u00fablica, que los abusadores no puedan sustraerse de la c\u00e1rcel. Y precisa penas superiores cuando se trate de abusadores que aprovechan la situaci\u00f3n, dependiente o subordinada de la v\u00edctima.<\/p>\n\n\n\n<p class=\"wp-block-paragraph\">La pena aumentar\u00e1 hasta en una mitad cuando la conducta derive de relaciones laborales, docentes, dom\u00e9sticas o cualquiera otra que implique subordinaci\u00f3n; se realice contra una persona menor de edad, adulta mayor, con discapacidad o en situaci\u00f3n de vulnerabilidad, o implique actos de vigilancia o seguimiento.<\/p>\n\n\n\n<p class=\"wp-block-paragraph\">Precisa que si quien cometiera este delito fuese persona servidora p\u00fablica y utilizare los medios o circunstancias que el encargo le proporcione, adem\u00e1s de las penas se\u00f1aladas, se le destituir\u00e1 del cargo y se le podr\u00e1 inhabilitar para ocupar cualquier otro cargo p\u00fablico hasta por un a\u00f1o. El delito ser\u00e1 perseguido a petici\u00f3n de la parte ofendida.<\/p>\n\n\n\n<p class=\"wp-block-paragraph\">EL ACECHO&nbsp;<\/p>\n\n\n\n<p class=\"wp-block-paragraph\">Asimismo, se cambia la denominaci\u00f3n del Cap\u00edtulo I, T\u00edtulo Decimoctavo, como \u00abAcecho, Amenazas y Cobranza Extrajudicial Ilegal\u00bb, y se adiciona un art\u00edculo 281 Bis para estipular que se impondr\u00e1 pena de dos a cuatro a\u00f1os de prisi\u00f3n y hasta cuatrocientos d\u00edas de multa a quien, de manera reiterada, sin consentimiento y sin estar leg\u00edtimamente autorizado, y por cualquier medio realice actos de vigilancia, seguimiento, acercamiento o contacto no deseados, de intimidaci\u00f3n o de cualquier forma de intromisi\u00f3n, que generen en la persona ofendida un da\u00f1o en su salud ps\u00edquica o que alteren el normal desarrollo de su vida cotidiana.<\/p>\n\n\n\n<p class=\"wp-block-paragraph\">La pena, indica, aumentar\u00e1 hasta en una mitad cuando la conducta se realice contra una persona menor de edad, adulta mayor, con discapacidad o en situaci\u00f3n de vulnerabilidad. El delito ser\u00e1 perseguido a petici\u00f3n de la parte ofendida.<\/p>\n\n\n\n<p class=\"wp-block-paragraph\">El dictamen se envi\u00f3 al Senado de la Rep\u00fablica para sus efectos constitucionales.&nbsp;<\/p>\n\n\n\n<p class=\"wp-block-paragraph\"><strong><em>El acoso debe frenarse con la ley, sin privilegios, sin pretextos y sin fuero<\/em><\/strong><\/p>\n\n\n\n<p class=\"wp-block-paragraph\">La diputada Ma. Lorena Garc\u00eda Jimeno Alcocer (PAN), promovente de la reforma, refiri\u00f3 que en M\u00e9xico, seg\u00fan el Instituto Nacional de Estad\u00edstica y Geograf\u00eda (INEGI), m\u00e1s del 70 por ciento de las mujeres han sufrido alg\u00fan tipo de violencia a lo largo de su vida y millones reportan acoso en la calle, en el trabajo o en la escuela. \u201cEsto no es una excepci\u00f3n, es una emergencia nacional\u201d.&nbsp;<\/p>\n\n\n\n<p class=\"wp-block-paragraph\">Seg\u00fan la Encuesta Nacional de Victimizaci\u00f3n hecha por el INEGI, el 90 por ciento de los delitos sexuales no se denuncian o no se investigan hasta sus \u00faltimas consecuencias. Por ello, dijo, el acoso debe frenarse con la ley, \u201csin privilegios, sin pretextos y sin fuero\u201d.<\/p>\n\n\n\n<p class=\"wp-block-paragraph\">Hizo menci\u00f3n de que estas reformas fueron promovidas por todos los grupos parlamentarios, y expres\u00f3 su orgullo por sumar y participar en \u201ccambiar la historia de las mujeres en M\u00e9xico\u201d. Extern\u00f3 su felicitaci\u00f3n a todos los promoventes.&nbsp;<\/p>\n\n\n\n<p class=\"wp-block-paragraph\">\u201cLa dignidad de una mujer no se negocia, la seguridad de una ni\u00f1a no se discute. El respeto no es opcional, es la base de una sociedad decente y hoy decimos fuerte: M\u00e9xico no puede aspirar a ser un pa\u00eds moderno si sus mujeres viven con miedo. El progreso no se mide solo en edificios, se mide en la seguridad de caminar las calles\u201d, finaliz\u00f3.&nbsp;<\/p>\n","protected":false},"excerpt":{"rendered":"<p>Reformas que engloban todos los delitos sexuales, aumentan penas tras el atentado&nbsp; a la presidenta de la Rep\u00fablica Penas de 3 y 4 a\u00f1os, que aumentan a la mitad &nbsp; &nbsp; para funcionarios abusadores&nbsp; Las reformas se remitieron al Senado para sus efectos constitucionales Sara Lovera&nbsp; SemM\u00e9xico, Cd. de M\u00e9xico , 25 de febrero, 2026.- [&hellip;]<\/p>\n","protected":false},"author":3,"featured_media":102970,"comment_status":"open","ping_status":"open","sticky":false,"template":"","format":"standard","meta":{"_monsterinsights_skip_tracking":false,"footnotes":""},"categories":[50,694],"tags":[],"class_list":["post-102969","post","type-post","status-publish","format-standard","has-post-thumbnail","category-congreso","category-destacadas"],"_links":{"self":[{"href":"https:\/\/redsemlac.com\/semmexico\/wp-json\/wp\/v2\/posts\/102969","targetHints":{"allow":["GET"]}}],"collection":[{"href":"https:\/\/redsemlac.com\/semmexico\/wp-json\/wp\/v2\/posts"}],"about":[{"href":"https:\/\/redsemlac.com\/semmexico\/wp-json\/wp\/v2\/types\/post"}],"author":[{"embeddable":true,"href":"https:\/\/redsemlac.com\/semmexico\/wp-json\/wp\/v2\/users\/3"}],"replies":[{"embeddable":true,"href":"https:\/\/redsemlac.com\/semmexico\/wp-json\/wp\/v2\/comments?post=102969"}],"version-history":[{"count":0,"href":"https:\/\/redsemlac.com\/semmexico\/wp-json\/wp\/v2\/posts\/102969\/revisions"}],"wp:featuredmedia":[{"embeddable":true,"href":"https:\/\/redsemlac.com\/semmexico\/wp-json\/wp\/v2\/media\/102970"}],"wp:attachment":[{"href":"https:\/\/redsemlac.com\/semmexico\/wp-json\/wp\/v2\/media?parent=102969"}],"wp:term":[{"taxonomy":"category","embeddable":true,"href":"https:\/\/redsemlac.com\/semmexico\/wp-json\/wp\/v2\/categories?post=102969"},{"taxonomy":"post_tag","embeddable":true,"href":"https:\/\/redsemlac.com\/semmexico\/wp-json\/wp\/v2\/tags?post=102969"}],"curies":[{"name":"wp","href":"https:\/\/api.w.org\/{rel}","templated":true}]}}