{"id":102953,"date":"2026-02-24T17:17:45","date_gmt":"2026-02-24T23:17:45","guid":{"rendered":"https:\/\/redsemlac.com\/semmexico\/?p=102953"},"modified":"2026-02-24T17:17:46","modified_gmt":"2026-02-24T23:17:46","slug":"diana-miloslavich-exministra-de-la-mujer-el-presidente-debe-aclarar-su-postura-sobre-el-derecho-de-las-ninas","status":"publish","type":"post","link":"https:\/\/redsemlac.com\/semmexico\/diana-miloslavich-exministra-de-la-mujer-el-presidente-debe-aclarar-su-postura-sobre-el-derecho-de-las-ninas\/","title":{"rendered":"Diana Miloslavich, exministra de la Mujer: \u201cEl presidente debe aclarar su postura sobre el derecho de las ni\u00f1as\u201d"},"content":{"rendered":"\n<p class=\"wp-block-paragraph\">Exfuncionaria y activista recalc\u00f3 que las relaciones sexuales de adultos con menores son un delito y que el Per\u00fa tiene los mecanismos para protegerlos<\/p>\n\n\n\n<p class=\"wp-block-paragraph\"><strong>Las relaciones sexuales a temprana edad favorecen el desarrollo psicol\u00f3gico de las mujeres: presidente .<\/strong><\/p>\n\n\n\n<p class=\"wp-block-paragraph\"><a href=\"https:\/\/diariocorreo.pe\/autores\/\">Roger Chuqu\u00edn<\/a><\/p>\n\n\n\n<p class=\"wp-block-paragraph\">SemM\u00e9xico\/El Correo, Lima, Per\u00fa, 24 de febrero, 2026.- En di\u00e1logo con&nbsp;<strong>Correo<\/strong>, la exintegrante del gobierno de Pedro Castillo y defensora de los derechos de la mujer y los menores calific\u00f3 de lamentables las declaraciones del actual encargado del Ejecutivo, Jos\u00e9 Balc\u00e1zar, y se\u00f1al\u00f3 que se debe combatir al machismo y conservadurismo ya que generan corrientes de opini\u00f3n da\u00f1inas para la sociedad y la poblaci\u00f3n.<\/p>\n\n\n\n<p class=\"wp-block-paragraph\"><strong>El ahora presidente dijo que las relaciones sexuales a temprana edad favorecen el desarrollo psicol\u00f3gico de las mujeres. \u00bfCu\u00e1l es su opini\u00f3n al respecto?<\/strong><\/p>\n\n\n\n<p class=\"wp-block-paragraph\">Creo que fueron declaraciones lamentables. Creo que hay un desconocimiento total sobre los derechos de las ni\u00f1as, ni\u00f1os y adolescentes en nuestro pa\u00eds. El hecho de tener un presidente que haya expresado tales afirmaciones, es muy preocupante. Atentan contra los est\u00e1ndares fundamentales como el inter\u00e9s superior del ni\u00f1o y la ni\u00f1a.<\/p>\n\n\n\n<figure class=\"wp-block-image size-full\"><a href=\"https:\/\/redsemlac.com\/semmexico\/wp-content\/uploads\/2026\/02\/diana-miloslavich-02.jpg\"><img loading=\"lazy\" decoding=\"async\" width=\"640\" height=\"360\" src=\"https:\/\/redsemlac.com\/semmexico\/wp-content\/uploads\/2026\/02\/diana-miloslavich-02.jpg\" alt=\"\" class=\"wp-image-102956\" srcset=\"https:\/\/redsemlac.com\/semmexico\/wp-content\/uploads\/2026\/02\/diana-miloslavich-02.jpg 640w, https:\/\/redsemlac.com\/semmexico\/wp-content\/uploads\/2026\/02\/diana-miloslavich-02-300x169.jpg 300w, https:\/\/redsemlac.com\/semmexico\/wp-content\/uploads\/2026\/02\/diana-miloslavich-02-150x84.jpg 150w\" sizes=\"auto, (max-width: 640px) 100vw, 640px\" \/><\/a><\/figure>\n\n\n\n<p class=\"wp-block-paragraph\"><strong>\u00bfEn qu\u00e9 situaci\u00f3n se encuentran los ni\u00f1os peruanos frente a este tipo de conductas?<\/strong><\/p>\n\n\n\n<p class=\"wp-block-paragraph\">Nuestro pa\u00eds no se ha retirado de la Corte Interamericana de Derechos Humanos, sigue formando parte del sistema de Naciones Unidas y mantiene vigente todos los compromisos y convenciones que protegen y garantizan una vida libre de violencia para las ni\u00f1as, ni\u00f1os, adolescentes y mujeres. Existen todas las garant\u00edas para proteger a los menores frente a las conductas se\u00f1aladas.<\/p>\n\n\n\n<p class=\"wp-block-paragraph\"><strong>Las declaraciones podr\u00edan generar una corriente de opini\u00f3n errada y perniciosa. De este modo es necesario se\u00f1alar con claridad. \u00bfLas relaciones con menores de edad son un delito?<\/strong><\/p>\n\n\n\n<p class=\"wp-block-paragraph\">Efectivamente, son un delito, as\u00ed como el matrimonio infantil, que est\u00e1 penado en nuestro pa\u00eds. Es necesario conocer si esta gesti\u00f3n va a garantizar los derechos de las ni\u00f1as y ni\u00f1os. Hay casi 800 violaciones denunciadas en la poblaci\u00f3n Awaj\u00fan y Wampis y esto tambi\u00e9n debe estar en el ojo p\u00fablico. El Ministerio de la Mujer deben realizar un proceso de investigaci\u00f3n al respecto.<\/p>\n\n\n\n<p class=\"wp-block-paragraph\"><strong>\u00bfQu\u00e9 tipo de da\u00f1os sufre una menor sometida a una relaci\u00f3n sexual temprana?<\/strong><\/p>\n\n\n\n<p class=\"wp-block-paragraph\">Los da\u00f1os en el desarrollo ps\u00edquico y emocional son tremendos. Es como si estas menores estuvieran sometidas a una situaci\u00f3n de tortura. Est\u00e1 siendo impedidas de tener un desarrollo como lo tiene cualquier otra ni\u00f1a. En estos casos debe haber una investigaci\u00f3n del Ministerio de la Mujer, pero esta debe incluir un acompa\u00f1amiento a la salud mental de estas menores.<\/p>\n\n\n\n<p class=\"wp-block-paragraph\"><strong>\u00bfQu\u00e9 factores pueden llevar a una persona a avalar este tipo de conductas?<\/strong><\/p>\n\n\n\n<p class=\"wp-block-paragraph\">Somos un pa\u00eds muy conservador, muy patriarcal, muy machista. Por eso es necesarios insistir en la importancia de la educaci\u00f3n sexual integral que rompa con esta visi\u00f3n conservadora y machista. Estas declaraciones no solo son expresiones del ahora presidente sino de muchas personas de su generaci\u00f3n. Hemos tenido que luchar 40 a\u00f1os para conseguir una legislaci\u00f3n a favor de los derechos de las mujeres y de las ni\u00f1as y para reconocer lo que era una violaci\u00f3n, una agresi\u00f3n, un acoso pol\u00edtico, un acoso callejero, entre otros.<\/p>\n\n\n\n<p class=\"wp-block-paragraph\"><strong>Usted fue ministra de la Mujer durante el gobierno de Pedro Castillo, quien lleg\u00f3 al poder con Per\u00fa Libre, el mismo partido al que pertenece el ahora mandatario\u2026<\/strong><\/p>\n\n\n\n<p class=\"wp-block-paragraph\">Fui invitada a formar parte de un gabinete, y acept\u00e9 para generar una institucionalidad dentro del Estado, una que garantice los derechos de los ni\u00f1os, ni\u00f1as, adolescentes y mujeres.<\/p>\n\n\n\n<p class=\"wp-block-paragraph\"><strong>\u00bfDeslinda usted de este tipo de declaraciones?<\/strong><\/p>\n\n\n\n<p class=\"wp-block-paragraph\">Yo sigo defendiendo que en el Estado peruano debe haber una institucionalidad que vele por los derechos de las mujeres, de la infancia, de las personas adultas mayores, de la poblaci\u00f3n ind\u00edgena amaz\u00f3nica, de la poblaci\u00f3n afroperuana. Yo lo tengo bastante claro. Creo que en este periodo que nos queda hasta las elecciones del 12 de abril, el presidente encargado debe ser claro y contundente para se\u00f1alar cu\u00e1l es su postura frente a los derechos de las ni\u00f1as en el pa\u00eds.<\/p>\n","protected":false},"excerpt":{"rendered":"<p>Exfuncionaria y activista recalc\u00f3 que las relaciones sexuales de adultos con menores son un delito y que el Per\u00fa tiene los mecanismos para protegerlos Las relaciones sexuales a temprana edad favorecen el desarrollo psicol\u00f3gico de las mujeres: presidente . Roger Chuqu\u00edn SemM\u00e9xico\/El Correo, Lima, Per\u00fa, 24 de febrero, 2026.- En di\u00e1logo con&nbsp;Correo, la exintegrante del [&hellip;]<\/p>\n","protected":false},"author":3,"featured_media":102955,"comment_status":"open","ping_status":"open","sticky":false,"template":"","format":"standard","meta":{"_monsterinsights_skip_tracking":false,"footnotes":""},"categories":[694,53],"tags":[],"class_list":["post-102953","post","type-post","status-publish","format-standard","has-post-thumbnail","category-destacadas","category-internacional"],"_links":{"self":[{"href":"https:\/\/redsemlac.com\/semmexico\/wp-json\/wp\/v2\/posts\/102953","targetHints":{"allow":["GET"]}}],"collection":[{"href":"https:\/\/redsemlac.com\/semmexico\/wp-json\/wp\/v2\/posts"}],"about":[{"href":"https:\/\/redsemlac.com\/semmexico\/wp-json\/wp\/v2\/types\/post"}],"author":[{"embeddable":true,"href":"https:\/\/redsemlac.com\/semmexico\/wp-json\/wp\/v2\/users\/3"}],"replies":[{"embeddable":true,"href":"https:\/\/redsemlac.com\/semmexico\/wp-json\/wp\/v2\/comments?post=102953"}],"version-history":[{"count":0,"href":"https:\/\/redsemlac.com\/semmexico\/wp-json\/wp\/v2\/posts\/102953\/revisions"}],"wp:featuredmedia":[{"embeddable":true,"href":"https:\/\/redsemlac.com\/semmexico\/wp-json\/wp\/v2\/media\/102955"}],"wp:attachment":[{"href":"https:\/\/redsemlac.com\/semmexico\/wp-json\/wp\/v2\/media?parent=102953"}],"wp:term":[{"taxonomy":"category","embeddable":true,"href":"https:\/\/redsemlac.com\/semmexico\/wp-json\/wp\/v2\/categories?post=102953"},{"taxonomy":"post_tag","embeddable":true,"href":"https:\/\/redsemlac.com\/semmexico\/wp-json\/wp\/v2\/tags?post=102953"}],"curies":[{"name":"wp","href":"https:\/\/api.w.org\/{rel}","templated":true}]}}