{"id":102947,"date":"2026-02-23T20:29:56","date_gmt":"2026-02-24T02:29:56","guid":{"rendered":"https:\/\/redsemlac.com\/semmexico\/?p=102947"},"modified":"2026-02-23T20:30:44","modified_gmt":"2026-02-24T02:30:44","slug":"la-opinion-el-palido-punto-azul","status":"publish","type":"post","link":"https:\/\/redsemlac.com\/semmexico\/la-opinion-el-palido-punto-azul\/","title":{"rendered":"La opini\u00f3n| El p\u00e1lido punto azul"},"content":{"rendered":"\n<p class=\"wp-block-paragraph\">Miguel \u00c1ngel&nbsp; S\u00e1nchez de ArmasFinal del formulario<\/p>\n\n\n\n<p class=\"wp-block-paragraph\">SemM\u00e9xico, Cd. de M\u00e9xico, 23 de febrero, 2026.-El 14 de febrero de 1990, mientras en el \u201cd\u00eda del amor\u201d en la Tierra unos compraban flores y otros ensayaban promesas que no cumplir\u00edan, a seis mil millones de kil\u00f3metros de distancia en el espacio un diminuto artefacto de fabricaci\u00f3n humana comenz\u00f3 a girar sobre s\u00ed mismo.<\/p>\n\n\n\n<p class=\"wp-block-paragraph\">La maniobra no fue rom\u00e1ntica. Fue t\u00e9cnica. Los cient\u00edficos dudaron en autorizarla: los rayos solares pod\u00edan da\u00f1ar los sensores y nadie quer\u00eda ser responsable de una costos\u00edsima imprudencia sentimental. Pero un profeta cosmol\u00f3gico llamado Carl Sagan insisti\u00f3. Sostuvo la mirada de los administradores y ejerci\u00f3 esa forma de persuasi\u00f3n que en las sagas gal\u00e1cticas llamar\u00edan&nbsp;<em>La Fuerza<\/em>. No grit\u00f3. Fue algo parecido a&nbsp;<em>La Voz&nbsp;<\/em>de las Bene Gesserit de&nbsp;<em>Dune<\/em>: habl\u00f3 en el tono exacto para que la objeci\u00f3n t\u00e9cnica cediera ante una raz\u00f3n m\u00e1s alta.<\/p>\n\n\n\n<p class=\"wp-block-paragraph\">Antes de apagar sus c\u00e1maras para siempre, la sonda espacial&nbsp;<em>Voyager 1<\/em>&nbsp;deb\u00eda girar y enfocarlas a la tierra. Mirar hacia atr\u00e1s, pues. No por ciencia dura, sino por conciencia, para tomar una \u201cfotograf\u00eda de familia\u201d del hogar de la especie que la hab\u00eda enviado al \u00e9ter. La nave obedeci\u00f3 y su c\u00e1mara&nbsp;<em>tricrom\u00e1tica<\/em>, a punto de agotar su bater\u00eda, captur\u00f3 las im\u00e1genes.<\/p>\n\n\n\n<p class=\"wp-block-paragraph\">En una de las estampas que llegaron a la tierra seis horas despu\u00e9s, los astr\u00f3nomos de la NASA detectaron un punto suspendido en un rayo de luz, algo que no hab\u00eda sido programado en las instrucciones a&nbsp;<em>Voyager 1.<\/em>&nbsp;Un p\u00edxel casi imperceptible: \u00a1era la Tierra! La toma fue bautizada \u201cEl p\u00e1lido punto azul\u201d.<\/p>\n\n\n\n<p class=\"wp-block-paragraph\">Sagan quer\u00eda una imagen que obligara a la especie a verse desde afuera, despojada de banderas y de arrogancias. Quer\u00eda una prueba visual de nuestra fragilidad com\u00fan. A\u00f1os despu\u00e9s escribi\u00f3 que en ese punto estaban todos los reyes y campesinos, todos los santos y pecadores, todos los amantes y todos los odiadores de la historia humana. Igual estaban todos los pol\u00edticos que no ven m\u00e1s all\u00e1 del ombligo de sus intereses y los tiranos que se creen el centro del universo y los generosos que extienden la mano y los d\u00edscolos que dan la espalda.<\/p>\n\n\n\n<p class=\"wp-block-paragraph\">Ah\u00ed estaban las fronteras que creemos eternas, los agravios que heredamos con disciplina, los himnos que cantamos con solemnidad, las declaraciones de derechos que violamos con eficacia. Todo comprimido en una brizna suspendida en un rayo de luz solar dispersado por la propia c\u00e1mara.<\/p>\n\n\n\n<p class=\"wp-block-paragraph\">De ese momento fant\u00e1stico han pasado treinta y cinco a\u00f1os. Pero en el m\u00e1s reciente \u201cd\u00eda del amor\u201d, el s\u00e1bado pasado, nadie lo record\u00f3. No hubo ceremonias, ni conferencias magistrales, ni un minuto de silencio planetario. El aniversario pas\u00f3 desapercibido mientras que en esta mota de polvo interestelar atrapada en un sistema deslucido en la esquina m\u00e1s anodina de la v\u00eda l\u00e1ctea, una especie milagrosa sigui\u00f3 ocupada con af\u00e1n talm\u00fadico en su propia aniquilaci\u00f3n: guerras reales, guerras comerciales, hambrunas evitables, nuevas y viejas cruzadas morales, aranceles convertidos en dogmas, l\u00edderes arrogantes ciegos ante \u201clos otros\u201d y empe\u00f1ados en demostrar que el precipicio realmente no est\u00e1 m\u00e1s adelante.<\/p>\n\n\n\n<p class=\"wp-block-paragraph\"><em>Voyager 1&nbsp;<\/em>fue lanzada el 5 de septiembre de 1977. Visit\u00f3 J\u00fapiter y Saturno y la aceler\u00f3 una alineaci\u00f3n planetaria que no se repetir\u00e1 en siglos. Hoy se encuentra a un d\u00eda-luz de nuestro planeta, 25,400 millones de kil\u00f3metros. El primer artefacto humano que abandona el sistema solar. Quiz\u00e1 en algunos millones de a\u00f1os seres de otra galaxia se hagan de cruces para explicar qu\u00e9 fin tuvo la civilizaci\u00f3n que lo fabric\u00f3. Quiz\u00e1 su confusi\u00f3n sea mayor cuando encuentren el disco a bordo, una suerte de LP de cobre recubierto con oro, una aguja fonogr\u00e1fica para reproducirlo y un microcartucho de uranio-238 para datar su antig\u00fcedad al medir su desintegraci\u00f3n radiactiva.<\/p>\n\n\n\n<p class=\"wp-block-paragraph\">El disco es una botella lanzada al oc\u00e9ano gal\u00e1ctico: contiene 115 im\u00e1genes de nuestro planeta y de las especies que lo habitan (ahora), en formato anal\u00f3gico e instrucciones grabadas para reconstruirlas como se\u00f1ales de video. Esos improbables seres podr\u00e1n escuchar saludos en decenas de lenguas, el rumor del viento, el llanto de un reci\u00e9n nacido, el canto de las ballenas, Bach, Beethoven, Stravinski, Chuck Berry, im\u00e1genes de nuestra anatom\u00eda, de nuestros paisajes, de nuestros afectos. El mensaje es: \u201cestuvimos aqu\u00ed\u201d.<\/p>\n\n\n\n<p class=\"wp-block-paragraph\">Y en el cat\u00e1logo de la musicalidad humana, un aire de un lugar llamado M\u00e9xico: \u201cEl Cascabel\u201d, huapango en voz de Lorenzo Barcelata acompa\u00f1ado por un mariachi. Ni m\u00e1s ni menos.<\/p>\n\n\n\n<p class=\"wp-block-paragraph\"><em>Voyager 1&nbsp;<\/em>no va hacia ninguna estrella ni tiene una cita c\u00f3smica. Cuando hacia el final de esta d\u00e9cada se agote su combustible at\u00f3mico quedar\u00e1 muda y seguir\u00e1 orbitando por la v\u00eda l\u00e1ctea durante millones de a\u00f1os, en espera de que sea encontrada por alguna inteligencia.<\/p>\n\n\n\n<p class=\"wp-block-paragraph\">Las c\u00e1maras de Voyager que fotografiaron el \u201cp\u00e1lido punto azul\u201d hoy siguen apagadas. Eran tecnolog\u00eda de otra \u00e9poca: tubos monocrom\u00e1ticos que permit\u00edan capturar distintas bandas del espectro. Era la \u00fanica manera para descomponer la luz y recomponerla despu\u00e9s mediante s\u00edntesis tricrom\u00e1tica, principio desarrollado en M\u00e9xico por Guillermo Gonz\u00e1lez Camarena d\u00e9cadas antes del&nbsp;<em>Voyager 1&nbsp;<\/em>cuando invent\u00f3 la televisi\u00f3n a colores. Es una tecnolog\u00eda que pertenece a la misma genealog\u00eda, aplicada en escenarios distintos. No sabemos si hubo transferencia directa, pero s\u00ed hay un parentesco conceptual, un mismo fundamento a distinta escala. De un estudio de televisi\u00f3n al borde del espacio interestelar. De la transmisi\u00f3n dom\u00e9stica al retrato planetario.<\/p>\n\n\n\n<p class=\"wp-block-paragraph\">Como Sagan, que comprendi\u00f3 que una imagen pod\u00eda ser una lecci\u00f3n moral, Gonz\u00e1lez Camarena entendi\u00f3 que la luz era informaci\u00f3n y que pod\u00eda domesticarla. Como Kepler en su tiempo, ambos subieron a hombros de gigantes y desde ah\u00ed vieron m\u00e1s lejos, m\u00e1s all\u00e1 de su circunstancia inmediata. Uno quiso que la humanidad se viera peque\u00f1a. El otro demostr\u00f3 que desde aqu\u00ed tambi\u00e9n se pod\u00eda pensar en grande.<\/p>\n\n\n\n<p class=\"wp-block-paragraph\">Y hay otro momento que igual olvidamos. Tres d\u00edas despu\u00e9s del aniversario c\u00f3smico que nadie celebr\u00f3, el 17 de febrero, se cumplieron 108 a\u00f1os del natalicio de Gonz\u00e1lez Camarena. Tampoco hubo festejos, ni siquiera en su alma mater. S\u00f3lo silencio administrativo, quiz\u00e1 amnesia protocolaria.<\/p>\n\n\n\n<p class=\"wp-block-paragraph\">Olvidamos el punto azul que nos ense\u00f1\u00f3 proporci\u00f3n. Olvidamos al ingeniero que demostr\u00f3 que la inteligencia mexicana pod\u00eda hablar el idioma universal de la luz. Olvidamos, quiz\u00e1, que la ciencia no tiene patria pero s\u00ed ra\u00edces profundas.<\/p>\n\n\n\n<p class=\"wp-block-paragraph\">El punto azul p\u00e1lido est\u00e1 hoy archivado en servidores y en algunas memorias. No exige grandeza \u00e9pica pero tampoco merece ser condenado a la falsa modestia. Somos diminutos, s\u00ed. Pero fuimos capaces de enviar una nave m\u00e1s all\u00e1 de la burbuja solar y de descomponer la luz para reconstruir el mundo en color.<\/p>\n\n\n\n<p class=\"wp-block-paragraph\">Tal vez ah\u00ed haya una chispa de esperanza mexicana, no en el nacionalismo de cart\u00f3n, sino en la continuidad intelectual cient\u00edfica y tecnol\u00f3gica que hoy rechazan muchos de nuestros bastos dirigentes.&nbsp;<em>Voyager 1&nbsp;<\/em>nos recuerda que participamos de la misma tradici\u00f3n que hizo posible mirar a la Tierra desde casi 6 mil millones de kil\u00f3metros y que somo herederos del esp\u00edritu de Francisco D\u00edaz Covarrubias, quien en 1874 viajo a Jap\u00f3n para registrar el paso de Venus sobre el disco solar cuando M\u00e9xico estaba al borde del colapso social y econ\u00f3mico, porque ese, y no otro, era su deber como hombre de ciencia mexicano.<\/p>\n\n\n\n<p class=\"wp-block-paragraph\">No estamos condenados a ser solo el punto, sino tambi\u00e9n quienes lo observan. Conviene no olvidarlo.<\/p>\n","protected":false},"excerpt":{"rendered":"<p>Miguel \u00c1ngel&nbsp; S\u00e1nchez de ArmasFinal del formulario SemM\u00e9xico, Cd. de M\u00e9xico, 23 de febrero, 2026.-El 14 de febrero de 1990, mientras en el \u201cd\u00eda del amor\u201d en la Tierra unos compraban flores y otros ensayaban promesas que no cumplir\u00edan, a seis mil millones de kil\u00f3metros de distancia en el espacio un diminuto artefacto de fabricaci\u00f3n [&hellip;]<\/p>\n","protected":false},"author":3,"featured_media":85179,"comment_status":"open","ping_status":"open","sticky":false,"template":"","format":"standard","meta":{"_monsterinsights_skip_tracking":false,"footnotes":""},"categories":[82,110,35],"tags":[],"class_list":["post-102947","post","type-post","status-publish","format-standard","has-post-thumbnail","category-la-opinion","category-la-opinion-columnas","category-opinion"],"_links":{"self":[{"href":"https:\/\/redsemlac.com\/semmexico\/wp-json\/wp\/v2\/posts\/102947","targetHints":{"allow":["GET"]}}],"collection":[{"href":"https:\/\/redsemlac.com\/semmexico\/wp-json\/wp\/v2\/posts"}],"about":[{"href":"https:\/\/redsemlac.com\/semmexico\/wp-json\/wp\/v2\/types\/post"}],"author":[{"embeddable":true,"href":"https:\/\/redsemlac.com\/semmexico\/wp-json\/wp\/v2\/users\/3"}],"replies":[{"embeddable":true,"href":"https:\/\/redsemlac.com\/semmexico\/wp-json\/wp\/v2\/comments?post=102947"}],"version-history":[{"count":0,"href":"https:\/\/redsemlac.com\/semmexico\/wp-json\/wp\/v2\/posts\/102947\/revisions"}],"wp:featuredmedia":[{"embeddable":true,"href":"https:\/\/redsemlac.com\/semmexico\/wp-json\/wp\/v2\/media\/85179"}],"wp:attachment":[{"href":"https:\/\/redsemlac.com\/semmexico\/wp-json\/wp\/v2\/media?parent=102947"}],"wp:term":[{"taxonomy":"category","embeddable":true,"href":"https:\/\/redsemlac.com\/semmexico\/wp-json\/wp\/v2\/categories?post=102947"},{"taxonomy":"post_tag","embeddable":true,"href":"https:\/\/redsemlac.com\/semmexico\/wp-json\/wp\/v2\/tags?post=102947"}],"curies":[{"name":"wp","href":"https:\/\/api.w.org\/{rel}","templated":true}]}}