{"id":102926,"date":"2026-02-23T19:27:17","date_gmt":"2026-02-24T01:27:17","guid":{"rendered":"https:\/\/redsemlac.com\/semmexico\/?p=102926"},"modified":"2026-02-23T19:27:18","modified_gmt":"2026-02-24T01:27:18","slug":"cuba-ninas-ninos-y-adolescentes-brechas-frente-a-las-tic","status":"publish","type":"post","link":"https:\/\/redsemlac.com\/semmexico\/cuba-ninas-ninos-y-adolescentes-brechas-frente-a-las-tic\/","title":{"rendered":"Cuba: Ni\u00f1as, ni\u00f1os y adolescentes, brechas frente a las TIC"},"content":{"rendered":"\n<ul class=\"wp-block-list\">\n<li>Color de piel y lugar de residencia factores que determinan qui\u00e9nes tienen un celular o una computadora<\/li>\n\n\n\n<li>Refleja desventajas acumuladas en el acceso a recursos econ\u00f3micos, capital social y oportunidades<br><br><\/li>\n<\/ul>\n\n\n\n<p class=\"wp-block-paragraph\">Dixie Edith<\/p>\n\n\n\n<p class=\"wp-block-paragraph\">SemM\u00e9xico\/SEMlac, La Habana, 23 de febrero, 2026.- El&nbsp;<a href=\"https:\/\/www.redsemlac-cuba.net\/redsemlac\/sociedad-y-cultura\/un-camino-para-acortar-brechas-digitales-de-mujeres-y-ninas\/\" target=\"_blank\" rel=\"noreferrer noopener\">acceso y uso de las tecnolog\u00edas de la informaci\u00f3n y las comunicaciones (TIC)<\/a>&nbsp;en ni\u00f1as, ni\u00f1os y adolescentes en Cuba reproduce desigualdades que han marcado hist\u00f3ricamente a la sociedad de la naci\u00f3n caribe\u00f1a, confirman especialistas.<\/p>\n\n\n\n<p class=\"wp-block-paragraph\"><br>El color de la piel, el lugar de residencia y la situaci\u00f3n socioecon\u00f3mica familiar determinan no solo qui\u00e9nes tienen un celular o una computadora, sino tambi\u00e9n de qu\u00e9 manera se apropian de esas herramientas y a qu\u00e9 riesgos se exponen al usarlas, detalla el art\u00edculo&nbsp;<a href=\"https:\/\/revistas.uh.cu\/revflacso\/article\/view\/12481\/10776\" target=\"_blank\" rel=\"noreferrer noopener\">\u00abInfantes y adolescentes frente a las TIC: un an\u00e1lisis desde el enfoque de vulnerabilidad social\u00bb<\/a>, publicado a inicios de 2026 por la revista&nbsp;<em>Estudios del desarrollo social: Cuba y Am\u00e9rica Latina<\/em>.<\/p>\n\n\n\n<p class=\"wp-block-paragraph\"><br>\u00abLos adolescentes de piel blanca muestran, sistem\u00e1ticamente, mayores porcentajes de acceso a celulares (72,22%) y computadoras (35,18%) en comparaci\u00f3n con sus pares negros y mestizos\u00bb, revela el art\u00edculo que toma como base la investigaci\u00f3n \u00abVulnerabilidades sociales en la infancia y la adolescencia en Cuba\u00bb, realizada en 2024 por especialistas de la Facultad Latinoamericana de Ciencias Sociales (Flacso) y del Instituto Cubano de Investigaci\u00f3n Cultural Juan Marinello.<\/p>\n\n\n\n<p class=\"wp-block-paragraph\"><br>Esta diferencia no es casual, sino que refleja desventajas acumuladas en el acceso a recursos econ\u00f3micos, capital social y oportunidades de movilidad ascendente, agrega el texto.<\/p>\n\n\n\n<p class=\"wp-block-paragraph\"><br>El estudio combin\u00f3 encuestas a 120 adolescentes y familias con ni\u00f1as y ni\u00f1os, talleres participativos con t\u00e9cnicas proyectivas como dibujos y completamiento de frases y entrevistas a expertos. Adem\u00e1s, aplic\u00f3 un enfoque interseccional que permiti\u00f3 visibilizar c\u00f3mo&nbsp;<a href=\"https:\/\/www.redsemlac-cuba.net\/redsemlac\/sociedad-y-cultura\/investigaciones-ponen-el-foco-en-desigualdades\/\" target=\"_blank\" rel=\"noreferrer noopener\">se entrelazan diferentes ejes de desigualdad<\/a>, explican las investigadoras Ileana N\u00fa\u00f1ez Morales, Yeisa Sarduy Herrera y Ana Isabel Pe\u00f1ate Leiva, autoras del art\u00edculo.<\/p>\n\n\n\n<p class=\"wp-block-paragraph\"><br><strong>Un problema con historia<\/strong><\/p>\n\n\n\n<p class=\"wp-block-paragraph\"><br>La brecha digital no es un fen\u00f3meno nuevo. El&nbsp;<a href=\"https:\/\/www.unicef.org\/media\/48611\/file\" target=\"_blank\" rel=\"noreferrer noopener\">Estado Mundial de la Infancia 2017 \u00abNi\u00f1os en un mundo digital\u00bb<\/a>&nbsp;insisti\u00f3 en que, si bien ni\u00f1as, ni\u00f1os y adolescentes menores de 18 a\u00f1os representaban aproximadamente uno de cada tres usuarios de internet en todo el mundo, el acceso digital \u00abse est\u00e1 convirtiendo en la nueva l\u00ednea divisoria\u00bb.<\/p>\n\n\n\n<p class=\"wp-block-paragraph\"><br>A nivel global, 29 por ciento de j\u00f3venes permanec\u00eda desconectado del mundo digital, con profundas disparidades regionales, seg\u00fan Unicef. A ello se suma la \u00abpersistente brecha de g\u00e9nero\u00bb: en 2017 la proporci\u00f3n de hombres que utilizaban internet a escala mundial superaba en 12 por ciento a la de mujeres, detall\u00f3 el informe de Unicef de ese a\u00f1o.<\/p>\n\n\n\n<p class=\"wp-block-paragraph\"><br>En Cuba, investigaciones como la&nbsp;<a href=\"https:\/\/www.unicef.org\/cuba\/media\/3551\/file\/MICS6_Cuba-2019_compressed.pdf%20.pdf\" target=\"_blank\" rel=\"noreferrer noopener\">Encuesta de Indicadores M\u00faltiples por Conglomerados (MICS), realizada en 2019<\/a>, ya hab\u00edan confirmado que el lugar de residencia, el color de la piel y el nivel educativo de las jefaturas de hogar eran determinantes para el acceso a las tecnolog\u00edas. El estudio, impulsado por el Fondo de las Naciones Unidas para la Infancia (Unicef) y el Ministerio de Salud P\u00fablica (Minsap), abarc\u00f3 11 mil 966 hogares cubanos e identific\u00f3 la brecha territorial entre las m\u00e1s acentuadas.<\/p>\n\n\n\n<p class=\"wp-block-paragraph\"><br>Hasta finales de 2019, apenas 4,6 por ciento de los 3,8 millones de viviendas contaba con conexi\u00f3n dom\u00e9stica a internet. Pero mientras 5,4 por ciento de los hogares urbanos ten\u00eda acceso, en las zonas rurales la proporci\u00f3n descend\u00eda a solo 0,9 por ciento.<\/p>\n\n\n\n<p class=\"wp-block-paragraph\"><br>Igual ocurri\u00f3 con la tenencia de computadoras: solo 12,5 por ciento de los n\u00facleos familiares en zonas rurales pose\u00eda estos equipos, frente a m\u00e1s de 30 por ciento en \u00e1reas urbanas.<\/p>\n\n\n\n<p class=\"wp-block-paragraph\">El color de la piel emergi\u00f3 tambi\u00e9n como eje de las desigualdades en este terreno. El 70,7 por ciento de los hogares gestionados por personas blancas dispon\u00edan de l\u00edneas m\u00f3viles, mientras los de jefatura negra alcanzaban apenas 61,1 por ciento.<br>En cuanto a la conexi\u00f3n a internet en el hogar, la diferencia era de 4,1 por ciento para familias con jefatura blanca, frente a 2,4 por ciento para aquellas lideradas por personas negras.<\/p>\n\n\n\n<p class=\"wp-block-paragraph\"><br>La brecha de g\u00e9nero tambi\u00e9n fue evidente en el uso de computadoras y el acceso a internet (al menos una vez a la semana). La diferencia fue de 60 por ciento para los varones, frente a 49,6 por ciento para las muchachas, en el primer caso, y de 45,7 por ciento frente a 36 por ciento, en el segundo.<br><br><\/p>\n\n\n\n<p class=\"wp-block-paragraph\">En tanto, 73 por ciento se los varones de 15 a 19 a\u00f1os entrevistados ten\u00edan m\u00f3vil propio, frente a solo 66,9 por ciento de las adolescentes mujeres.<br><br><\/p>\n\n\n\n<p class=\"wp-block-paragraph\">A finales de 2025 hab\u00eda un total de 8,14 millones de conexiones m\u00f3viles activas en Cuba, lo que equivale al 74,5 por ciento de la poblaci\u00f3n, seg\u00fan el&nbsp;<a href=\"https:\/\/datareportal.com\/reports\/digital-2026-cuba\" target=\"_blank\" rel=\"noreferrer noopener\">Informe Digital 2026 sobre tendencias digitales y de redes sociales de&nbsp;<em>We Are Social<\/em><\/a>. En 2019 esa cifra era de 4,57 millones, para un 40 por ciento, seg\u00fan&nbsp;<a href=\"https:\/\/datareportal.com\/reports\/digital-2019-cuba\" target=\"_blank\" rel=\"noreferrer noopener\">misma fuente<\/a>.<\/p>\n\n\n\n<p class=\"wp-block-paragraph\">Adem\u00e1s, 7,79 millones de personas usaban internet, para una penetraci\u00f3n en l\u00ednea de 71,3 por ciento, frente a 6,47 millones para un 56 por ciento en 2019.<br>Al cierre del pasado a\u00f1o, la naci\u00f3n caribe\u00f1a contaba con 6,56 millones de usuarios de redes sociales (60,1% de la poblaci\u00f3n), en contraste con 6,47 millones (56%) en 2019.<\/p>\n\n\n\n<p class=\"wp-block-paragraph\"><br>Aunque We Are Social no desagrega las cifras por edad, es l\u00f3gico suponer que el acceso de ni\u00f1as, ni\u00f1os, adolescentes y j\u00f3venes a las TIC tambi\u00e9n ha crecido desde 2019, en l\u00ednea con el aumento de las cifras de la poblaci\u00f3n total.<\/p>\n\n\n\n<p class=\"wp-block-paragraph\"><br><strong>M\u00e1s acceso, pero no m\u00e1s equilibrado<\/strong><\/p>\n\n\n\n<p class=\"wp-block-paragraph\"><br>El estudio publicado este enero confirma que, independientemente de la penetraci\u00f3n de las TIC en el pa\u00eds, las brechas interseccionales de acceso se mantienen.<\/p>\n\n\n\n<p class=\"wp-block-paragraph\"><br>El territorio sigue operando como un eje de desigualdad. Comunidades m\u00e1s vulnerables y con concentraci\u00f3n de poblaci\u00f3n negra o mestiza &#8211;como El Fanguito y San Isidro, en La Habana&#8211; muestran tasas m\u00e1s bajas de conectividad y equipamiento tecnol\u00f3gico.<\/p>\n\n\n\n<p class=\"wp-block-paragraph\"><br>La oferta p\u00fablica de internet presenta disparidades territoriales en calidad y cobertura. En ese sentido, los costos de conectividad y equipamiento resultan barreras para segmentos de la poblaci\u00f3n. Todo ello se agrav\u00f3 con el incremento de los precios de los datos m\u00f3viles implementado por la Empresa de Telecomunicaciones de Cuba (Etecsa) a mediados de 2025, lo que gener\u00f3 mucho malestar, sobre todo en sectores universitarios y de la poblaci\u00f3n joven.<br>El&nbsp;<a href=\"https:\/\/www.redsemlac-cuba.net\/redsemlac\/sociedad-y-cultura\/ninas-y-ninos-brechas-de-cara-a-la-tecnologia\/\" target=\"_blank\" rel=\"noreferrer noopener\">g\u00e9nero<\/a>&nbsp;tambi\u00e9n influye en los usos y riesgos asociados a las tecnolog\u00edas. El estudio citado identific\u00f3 un predominio de varones entre quienes consumen videojuegos de manera intensiva, lo que deriva en ocasiones en adicciones y cambios de la conducta.<\/p>\n\n\n\n<p class=\"wp-block-paragraph\"><br>Las autoras se\u00f1alan que estos elementos generan alteraciones en el comportamiento y la salud de ni\u00f1as, ni\u00f1os y adolescentes, pero ni ellos ni las personas adultas que les rodean perciben estos comportamientos como riesgosos. Esta naturalizaci\u00f3n de los peligros digitales se extiende a fen\u00f3menos como el&nbsp;<a href=\"https:\/\/www.redsemlac-cuba.net\/redsemlac\/violencia\/ck83-noticias\/acoso-al-alcance-de-un-click\/\" target=\"_blank\" rel=\"noreferrer noopener\">ciberacoso<\/a>, el&nbsp;<em>grooming<\/em>&nbsp;y la exposici\u00f3n a contenidos nocivos, frente a los cuales no existen mecanismos de protecci\u00f3n suficientemente desarrollados.<\/p>\n\n\n\n<p class=\"wp-block-paragraph\"><br>Adolescentes de ambos sexos consultados reportaron haber experimentado situaciones de violencia en entornos digitales, aunque no siempre las identificaron como tales. Los talleres con ni\u00f1as y ni\u00f1os de entre 8 y 12 a\u00f1os revelaron situaciones de incomodidad o miedo en sus interacciones digitales, pero no saben a qui\u00e9n recurrir ni c\u00f3mo actuar.<\/p>\n\n\n\n<p class=\"wp-block-paragraph\"><br>Pese a este panorama, el estudio tambi\u00e9n ratifica el potencial emancipador de las TIC. El 35 por ciento de las y los adolescentes report\u00f3 emplear estas herramientas para tareas escolares, lo que constituye un indicador de acceso al conocimiento.<br>Durante el proceso participativo de consulta previo a&nbsp;<a href=\"https:\/\/www.unicef.org\/cuba\/cuba-crece-en-derechos\" target=\"_blank\" rel=\"noreferrer noopener\">la aprobaci\u00f3n del C\u00f3digo de Ni\u00f1ez, Adolescencias y Juventudes<\/a>, en vigor desde enero de 2026, los riesgos de los entornos digitales, el ciberacoso, la exposici\u00f3n de sus vidas privadas por parte de adultos y a contenido inapropiado estuvieron entre las preocupaciones referidas por ni\u00f1os, ni\u00f1as y adolescentes participantes de los debates.<\/p>\n\n\n\n<p class=\"wp-block-paragraph\"><br>Los hallazgos del estudio de N\u00fa\u00f1ez Morales, Sarduy Herrera y Pe\u00f1ate Leiva adquieren especial relevancia en el contexto de esta nueva norma legal, que dedica varios art\u00edculos a los derechos digitales y la protecci\u00f3n en entornos tecnol\u00f3gicos. Para ellas, la verdadera emancipaci\u00f3n digital reside en la construcci\u00f3n de ecosistemas digitales seguros, que combinen protecci\u00f3n con oportunidades para el ejercicio progresivo de la autonom\u00eda digital.<\/p>\n\n\n\n<p class=\"wp-block-paragraph\">SEM-SEMlac\/de<\/p>\n","protected":false},"excerpt":{"rendered":"<p>Dixie Edith SemM\u00e9xico\/SEMlac, La Habana, 23 de febrero, 2026.- El&nbsp;acceso y uso de las tecnolog\u00edas de la informaci\u00f3n y las comunicaciones (TIC)&nbsp;en ni\u00f1as, ni\u00f1os y adolescentes en Cuba reproduce desigualdades que han marcado hist\u00f3ricamente a la sociedad de la naci\u00f3n caribe\u00f1a, confirman especialistas. El color de la piel, el lugar de residencia y la situaci\u00f3n [&hellip;]<\/p>\n","protected":false},"author":3,"featured_media":102927,"comment_status":"open","ping_status":"open","sticky":false,"template":"","format":"standard","meta":{"_monsterinsights_skip_tracking":false,"footnotes":""},"categories":[53],"tags":[],"class_list":["post-102926","post","type-post","status-publish","format-standard","has-post-thumbnail","category-internacional"],"_links":{"self":[{"href":"https:\/\/redsemlac.com\/semmexico\/wp-json\/wp\/v2\/posts\/102926","targetHints":{"allow":["GET"]}}],"collection":[{"href":"https:\/\/redsemlac.com\/semmexico\/wp-json\/wp\/v2\/posts"}],"about":[{"href":"https:\/\/redsemlac.com\/semmexico\/wp-json\/wp\/v2\/types\/post"}],"author":[{"embeddable":true,"href":"https:\/\/redsemlac.com\/semmexico\/wp-json\/wp\/v2\/users\/3"}],"replies":[{"embeddable":true,"href":"https:\/\/redsemlac.com\/semmexico\/wp-json\/wp\/v2\/comments?post=102926"}],"version-history":[{"count":0,"href":"https:\/\/redsemlac.com\/semmexico\/wp-json\/wp\/v2\/posts\/102926\/revisions"}],"wp:featuredmedia":[{"embeddable":true,"href":"https:\/\/redsemlac.com\/semmexico\/wp-json\/wp\/v2\/media\/102927"}],"wp:attachment":[{"href":"https:\/\/redsemlac.com\/semmexico\/wp-json\/wp\/v2\/media?parent=102926"}],"wp:term":[{"taxonomy":"category","embeddable":true,"href":"https:\/\/redsemlac.com\/semmexico\/wp-json\/wp\/v2\/categories?post=102926"},{"taxonomy":"post_tag","embeddable":true,"href":"https:\/\/redsemlac.com\/semmexico\/wp-json\/wp\/v2\/tags?post=102926"}],"curies":[{"name":"wp","href":"https:\/\/api.w.org\/{rel}","templated":true}]}}