{"id":102915,"date":"2026-02-23T14:23:51","date_gmt":"2026-02-23T20:23:51","guid":{"rendered":"https:\/\/redsemlac.com\/semmexico\/?p=102915"},"modified":"2026-02-23T14:23:52","modified_gmt":"2026-02-23T20:23:52","slug":"violetas-del-anahuac-simbolos-patrios","status":"publish","type":"post","link":"https:\/\/redsemlac.com\/semmexico\/violetas-del-anahuac-simbolos-patrios\/","title":{"rendered":"Violetas del An\u00e1huac| S\u00edmbolos \u00bfpatrios?"},"content":{"rendered":"\n<p class=\"wp-block-paragraph\">Isabel Ortega Morales<\/p>\n\n\n\n<p class=\"wp-block-paragraph\">SemM\u00e9xico, Chilpancingo, 23 de febrero, 2026.- Cuando estamos a punto de conmemorar el 205 aniversario de la Bandera de M\u00e9xico, y a unos d\u00edas del 113 aniversario del Ej\u00e9rcito, se levanta este instituto con un operativo que permiti\u00f3 capturar a Nemesio Oseguera Cervantes, alias \u201cEl Mencho\u201d, l\u00edder del Cartel Jalisco Nueva Generaci\u00f3n, uno de los objetivos prioritarios en el pa\u00eds por considerarlo generador de violencia y por Estados Unidos de Norteam\u00e9rica como uno de los narcotraficantes m\u00e1s buscados.<\/p>\n\n\n\n<p class=\"wp-block-paragraph\">Las repercusiones apenas muestran lo que est\u00e1 sucediendo al interior de las distintas c\u00e9lulas que componen este Cartel, las fumarolas de humo negro producto de la quema de veh\u00edculos, as\u00ed como los ataques a estructuras de gobierno y de la iniciativa privada, apenas son el iceberg de lo que est\u00e1 en juego en estos grupos, el control, el control absoluto, el que como gran trozo de hielo, permanece oculto y su tama\u00f1o es peligroso, porque solo muestra el 10 por ciento de lo que es.<\/p>\n\n\n\n<p class=\"wp-block-paragraph\">El Mencho fue para esos grupos un s\u00edmbolo, al que obedecieron ciegamente, con lealtad absoluta, rifando su vida por \u00e9l, y hasta lo imitan tratando de emular lo que para esos grupos es su meta, ser como \u00e9l.<\/p>\n\n\n\n<p class=\"wp-block-paragraph\">El Ej\u00e9rcito Mexicano se hab\u00eda decolorado en su imagen producto de malas c\u00e9lulas en todas las esferas, que mancharon la lealtad a la instituci\u00f3n y con ello su lealtad al pa\u00eds. Su asociaci\u00f3n a la corrupci\u00f3n fue tan fuerte que casi sepulta su gran labor altruista que le reconoce la poblaci\u00f3n. Tan desprestigiada que este a\u00f1o, ni bolet\u00edn de celebraci\u00f3n merecieron.<\/p>\n\n\n\n<p class=\"wp-block-paragraph\">Nuestro L\u00e1baro Patrio a\u00fan ondea, pero no sabemos sobre qu\u00e9 suelo, si un suelo libre, democr\u00e1tico, valeroso, pujante, incluyente, o un suelo manchado por la violencia, sembrado de desapariciones, escarbado por madres buscadoras, mujeres a las que les han negado atenci\u00f3n desde la m\u00e1s alta esfera del poder federal.<\/p>\n\n\n\n<p class=\"wp-block-paragraph\">Una de las definiciones significativas de lo que es patria la brinda Carlos Monsiv\u00e1is quien se\u00f1alaba lo siguiente:<\/p>\n\n\n\n<p class=\"wp-block-paragraph\">\u201cEn el imaginario colectivo, la patria suele aparecer como un trazo oficial: banderas que se izan, himnos que se cantan, rituales de exaltaci\u00f3n de lo nacional. Es una patria que se mide en plazas, en ceremonias y discursos solemnes.<\/p>\n\n\n\n<p class=\"wp-block-paragraph\">\u201cLa patria concebible es la autobiograf\u00eda, el contarles a algunos que se ha sido alguien\u201d. \u201cNo est\u00e1 solo en los s\u00edmbolos, sino en el relato de nuestras propias vidas, en los gestos m\u00ednimos que nos conectan con los dem\u00e1s, en las memorias que construimos entre risas, dolores y silencios compartidos\u201d.<\/p>\n\n\n\n<p class=\"wp-block-paragraph\">Este suceso que apenas empieza a aflorar, porque ha estado ah\u00ed, casi intacto, nos debe ayudar a replantearnos cu\u00e1les s\u00edmbolos estamos atendiendo, y a que en medio de dos fechas marcadas en el calendario c\u00edvico: D\u00eda de la Bandera y D\u00eda del Ej\u00e9rcito, qued\u00f3 una m\u00e1s, que compr\u00f3 conciencias, lealtades, pero destruy\u00f3 voluntades y gener\u00f3 en el ideario colectivo una idea que no conduce sino a la destrucci\u00f3n.<\/p>\n","protected":false},"excerpt":{"rendered":"<p>Isabel Ortega Morales SemM\u00e9xico, Chilpancingo, 23 de febrero, 2026.- Cuando estamos a punto de conmemorar el 205 aniversario de la Bandera de M\u00e9xico, y a unos d\u00edas del 113 aniversario del Ej\u00e9rcito, se levanta este instituto con un operativo que permiti\u00f3 capturar a Nemesio Oseguera Cervantes, alias \u201cEl Mencho\u201d, l\u00edder del Cartel Jalisco Nueva Generaci\u00f3n, [&hellip;]<\/p>\n","protected":false},"author":3,"featured_media":38368,"comment_status":"open","ping_status":"open","sticky":false,"template":"","format":"standard","meta":{"_monsterinsights_skip_tracking":false,"footnotes":""},"categories":[198,35,197],"tags":[],"class_list":["post-102915","post","type-post","status-publish","format-standard","has-post-thumbnail","category-isabel-ortega-morales","category-opinion","category-violeta-del-anahuac"],"_links":{"self":[{"href":"https:\/\/redsemlac.com\/semmexico\/wp-json\/wp\/v2\/posts\/102915","targetHints":{"allow":["GET"]}}],"collection":[{"href":"https:\/\/redsemlac.com\/semmexico\/wp-json\/wp\/v2\/posts"}],"about":[{"href":"https:\/\/redsemlac.com\/semmexico\/wp-json\/wp\/v2\/types\/post"}],"author":[{"embeddable":true,"href":"https:\/\/redsemlac.com\/semmexico\/wp-json\/wp\/v2\/users\/3"}],"replies":[{"embeddable":true,"href":"https:\/\/redsemlac.com\/semmexico\/wp-json\/wp\/v2\/comments?post=102915"}],"version-history":[{"count":0,"href":"https:\/\/redsemlac.com\/semmexico\/wp-json\/wp\/v2\/posts\/102915\/revisions"}],"wp:featuredmedia":[{"embeddable":true,"href":"https:\/\/redsemlac.com\/semmexico\/wp-json\/wp\/v2\/media\/38368"}],"wp:attachment":[{"href":"https:\/\/redsemlac.com\/semmexico\/wp-json\/wp\/v2\/media?parent=102915"}],"wp:term":[{"taxonomy":"category","embeddable":true,"href":"https:\/\/redsemlac.com\/semmexico\/wp-json\/wp\/v2\/categories?post=102915"},{"taxonomy":"post_tag","embeddable":true,"href":"https:\/\/redsemlac.com\/semmexico\/wp-json\/wp\/v2\/tags?post=102915"}],"curies":[{"name":"wp","href":"https:\/\/api.w.org\/{rel}","templated":true}]}}