{"id":102879,"date":"2026-02-20T21:54:59","date_gmt":"2026-02-21T03:54:59","guid":{"rendered":"https:\/\/redsemlac.com\/semmexico\/?p=102879"},"modified":"2026-02-20T21:55:01","modified_gmt":"2026-02-21T03:55:01","slug":"debe-congreso-de-durango-despenalizar-el-aborto-y-cumplir-el-mandato-de-scjn","status":"publish","type":"post","link":"https:\/\/redsemlac.com\/semmexico\/debe-congreso-de-durango-despenalizar-el-aborto-y-cumplir-el-mandato-de-scjn\/","title":{"rendered":"Debe Congreso de Durango despenalizar el aborto y cumplir el mandato de SCJN"},"content":{"rendered":"\n<p class=\"wp-block-paragraph\">El 15 de diciembre venci\u00f3 el plazo judicial<\/p>\n\n\n\n<p class=\"wp-block-paragraph\">El Legislativo tienen la oportunidad hist\u00f3rica de hacer bien las cosas, dicen feministas<\/p>\n\n\n\n<p class=\"wp-block-paragraph\">Elda Montiel<\/p>\n\n\n\n<p class=\"wp-block-paragraph\">SemM\u00e9xico. Cd. de M\u00e9xico. 20 de febrero 2026.- Colectivas feministas de Durango hicieron un llamado a las y los legisladores del Congreso local para que en este periodo ordinario dictaminen la despenalizaci\u00f3n del aborto, ya que existe un mandato de la Suprema Corte de Justicia de la Naci\u00f3n (SCJN) que declar\u00f3 inconstitucionales los art\u00edculos del C\u00f3digo Penal estatal que proh\u00edben el aborto voluntario. <\/p>\n\n\n\n<p class=\"wp-block-paragraph\">El 18 de julio de 2025 se resolvi\u00f3 el amparo en revisi\u00f3n 116\/2023, promovido por \u201cS\u00ed hay mujeres en Durango\u201d y el Grupo de Informaci\u00f3n en Reproducci\u00f3n Elegida (GIRE), con el respaldo de \u201cREDefine Durango y activistas locales, que declar\u00f3 inconstitucionales los art\u00edculos que proh\u00edben de forma absoluta el aborto voluntario en el C\u00f3digo Penal de Durango y orden\u00f3 al Congreso local reformar la legislaci\u00f3n penal. <\/p>\n\n\n\n<p class=\"wp-block-paragraph\">La actual LXX Legislatura del Congreso de Durango fue notificada oficialmente de la resoluci\u00f3n judicial el 5 de septiembre de 2025, por lo que el plazo para cumplir con el mandato venci\u00f3 el 15 de diciembre pasado, al concluir el periodo ordinario de sesiones. Sin embargo, la reforma al C\u00f3digo Penal no se llev\u00f3 a cabo.<\/p>\n\n\n\n<p class=\"wp-block-paragraph\">En conferencia de prensa desde el recinto legislativo las colectivas feministas exhortaron a las y los diputados a atender la resoluci\u00f3n emitida por un tribunal federal. <\/p>\n\n\n\n<p class=\"wp-block-paragraph\">La diputada Delia Leticia Enr\u00edquez Arriaga, presidenta de la Comisi\u00f3n de Igualdad de G\u00e9nero, record\u00f3 que en marzo de 2025 present\u00f3 una iniciativa para reformar el C\u00f3digo Penal estatal, la cual ya se encuentra en la Comisi\u00f3n de Justicia en etapa de dictamen. <\/p>\n\n\n\n<p class=\"wp-block-paragraph\">Asegur\u00f3 que existen los elementos jur\u00eddicos necesarios para el debate durante este periodo ordinario y expres\u00f3 su expectativa de que pueda subir al pleno en las pr\u00f3ximas semanas<\/p>\n\n\n\n<p class=\"wp-block-paragraph\">Delia Enr\u00edquez reconoci\u00f3 la apertura del presidente de la Junta de Gobierno y Coordinaci\u00f3n Pol\u00edtica, Ernesto Alan\u00eds Herrera, para dialogar con colectivas que han sostenido esta lucha con firmeza y compromiso, entre ellas las arriba se\u00f1aladas, as\u00ed como Cat\u00f3licas por el Derecho a Decidir y el Instituto de Liderazgo Simone de Beauvoir, junto a acompa\u00f1antes y activistas que defienden los derechos reproductivos en Durango.<\/p>\n\n\n\n<p class=\"wp-block-paragraph\">\u201cDespenalizar no obliga a nadie, garantiza salud, certeza jur\u00eddica y dignidad para las mujeres. Escuchar a la sociedad organizada fortalece nuestro trabajo legislativo\u201d, expres\u00f3 la legisladora.<\/p>\n\n\n\n<p class=\"wp-block-paragraph\">Francisco Cu\u00e9, del Grupo de Informaci\u00f3n en Reproducci\u00f3n Elegida (GIRE), explic\u00f3 que el 18 de julio de 2025 el Segundo Tribunal Colegiado del Vig\u00e9simo Quinto Circuito resolvi\u00f3 el amparo en revisi\u00f3n 116\/2023, en el que declar\u00f3 inconstitucional la prohibici\u00f3n absoluta del aborto voluntario en Durango y orden\u00f3 reformar la legislaci\u00f3n penal.<\/p>\n\n\n\n<p class=\"wp-block-paragraph\">Mientras que Julieta Hern\u00e1ndez Camargo, de S\u00ed hay mujeres en Durango, se\u00f1al\u00f3 a las y los legisladores que tienen la oportunidad hist\u00f3rica de hacer bien las cosas y situar a Durango como el estado n\u00famero 25 en el que se reconocen, garantizan y se protegen los derechos reproductivos de las mujeres.<\/p>\n\n\n\n<p class=\"wp-block-paragraph\">Mar\u00eda Hern\u00e1ndez Uribe, de Redefine Durango, record\u00f3 que en 2022 se present\u00f3 la primera iniciativa popular impulsada por colectivas locales, respaldada por m\u00e1s de siete mil firmas ciudadanas. <\/p>\n\n\n\n<p class=\"wp-block-paragraph\">Mantener la penalizaci\u00f3n genera una desigualdad estructural, ya que las mujeres con recursos pueden trasladarse a entidades donde el aborto ya est\u00e1 despenalizado, mientras que quienes viven en contextos de pobreza enfrentan mayores riesgos de criminalizaci\u00f3n o recurren a procedimientos inseguros, apunt\u00f3.<\/p>\n\n\n\n<p class=\"wp-block-paragraph\">Aunque las colectivas precisaron que actualmente no hay mujeres privadas de la libertad en Durango por el delito de aborto; la vigencia del tipo penal genera causa temor tanto en usuarias como en personal m\u00e9dico, lo que puede inhibir el acceso oportuno a servicios de salud.<\/p>\n\n\n\n<p class=\"wp-block-paragraph\">Mar\u00eda Jos\u00e9 Landeros, de Acompa\u00f1antes Laguna, indic\u00f3 que entre 2020 y 2025 realizaron 470 acompa\u00f1amientos de aborto autogestivo en G\u00f3mez Palacio y Lerdo. Explic\u00f3 que el aborto ocurre independientemente de su estatus legal y que la criminalizaci\u00f3n no impide su pr\u00e1ctica, sino que incrementa los riesgos y el estigma.<\/p>\n\n\n\n<p class=\"wp-block-paragraph\">Cristina Santana, del Instituto de Liderazgo Simone de Beauvoir, inform\u00f3 que en 2025 se registraron 687 ingresos hospitalarios por aborto en Durango, incluidos casos espont\u00e1neos e inducidos, adem\u00e1s de 52 atenciones relacionadas con intentos fallidos. Agreg\u00f3 que 964 residentes del estado interrumpieron un embarazo el a\u00f1o pasado, de los cuales 277 habr\u00edan sido atendidos en otras entidades.<\/p>\n\n\n\n<p class=\"wp-block-paragraph\">8 de cada 10 personas a favor del aborto, encuesta del 2021<\/p>\n\n\n\n<p class=\"wp-block-paragraph\">Maribel Luna Mart\u00ednez de Cat\u00f3licas por el Derecho a Decidir, resalt\u00f3 que es sabido que la religi\u00f3n es un elemento presente en este debate, sin embargo, la iglesia cat\u00f3lica no es monol\u00edtica porque la feligres\u00eda es diversa. En ella existen posturas progresistas, misericordiosas y amorosas que acompa\u00f1an el derecho a decidir con conciencia. <\/p>\n\n\n\n<p class=\"wp-block-paragraph\">De acuerdo con la encuesta de opini\u00f3n sobre religi\u00f3n, pol\u00edtica y sexualidad de 2021 que se realiz\u00f3 en todo el pa\u00eds se observ\u00f3 de ocho de cada 10 personas en M\u00e9xico, est\u00e1n a favor de leyes que permiten el aborto en algunos o en todos los casos. Adem\u00e1s, tres de cada cuatro personas coinciden en que la legalidad del aborto tiene impactos positivos y dos de cada tres personas se oponen a que una mujer que aborta sea criminalizada.  <\/p>\n\n\n\n<p class=\"wp-block-paragraph\">El arzobispo de Durango, Faustino Armend\u00e1riz Jim\u00e9nez, sostuvo que la iglesia cat\u00f3lica no negocia con la aprobaci\u00f3n del aborto al referirse a las declaraciones de \u201cCat\u00f3licas por el Derecho a Decidir\u201d en entrevista a El Sol de Durango<\/p>\n\n\n\n<p class=\"wp-block-paragraph\">\u201cEl aborto es como contratar un sicario para matar a un ser humano, un ser humano que es gestado en el vientre de una mujer es un ser humano que est\u00e1 creciendo, un ser humano que tiene vida desde el momento de la concepci\u00f3n y como Dios es el Dios de la vida, nunca estaremos a favor de la muerte ni de la cultura de la muerte\u201d, enfatiz\u00f3 Armend\u00e1riz Jim\u00e9nez. <\/p>\n\n\n\n<p class=\"wp-block-paragraph\">El l\u00edder eclesi\u00e1stico se\u00f1al\u00f3 que han tenido contacto con cada uno de los legisladores locales que tendr\u00e1n en sus manos la aprobaci\u00f3n del aborto legal en Durango, y manifest\u00f3 que la gran mayor\u00eda est\u00e1 a favor de la vida. <\/p>\n\n\n\n<p class=\"wp-block-paragraph\">\u201cLa mayor\u00eda de los diputados son personas de valores, son personas de familias incluso cristianas cat\u00f3licas y creo que no deben de ser incoherentes ante una posible decisi\u00f3n que ellos tengan que tomar, creo que en ellos est\u00e1 el que la vida siga privilegiando aqu\u00ed en Durango\u201d, puntualiz\u00f3 que si alguno act\u00faa conforme a intereses de por medio caer\u00e1 en su conciencia personal.  <\/p>\n\n\n\n<p class=\"wp-block-paragraph\">Por su parte GIRE afirm\u00f3 que el Congreso local tiene la responsabilidad de respetar y promover la laicidad del Estado en su labor legislativa, principio consagrado en el art\u00edculo 40 de la Constituci\u00f3n Pol\u00edtica y refrendado en el art\u00edculo 60 de su Constituci\u00f3n local.<\/p>\n\n\n\n<p class=\"wp-block-paragraph\">Por lo que las y los diputados de Durango deben tomar decisiones y legislar, no desde creencias morales personales sino guiados por la \u00e9tica laica y los valores democr\u00e1ticos a los que se han comprometido como representantes p\u00fablicos de una ciudadan\u00eda plural y diversa.<\/p>\n\n\n\n<p class=\"wp-block-paragraph\">La Tribu Durangue\u00f1a public\u00f3 en su p\u00e1gina de Facebook que el Congreso de Durango tiene la obligaci\u00f3n constitucional de respetar y garantizar la laicidad del Estado, legislando desde la \u00e9tica p\u00fablica y los valores democr\u00e1ticos, no desde creencias morales o religiosas. La autonom\u00eda reproductiva y el derecho a decidir s\u00f3lo se pueden garantizarse en un Estado verdaderamente laico.<\/p>\n\n\n\n<p class=\"wp-block-paragraph\">El aborto es un asunto de salud p\u00fablica. La Organizaci\u00f3n Mundial de la Salud lo reconoce como un servicio esencial y recomienda su despenalizaci\u00f3n para reducir riesgos y muertes por abortos inseguros. En contextos donde es legal, las complicaciones disminuyen significativamente.<\/p>\n\n\n\n<p class=\"wp-block-paragraph\">SEM\/em\/sj<\/p>\n","protected":false},"excerpt":{"rendered":"<p>El 15 de diciembre venci\u00f3 el plazo judicial El Legislativo tienen la oportunidad hist\u00f3rica de hacer bien las cosas, dicen feministas Elda Montiel SemM\u00e9xico. Cd. de M\u00e9xico. 20 de febrero 2026.- Colectivas feministas de Durango hicieron un llamado a las y los legisladores del Congreso local para que en este periodo ordinario dictaminen la despenalizaci\u00f3n [&hellip;]<\/p>\n","protected":false},"author":3,"featured_media":102882,"comment_status":"open","ping_status":"open","sticky":false,"template":"","format":"standard","meta":{"_monsterinsights_skip_tracking":false,"footnotes":""},"categories":[694],"tags":[],"class_list":["post-102879","post","type-post","status-publish","format-standard","has-post-thumbnail","category-destacadas"],"_links":{"self":[{"href":"https:\/\/redsemlac.com\/semmexico\/wp-json\/wp\/v2\/posts\/102879","targetHints":{"allow":["GET"]}}],"collection":[{"href":"https:\/\/redsemlac.com\/semmexico\/wp-json\/wp\/v2\/posts"}],"about":[{"href":"https:\/\/redsemlac.com\/semmexico\/wp-json\/wp\/v2\/types\/post"}],"author":[{"embeddable":true,"href":"https:\/\/redsemlac.com\/semmexico\/wp-json\/wp\/v2\/users\/3"}],"replies":[{"embeddable":true,"href":"https:\/\/redsemlac.com\/semmexico\/wp-json\/wp\/v2\/comments?post=102879"}],"version-history":[{"count":0,"href":"https:\/\/redsemlac.com\/semmexico\/wp-json\/wp\/v2\/posts\/102879\/revisions"}],"wp:featuredmedia":[{"embeddable":true,"href":"https:\/\/redsemlac.com\/semmexico\/wp-json\/wp\/v2\/media\/102882"}],"wp:attachment":[{"href":"https:\/\/redsemlac.com\/semmexico\/wp-json\/wp\/v2\/media?parent=102879"}],"wp:term":[{"taxonomy":"category","embeddable":true,"href":"https:\/\/redsemlac.com\/semmexico\/wp-json\/wp\/v2\/categories?post=102879"},{"taxonomy":"post_tag","embeddable":true,"href":"https:\/\/redsemlac.com\/semmexico\/wp-json\/wp\/v2\/tags?post=102879"}],"curies":[{"name":"wp","href":"https:\/\/api.w.org\/{rel}","templated":true}]}}