{"id":102829,"date":"2026-02-19T18:58:47","date_gmt":"2026-02-20T00:58:47","guid":{"rendered":"https:\/\/redsemlac.com\/semmexico\/?p=102829"},"modified":"2026-02-19T18:58:48","modified_gmt":"2026-02-20T00:58:48","slug":"temen-retiro-de-antimonumentos-en-la-cdmx-ante-la-proximidad-del-mundial-por-ataques-muy-deteriorada-la-glorieta-de-las-mujeres-que-luchan","status":"publish","type":"post","link":"https:\/\/redsemlac.com\/semmexico\/temen-retiro-de-antimonumentos-en-la-cdmx-ante-la-proximidad-del-mundial-por-ataques-muy-deteriorada-la-glorieta-de-las-mujeres-que-luchan\/","title":{"rendered":"Temen retiro de antimonumentos en la CDMX ante la proximidad del Mundial, por ataques muy deteriorada la Glorieta de las Mujeres que Luchan"},"content":{"rendered":"\n<p class=\"wp-block-paragraph\">Las mujeres que custodian la antimonumenta, afirman que, de momento, no ha habido acciones para remover el tinglado, pero han colocado un cartel que reza: \u201cCon goles mis hijos no comer\u00e1n. No al Mundial\u201d.\u00a0\/\u00a0Foto: Nadya Murillo \/El Sol de M\u00e9xico<\/p>\n\n\n\n<p class=\"wp-block-paragraph\">Organizaciones acusan a autoridades capitalinas de fomentar vandalismo y desmantelamientos indirectos para despejar Paseo de la Reforma<\/p>\n\n\n\n<p class=\"wp-block-paragraph\">La jefa de Gobierno, Clara Brugada, ha dicho que no tiene pensado retirarlos, son &nbsp;7 antimonumentos en peligro.<a href=\"https:\/\/whatsapp.com\/channel\/0029Va7IpF5Id7nJvkxFt02Q\"><\/a><a href=\"https:\/\/news.google.com\/s\/CBIwrbqeozY\"><\/a><\/p>\n\n\n\n<p class=\"wp-block-paragraph\">Juan Carlos Rodr\u00edguez<\/p>\n\n\n\n<p class=\"wp-block-paragraph\">SemM\u00e9xico\/El Sol de M\u00e9xico, &nbsp;Cd. de&nbsp; M\u00e9xico, 19 de febrero, 2026.- Organizaciones sociales&nbsp;y&nbsp;colectivos&nbsp;de derechos humanos se encuentran en alerta para que las autoridades de la&nbsp;Ciudad de M\u00e9xico&nbsp;no los tomen por sorpresa ante la proximidad del&nbsp;<a href=\"https:\/\/www.oem.com.mx\/elsoldemexico\/mexico\/mexico-buscara-romper-tres-record-guinness-antes-del-mundial-2026-28489098\" target=\"_blank\" rel=\"noreferrer noopener\">Mundial de Futbol<\/a>.<\/p>\n\n\n\n<p class=\"wp-block-paragraph\">A cuatro meses de que inicie la&nbsp;Copa del Mundo, entre los grupos que defienden el&nbsp;derecho a la memoria&nbsp;circula la versi\u00f3n de que el gobierno capitalino buscar\u00e1 ocultar o remover los antimonumentos en un af\u00e1n de \u201climpiar\u201d el entorno urbano.<\/p>\n\n\n\n<p class=\"wp-block-paragraph\">Si bien la jefa de Gobierno,&nbsp;<a href=\"https:\/\/www.oem.com.mx\/la-prensa\/metropoli\/cdmx-se-vestira-de-flores-y-topiarios-rumbo-al-mundial-luciran-en-mas-de-90-avenidas-principales-28352067\" target=\"_blank\" rel=\"noreferrer noopener\">Clara Brugada<\/a>, ha dicho que no tiene pensado retirar los espacios destinados a la protesta, los colectivos piensan que la estrategia puede ser indirecta: mandar&nbsp;<strong>vandalizar<\/strong>&nbsp;las estructuras y as\u00ed tener el pretexto para moverlas.&nbsp; Como ya ha sucedido.<\/p>\n\n\n\n<p class=\"wp-block-paragraph\"><strong><a href=\"https:\/\/oem.com.mx\/elsoldemexico\/metropoli\/colectivas-denuncian-desmantelamiento-de-la-glorieta-de-las-mujeres-que-luchan-25598171\"><\/a><\/strong><\/p>\n\n\n\n<p class=\"wp-block-paragraph\"><strong><a href=\"https:\/\/oem.com.mx\/elsoldemexico\/metropoli\/colectivas-denuncian-desmantelamiento-de-la-glorieta-de-las-mujeres-que-luchan-25598171\">Colectivas denuncian desmantelamiento de la Glorieta de las Mujeres que Luchan<\/a><\/strong><\/p>\n\n\n\n<p class=\"wp-block-paragraph\">\u201cEs tan real que en los hechos est\u00e1 ocurriendo el retiro de los&nbsp;<strong>antimonumentos<\/strong>\u201d, dijo un vocero de la organizaci\u00f3n&nbsp;<strong>La Ruta de la Memoria<\/strong>&nbsp;quien contest\u00f3 un correo electr\u00f3nico enviado por<strong>&nbsp;El Sol de M\u00e9xico.<\/strong><\/p>\n\n\n\n<p class=\"wp-block-paragraph\">\u201cTenemos informaci\u00f3n de que la coordinaci\u00f3n de asesores de la Clara Brugada ha montado un&nbsp;<strong>operativo<\/strong>&nbsp;de desmantelamiento y lo ha hecho pasar como acciones de vandalismo\u201d, agreg\u00f3 el informante.<\/p>\n\n\n\n<p class=\"wp-block-paragraph\">Durante un recorrido por los antimonumentos colocados en&nbsp;<a href=\"https:\/\/www.oem.com.mx\/elsoldemexico\/cultura\/erendira-la-princesa-purepecha-que-trato-de-evitar-la-conquista-espanola-y-tiene-una-estatua-en-reforma-27683042\" target=\"_blank\" rel=\"noreferrer noopener\">Paseo de la Reforma<\/a>&nbsp;y&nbsp;<strong>Avenida Ju\u00e1rez<\/strong>&nbsp;para conocer su estado f\u00edsico, se observ\u00f3 que el que muestra un mayor deterioro es la \u201c<a href=\"https:\/\/www.oem.com.mx\/elsoldemexico\/metropoli\/a-4-anos-de-resistencia-la-glorieta-de-las-mujeres-que-luchan-florece-con-nuevos-espacios-de-memoria-26124311\" target=\"_blank\" rel=\"noreferrer noopener\">Glorieta de las Mujeres que Luchan<\/a>\u201d, ubicado en donde antes estaba el monumento a Col\u00f3n.<\/p>\n\n\n\n<figure class=\"wp-block-image size-large\"><a href=\"https:\/\/redsemlac.com\/semmexico\/wp-content\/uploads\/2026\/02\/RETIRO-DE-ANTIMONUMENTOS-02.jpg\"><img loading=\"lazy\" decoding=\"async\" width=\"1024\" height=\"576\" src=\"https:\/\/redsemlac.com\/semmexico\/wp-content\/uploads\/2026\/02\/RETIRO-DE-ANTIMONUMENTOS-02-1024x576.jpg\" alt=\"\" class=\"wp-image-102845\" srcset=\"https:\/\/redsemlac.com\/semmexico\/wp-content\/uploads\/2026\/02\/RETIRO-DE-ANTIMONUMENTOS-02-1024x576.jpg 1024w, https:\/\/redsemlac.com\/semmexico\/wp-content\/uploads\/2026\/02\/RETIRO-DE-ANTIMONUMENTOS-02-300x169.jpg 300w, https:\/\/redsemlac.com\/semmexico\/wp-content\/uploads\/2026\/02\/RETIRO-DE-ANTIMONUMENTOS-02-768x432.jpg 768w, https:\/\/redsemlac.com\/semmexico\/wp-content\/uploads\/2026\/02\/RETIRO-DE-ANTIMONUMENTOS-02-150x84.jpg 150w, https:\/\/redsemlac.com\/semmexico\/wp-content\/uploads\/2026\/02\/RETIRO-DE-ANTIMONUMENTOS-02-696x392.jpg 696w, https:\/\/redsemlac.com\/semmexico\/wp-content\/uploads\/2026\/02\/RETIRO-DE-ANTIMONUMENTOS-02-1068x601.jpg 1068w, https:\/\/redsemlac.com\/semmexico\/wp-content\/uploads\/2026\/02\/RETIRO-DE-ANTIMONUMENTOS-02.jpg 1200w\" sizes=\"auto, (max-width: 1024px) 100vw, 1024px\" \/><\/a><\/figure>\n\n\n\n<p class=\"wp-block-paragraph\">Cuatro de las mamparas que rodean el&nbsp;<strong>memorial<\/strong>, las cuales muestran fotograf\u00edas y datos de colectivos que luchan contra la violencia hacia las mujeres y la desaparici\u00f3n forzada, est\u00e1n rotas. Adem\u00e1s, algunas de las leyendas pintadas en las vallas met\u00e1licas que rodean la estructura principal, tienen huellas de intentos por borrarlas con alg\u00fan tipo de solvente.&nbsp;&nbsp;<\/p>\n\n\n\n<p class=\"wp-block-paragraph\">Otro de los antimonumentos que ha sido vandalizado es el de los&nbsp;<strong>43 normalistas de Ayotzinapa<\/strong>, localizado en el cruce de Reforma y Bucareli. Las jardineras que rodean la estructura tienen basura acumulada y los retratos de los alumnos impresos en lona han sido desgarrados.<\/p>\n\n\n\n<p class=\"wp-block-paragraph\">Tenemos informaci\u00f3n de que la coordinaci\u00f3n de asesores de la Clara Brugada ha montado un operativo de desmantelamiento y lo ha hecho pasar como acciones de vandalismo<em> Vocero de la organizaci\u00f3n La Ruta de la Memoria<\/em><\/p>\n\n\n\n<p class=\"wp-block-paragraph\">El \u00fanico de los memoriales donde hay personas vigilando su integridad es la llamada&nbsp;<strong>antimonumenta<\/strong>, ubicada en&nbsp;<strong>Avenida Ju\u00e1rez<\/strong>, frente al Palacio de Bellas Artes. La estructura met\u00e1lica est\u00e1 rodeada de mantas, fotos y carteles que repudian la falta de acciones gubernamentales contra los feminicidios.<\/p>\n\n\n\n<p class=\"wp-block-paragraph\">Las mujeres que custodian la antimonumenta, donde venden algunas artesan\u00eda, afirman que, de momento, no ha habido acciones para remover el tinglado, pero han colocado un cartel que reza: \u201cCon goles mis hijos no comer\u00e1n. No al Mundial\u201d.<\/p>\n\n\n\n<p class=\"wp-block-paragraph\">La ruta de los antimonumentos inici\u00f3 en abril de 2015 con la instalaci\u00f3n del memorial&nbsp;<strong>+43<\/strong>, dedicado a los 43 estudiantes de la normal de&nbsp;<a href=\"https:\/\/www.oem.com.mx\/elsoldeacapulco\/local\/fallece-genoveva-sanchez-madre-de-uno-de-los-43-desaparecidos-de-ayotzinapa-27129897\" target=\"_blank\" rel=\"noreferrer noopener\">Ayotzinapa<\/a>&nbsp;y a las miles de personas desaparecidas en M\u00e9xico.<\/p>\n\n\n\n<p class=\"wp-block-paragraph\">A diferencia de los&nbsp;<a href=\"https:\/\/www.oem.com.mx\/elsoldemexico\/metropoli\/ciudadanos-renombraran-parque-donde-estaban-las-estatuas-del-che-guevara-y-fidel-castro-24850749\" target=\"_blank\" rel=\"noreferrer noopener\">monumentos tradicionales<\/a>, colocados para recordar hechos del pasado, los antimonumentos son una forma de protesta permanente y un reclamo de justicia al Estado en el espacio p\u00fablico.<\/p>\n\n\n\n<p class=\"wp-block-paragraph\">\u201cLas causas a las que hacen referencia no pretenden formar parte del pasado para su recuerdo o conmemoraci\u00f3n, sino que se trata de acontecimientos que no dejan de suceder; por lo menos, no hasta que exista verdad y justicia para dichos agravios\u201d, refiere el libro \u201cAntimonumentos. Memoria, verdad y justicia\u201d, editado por la fundaci\u00f3n Heinrich B\u00f6ll.<\/p>\n\n\n\n<p class=\"wp-block-paragraph\">En entrevista con&nbsp;<strong>El Sol de M\u00e9xico, Jorge Ver\u00e1stegui<\/strong>, coordinador de la&nbsp;<strong>fundaci\u00f3n<\/strong>&nbsp;que ha financiado la construcci\u00f3n de los antimonumentos, resalt\u00f3 que la jefa de Gobierno ha dicho que respeta los memoriales colocados en el espacio p\u00fablico sin el aval de las autoridades capitalinas, pero tambi\u00e9n ha advertido que los puede mover, lo que implica una amenaza latente en v\u00edsperas del Mundial de Futbol.<\/p>\n\n\n\n<figure class=\"wp-block-image size-large\"><a href=\"https:\/\/redsemlac.com\/semmexico\/wp-content\/uploads\/2026\/02\/RETIRO-DE-ANTIMONUMENTOS-03.jpg\"><img loading=\"lazy\" decoding=\"async\" width=\"1024\" height=\"576\" src=\"https:\/\/redsemlac.com\/semmexico\/wp-content\/uploads\/2026\/02\/RETIRO-DE-ANTIMONUMENTOS-03-1024x576.jpg\" alt=\"\" class=\"wp-image-102844\" srcset=\"https:\/\/redsemlac.com\/semmexico\/wp-content\/uploads\/2026\/02\/RETIRO-DE-ANTIMONUMENTOS-03-1024x576.jpg 1024w, https:\/\/redsemlac.com\/semmexico\/wp-content\/uploads\/2026\/02\/RETIRO-DE-ANTIMONUMENTOS-03-300x169.jpg 300w, https:\/\/redsemlac.com\/semmexico\/wp-content\/uploads\/2026\/02\/RETIRO-DE-ANTIMONUMENTOS-03-768x432.jpg 768w, https:\/\/redsemlac.com\/semmexico\/wp-content\/uploads\/2026\/02\/RETIRO-DE-ANTIMONUMENTOS-03-150x84.jpg 150w, https:\/\/redsemlac.com\/semmexico\/wp-content\/uploads\/2026\/02\/RETIRO-DE-ANTIMONUMENTOS-03-696x392.jpg 696w, https:\/\/redsemlac.com\/semmexico\/wp-content\/uploads\/2026\/02\/RETIRO-DE-ANTIMONUMENTOS-03-1068x601.jpg 1068w, https:\/\/redsemlac.com\/semmexico\/wp-content\/uploads\/2026\/02\/RETIRO-DE-ANTIMONUMENTOS-03.jpg 1200w\" sizes=\"auto, (max-width: 1024px) 100vw, 1024px\" \/><\/a><\/figure>\n\n\n\n<p class=\"wp-block-paragraph\">\u201cUn intento del gobierno capitalino de \u2018blanquear\u2019 la&nbsp;<a href=\"https:\/\/www.oem.com.mx\/elsoldemexico\/metropoli\/cdmx-lanza-defensoras-y-defensores-del-espacio-publico-2026-para-rescatar-calles-del-centro-historico-28470950\" target=\"_blank\" rel=\"noreferrer noopener\">ciudad<\/a>&nbsp;de causas sociales, protesta y resistencia ser\u00eda contraproducente\u201d, vaticina Ver\u00e1stegui, quien advirti\u00f3 que los colectivos est\u00e1n preparados para responder con marchas, plantones y tomas de vialidades en caso de que los antimonumentos sean retirados.<\/p>\n\n\n\n<p class=\"wp-block-paragraph\">Desde hace una d\u00e9cada, cuando se coloc\u00f3 el primero de los 15 antimonumentos que forman parte de la&nbsp;<strong>Ruta de la Memoria<\/strong>, la relaci\u00f3n de los gobiernos locales con estas estructuras ha sido inc\u00f3moda y nada f\u00e1cil. Si bien han sido toleradas, ha habido intentos por moverlos a lugares menos visibles, como es el caso de la&nbsp;<strong>Glorieta de las Mujeres<\/strong>.<\/p>\n\n\n\n<p class=\"wp-block-paragraph\">\u201cPor supuesto que a las&nbsp;<strong>autoridades<\/strong>&nbsp;no les gustan los antimonumentos, porque son un recordatorio de lo que no est\u00e1n haciendo bien\u201d, sostuvo&nbsp;<strong>Meyatzin Velasco<\/strong>, coordinadora de Educaci\u00f3n del Centro de Derechos Humanos Miguel Agust\u00edn Pro Ju\u00e1rez.<\/p>\n\n\n\n<p class=\"wp-block-paragraph\">\u201cEs una piedra en el zapato para los distintos gobiernos, en t\u00e9rminos de que no han cumplido con su trabajo de saber d\u00f3nde est\u00e1n los responsables de las peores tragedias en el pa\u00eds\u201d, agreg\u00f3 la activista.<\/p>\n\n\n\n<p class=\"wp-block-paragraph\">ESTOS SON LOS SITIOS DE PROTESTA EN PELIGRO<\/p>\n\n\n\n<figure class=\"wp-block-image size-full\"><a href=\"https:\/\/redsemlac.com\/semmexico\/wp-content\/uploads\/2026\/02\/RETIRO-DE-ANTIMONUMENTOS-04.jpg\"><img loading=\"lazy\" decoding=\"async\" width=\"1000\" height=\"562\" src=\"https:\/\/redsemlac.com\/semmexico\/wp-content\/uploads\/2026\/02\/RETIRO-DE-ANTIMONUMENTOS-04.jpg\" alt=\"\" class=\"wp-image-102843\" srcset=\"https:\/\/redsemlac.com\/semmexico\/wp-content\/uploads\/2026\/02\/RETIRO-DE-ANTIMONUMENTOS-04.jpg 1000w, https:\/\/redsemlac.com\/semmexico\/wp-content\/uploads\/2026\/02\/RETIRO-DE-ANTIMONUMENTOS-04-300x169.jpg 300w, https:\/\/redsemlac.com\/semmexico\/wp-content\/uploads\/2026\/02\/RETIRO-DE-ANTIMONUMENTOS-04-768x432.jpg 768w, https:\/\/redsemlac.com\/semmexico\/wp-content\/uploads\/2026\/02\/RETIRO-DE-ANTIMONUMENTOS-04-150x84.jpg 150w, https:\/\/redsemlac.com\/semmexico\/wp-content\/uploads\/2026\/02\/RETIRO-DE-ANTIMONUMENTOS-04-696x391.jpg 696w\" sizes=\"auto, (max-width: 1000px) 100vw, 1000px\" \/><\/a><\/figure>\n\n\n\n<p class=\"wp-block-paragraph\">Ante la proximidad Copa del Mundo, circula la versi\u00f3n de que el gobierno capitalino buscar\u00e1 ocultar o remover los antimonumentos en un af\u00e1n de \u201climpiar\u201d el entorno urbano. &#8211; Foto: Nadya Murillo \/El Sol de M\u00e9xico<\/p>\n\n\n\n<figure class=\"wp-block-image size-full\"><a href=\"https:\/\/redsemlac.com\/semmexico\/wp-content\/uploads\/2026\/02\/RETIRO-DE-ANTIMONUMENTOS-05.jpg\"><img loading=\"lazy\" decoding=\"async\" width=\"1000\" height=\"562\" src=\"https:\/\/redsemlac.com\/semmexico\/wp-content\/uploads\/2026\/02\/RETIRO-DE-ANTIMONUMENTOS-05.jpg\" alt=\"\" class=\"wp-image-102842\" srcset=\"https:\/\/redsemlac.com\/semmexico\/wp-content\/uploads\/2026\/02\/RETIRO-DE-ANTIMONUMENTOS-05.jpg 1000w, https:\/\/redsemlac.com\/semmexico\/wp-content\/uploads\/2026\/02\/RETIRO-DE-ANTIMONUMENTOS-05-300x169.jpg 300w, https:\/\/redsemlac.com\/semmexico\/wp-content\/uploads\/2026\/02\/RETIRO-DE-ANTIMONUMENTOS-05-768x432.jpg 768w, https:\/\/redsemlac.com\/semmexico\/wp-content\/uploads\/2026\/02\/RETIRO-DE-ANTIMONUMENTOS-05-150x84.jpg 150w, https:\/\/redsemlac.com\/semmexico\/wp-content\/uploads\/2026\/02\/RETIRO-DE-ANTIMONUMENTOS-05-696x391.jpg 696w\" sizes=\"auto, (max-width: 1000px) 100vw, 1000px\" \/><\/a><\/figure>\n\n\n\n<p class=\"wp-block-paragraph\">Antimonumento \u00abVoces Abrazando Voces\u00bb. Los antimonumentos son una forma de protesta permanente y un reclamo de justicia al Estado en el espacio p\u00fablico. &#8211; Foto: Nadya Murillo \/El Sol de M\u00e9xico<\/p>\n\n\n\n<figure class=\"wp-block-image size-full\"><a href=\"https:\/\/redsemlac.com\/semmexico\/wp-content\/uploads\/2026\/02\/RETIRO-DE-ANTIMONUMENTOS-06.jpg\"><img loading=\"lazy\" decoding=\"async\" width=\"1000\" height=\"562\" src=\"https:\/\/redsemlac.com\/semmexico\/wp-content\/uploads\/2026\/02\/RETIRO-DE-ANTIMONUMENTOS-06.jpg\" alt=\"\" class=\"wp-image-102841\" srcset=\"https:\/\/redsemlac.com\/semmexico\/wp-content\/uploads\/2026\/02\/RETIRO-DE-ANTIMONUMENTOS-06.jpg 1000w, https:\/\/redsemlac.com\/semmexico\/wp-content\/uploads\/2026\/02\/RETIRO-DE-ANTIMONUMENTOS-06-300x169.jpg 300w, https:\/\/redsemlac.com\/semmexico\/wp-content\/uploads\/2026\/02\/RETIRO-DE-ANTIMONUMENTOS-06-768x432.jpg 768w, https:\/\/redsemlac.com\/semmexico\/wp-content\/uploads\/2026\/02\/RETIRO-DE-ANTIMONUMENTOS-06-150x84.jpg 150w, https:\/\/redsemlac.com\/semmexico\/wp-content\/uploads\/2026\/02\/RETIRO-DE-ANTIMONUMENTOS-06-696x391.jpg 696w\" sizes=\"auto, (max-width: 1000px) 100vw, 1000px\" \/><\/a><\/figure>\n\n\n\n<p class=\"wp-block-paragraph\">\u201cEs tan real que en los hechos est\u00e1 ocurriendo el retiro de los antimonumentos\u201d, dijo un vocero de la organizaci\u00f3n La Ruta de la Memoria. &#8211; Foto: Nadya Murillo \/El Sol de M\u00e9xico<\/p>\n\n\n\n<figure class=\"wp-block-image size-full\"><a href=\"https:\/\/redsemlac.com\/semmexico\/wp-content\/uploads\/2026\/02\/RETIRO-DE-ANTIMONUMENTOS-07.jpg\"><img loading=\"lazy\" decoding=\"async\" width=\"1000\" height=\"562\" src=\"https:\/\/redsemlac.com\/semmexico\/wp-content\/uploads\/2026\/02\/RETIRO-DE-ANTIMONUMENTOS-07.jpg\" alt=\"\" class=\"wp-image-102840\" srcset=\"https:\/\/redsemlac.com\/semmexico\/wp-content\/uploads\/2026\/02\/RETIRO-DE-ANTIMONUMENTOS-07.jpg 1000w, https:\/\/redsemlac.com\/semmexico\/wp-content\/uploads\/2026\/02\/RETIRO-DE-ANTIMONUMENTOS-07-300x169.jpg 300w, https:\/\/redsemlac.com\/semmexico\/wp-content\/uploads\/2026\/02\/RETIRO-DE-ANTIMONUMENTOS-07-768x432.jpg 768w, https:\/\/redsemlac.com\/semmexico\/wp-content\/uploads\/2026\/02\/RETIRO-DE-ANTIMONUMENTOS-07-150x84.jpg 150w, https:\/\/redsemlac.com\/semmexico\/wp-content\/uploads\/2026\/02\/RETIRO-DE-ANTIMONUMENTOS-07-696x391.jpg 696w\" sizes=\"auto, (max-width: 1000px) 100vw, 1000px\" \/><\/a><\/figure>\n\n\n\n<p class=\"wp-block-paragraph\">Organizaciones acusan al gobierno de Ciudad de M\u00e9xico de fomentar vandalismo y desmantelamientos indirectos. &#8211; Foto: Nadya Murillo \/El Sol de M\u00e9xico<\/p>\n\n\n\n<figure class=\"wp-block-image size-full\"><a href=\"https:\/\/redsemlac.com\/semmexico\/wp-content\/uploads\/2026\/02\/RETIRO-DE-ANTIMONUMENTOS-08.jpg\"><img loading=\"lazy\" decoding=\"async\" width=\"1000\" height=\"562\" src=\"https:\/\/redsemlac.com\/semmexico\/wp-content\/uploads\/2026\/02\/RETIRO-DE-ANTIMONUMENTOS-08.jpg\" alt=\"\" class=\"wp-image-102839\" srcset=\"https:\/\/redsemlac.com\/semmexico\/wp-content\/uploads\/2026\/02\/RETIRO-DE-ANTIMONUMENTOS-08.jpg 1000w, https:\/\/redsemlac.com\/semmexico\/wp-content\/uploads\/2026\/02\/RETIRO-DE-ANTIMONUMENTOS-08-300x169.jpg 300w, https:\/\/redsemlac.com\/semmexico\/wp-content\/uploads\/2026\/02\/RETIRO-DE-ANTIMONUMENTOS-08-768x432.jpg 768w, https:\/\/redsemlac.com\/semmexico\/wp-content\/uploads\/2026\/02\/RETIRO-DE-ANTIMONUMENTOS-08-150x84.jpg 150w, https:\/\/redsemlac.com\/semmexico\/wp-content\/uploads\/2026\/02\/RETIRO-DE-ANTIMONUMENTOS-08-696x391.jpg 696w\" sizes=\"auto, (max-width: 1000px) 100vw, 1000px\" \/><\/a><\/figure>\n\n\n\n<p class=\"wp-block-paragraph\">El Antimonumento +72 ubicado frente a la Embajada de los Estados Unidos conmemora la masacre de 72 migrantes en San Fernando, Tamaulipas; sufre deterioro por el paso del tiempo. &#8211; Foto: Nadya Murillo \/El Sol de M\u00e9xico<\/p>\n\n\n\n<figure class=\"wp-block-image size-full\"><a href=\"https:\/\/redsemlac.com\/semmexico\/wp-content\/uploads\/2026\/02\/RETIRO-DE-ANTIMONUMENTOS-09.jpg\"><img loading=\"lazy\" decoding=\"async\" width=\"1000\" height=\"562\" src=\"https:\/\/redsemlac.com\/semmexico\/wp-content\/uploads\/2026\/02\/RETIRO-DE-ANTIMONUMENTOS-09.jpg\" alt=\"\" class=\"wp-image-102838\" srcset=\"https:\/\/redsemlac.com\/semmexico\/wp-content\/uploads\/2026\/02\/RETIRO-DE-ANTIMONUMENTOS-09.jpg 1000w, https:\/\/redsemlac.com\/semmexico\/wp-content\/uploads\/2026\/02\/RETIRO-DE-ANTIMONUMENTOS-09-300x169.jpg 300w, https:\/\/redsemlac.com\/semmexico\/wp-content\/uploads\/2026\/02\/RETIRO-DE-ANTIMONUMENTOS-09-768x432.jpg 768w, https:\/\/redsemlac.com\/semmexico\/wp-content\/uploads\/2026\/02\/RETIRO-DE-ANTIMONUMENTOS-09-150x84.jpg 150w, https:\/\/redsemlac.com\/semmexico\/wp-content\/uploads\/2026\/02\/RETIRO-DE-ANTIMONUMENTOS-09-696x391.jpg 696w\" sizes=\"auto, (max-width: 1000px) 100vw, 1000px\" \/><\/a><\/figure>\n\n\n\n<p class=\"wp-block-paragraph\">En el antimonumento de los 43 estudiantes de Ayotzinapa, los retratos de los alumnos impresos en lona han sido desgarrados. &#8211; Foto: Nadya Murillo \/El Sol de M\u00e9xico<\/p>\n\n\n\n<figure class=\"wp-block-image size-full\"><a href=\"https:\/\/redsemlac.com\/semmexico\/wp-content\/uploads\/2026\/02\/RETIRO-DE-ANTIMONUMENTOS-10.jpg\"><img loading=\"lazy\" decoding=\"async\" width=\"1000\" height=\"562\" src=\"https:\/\/redsemlac.com\/semmexico\/wp-content\/uploads\/2026\/02\/RETIRO-DE-ANTIMONUMENTOS-10.jpg\" alt=\"\" class=\"wp-image-102837\" srcset=\"https:\/\/redsemlac.com\/semmexico\/wp-content\/uploads\/2026\/02\/RETIRO-DE-ANTIMONUMENTOS-10.jpg 1000w, https:\/\/redsemlac.com\/semmexico\/wp-content\/uploads\/2026\/02\/RETIRO-DE-ANTIMONUMENTOS-10-300x169.jpg 300w, https:\/\/redsemlac.com\/semmexico\/wp-content\/uploads\/2026\/02\/RETIRO-DE-ANTIMONUMENTOS-10-768x432.jpg 768w, https:\/\/redsemlac.com\/semmexico\/wp-content\/uploads\/2026\/02\/RETIRO-DE-ANTIMONUMENTOS-10-150x84.jpg 150w, https:\/\/redsemlac.com\/semmexico\/wp-content\/uploads\/2026\/02\/RETIRO-DE-ANTIMONUMENTOS-10-696x391.jpg 696w\" sizes=\"auto, (max-width: 1000px) 100vw, 1000px\" \/><\/a><\/figure>\n\n\n\n<p class=\"wp-block-paragraph\">Otro de los antimonumentos que ha sido vandalizado es el de los 43 normalistas de Ayotzinapa, localizado en el cruce de Reforma y Bucareli. &#8211; Foto: Nadya Murillo \/El Sol de M\u00e9xico<\/p>\n\n\n\n<figure class=\"wp-block-image size-full\"><a href=\"https:\/\/redsemlac.com\/semmexico\/wp-content\/uploads\/2026\/02\/RETIRO-DE-ANTIMONUMENTOS-11.jpg\"><img loading=\"lazy\" decoding=\"async\" width=\"1000\" height=\"562\" src=\"https:\/\/redsemlac.com\/semmexico\/wp-content\/uploads\/2026\/02\/RETIRO-DE-ANTIMONUMENTOS-11.jpg\" alt=\"\" class=\"wp-image-102836\" srcset=\"https:\/\/redsemlac.com\/semmexico\/wp-content\/uploads\/2026\/02\/RETIRO-DE-ANTIMONUMENTOS-11.jpg 1000w, https:\/\/redsemlac.com\/semmexico\/wp-content\/uploads\/2026\/02\/RETIRO-DE-ANTIMONUMENTOS-11-300x169.jpg 300w, https:\/\/redsemlac.com\/semmexico\/wp-content\/uploads\/2026\/02\/RETIRO-DE-ANTIMONUMENTOS-11-768x432.jpg 768w, https:\/\/redsemlac.com\/semmexico\/wp-content\/uploads\/2026\/02\/RETIRO-DE-ANTIMONUMENTOS-11-150x84.jpg 150w, https:\/\/redsemlac.com\/semmexico\/wp-content\/uploads\/2026\/02\/RETIRO-DE-ANTIMONUMENTOS-11-696x391.jpg 696w\" sizes=\"auto, (max-width: 1000px) 100vw, 1000px\" \/><\/a><\/figure>\n\n\n\n<p class=\"wp-block-paragraph\">El Antimonumento +68 que conmemora y denuncia la masacre estudiantil ocurrida el 2 de octubre de 1968 en Tlatelolco ubicado en el Z\u00f3calo de la capital sufre de vandalismo. &#8211; Foto: Nadya Murillo \/El Sol de M\u00e9xico<\/p>\n\n\n\n<figure class=\"wp-block-image size-full\"><a href=\"https:\/\/redsemlac.com\/semmexico\/wp-content\/uploads\/2026\/02\/RETIRO-DE-ANTIMONUMENTOS-12.jpg\"><img loading=\"lazy\" decoding=\"async\" width=\"1000\" height=\"562\" src=\"https:\/\/redsemlac.com\/semmexico\/wp-content\/uploads\/2026\/02\/RETIRO-DE-ANTIMONUMENTOS-12.jpg\" alt=\"\" class=\"wp-image-102835\" srcset=\"https:\/\/redsemlac.com\/semmexico\/wp-content\/uploads\/2026\/02\/RETIRO-DE-ANTIMONUMENTOS-12.jpg 1000w, https:\/\/redsemlac.com\/semmexico\/wp-content\/uploads\/2026\/02\/RETIRO-DE-ANTIMONUMENTOS-12-300x169.jpg 300w, https:\/\/redsemlac.com\/semmexico\/wp-content\/uploads\/2026\/02\/RETIRO-DE-ANTIMONUMENTOS-12-768x432.jpg 768w, https:\/\/redsemlac.com\/semmexico\/wp-content\/uploads\/2026\/02\/RETIRO-DE-ANTIMONUMENTOS-12-150x84.jpg 150w, https:\/\/redsemlac.com\/semmexico\/wp-content\/uploads\/2026\/02\/RETIRO-DE-ANTIMONUMENTOS-12-696x391.jpg 696w\" sizes=\"auto, (max-width: 1000px) 100vw, 1000px\" \/><\/a><\/figure>\n\n\n\n<p class=\"wp-block-paragraph\">En el antimonumento \u201cGlorieta de las Mujeres que Luchan\u201d ubicado en donde antes estaba el monumento a Col\u00f3n, cuatro de las mamparas que rodean el memorial est\u00e1n rotas. &#8211; Foto: Nadya Murillo \/El Sol de M\u00e9xico<\/p>\n\n\n\n<p class=\"wp-block-paragraph\">\u201cLas causas a las que hacen referencia no pretenden formar parte del pasado para su recuerdo o conmemoraci\u00f3n, sino que se trata de acontecimientos que no dejan de suceder; por lo menos, no hasta que exista verdad y justicia para dichos agravios\u201d, refiere el libro \u201cAntimonumentos. Memoria, verdad y justicia\u201d, editado por la fundaci\u00f3n Heinrich B\u00f6ll.<\/p>\n\n\n\n<p class=\"wp-block-paragraph\">En entrevista con&nbsp;<strong>El Sol de M\u00e9xico, Jorge Ver\u00e1stegui<\/strong>, coordinador de la&nbsp;<strong>fundaci\u00f3n<\/strong>&nbsp;que ha financiado la construcci\u00f3n de los antimonumentos, resalt\u00f3 que la jefa de Gobierno ha dicho que respeta los memoriales colocados en el espacio p\u00fablico sin el aval de las autoridades capitalinas, pero tambi\u00e9n ha advertido que los puede mover, lo que implica una amenaza latente en v\u00edsperas del Mundial de Futbol.<\/p>\n\n\n\n<p class=\"wp-block-paragraph\">\u201cUn intento del gobierno capitalino de \u2018blanquear\u2019 la&nbsp;<a href=\"https:\/\/www.oem.com.mx\/elsoldemexico\/metropoli\/cdmx-lanza-defensoras-y-defensores-del-espacio-publico-2026-para-rescatar-calles-del-centro-historico-28470950\" target=\"_blank\" rel=\"noreferrer noopener\">ciudad<\/a>&nbsp;de causas sociales, protesta y resistencia ser\u00eda contraproducente\u201d, vaticina Ver\u00e1stegui, quien advirti\u00f3 que los colectivos est\u00e1n preparados para responder con marchas, plantones y tomas de vialidades en caso de que los antimonumentos sean retirados.<\/p>\n\n\n\n<p class=\"wp-block-paragraph\">Desde hace una d\u00e9cada, cuando se coloc\u00f3 el primero de los 15 antimonumentos que forman parte de la&nbsp;<strong>Ruta de la Memoria<\/strong>, la relaci\u00f3n de los gobiernos locales con estas estructuras ha sido inc\u00f3moda y nada f\u00e1cil. Si bien han sido toleradas, ha habido intentos por moverlos a lugares menos visibles, como es el caso de la&nbsp;<strong>Glorieta de las Mujeres<\/strong>.<\/p>\n\n\n\n<p class=\"wp-block-paragraph\">\u201cPor supuesto que a las&nbsp;<strong>autoridades<\/strong>&nbsp;no les gustan los antimonumentos, porque son un recordatorio de lo que no est\u00e1n haciendo bien\u201d, sostuvo&nbsp;<strong>Meyatzin Velasco<\/strong>, coordinadora de Educaci\u00f3n del Centro de Derechos Humanos Miguel Agust\u00edn Pro Ju\u00e1rez.<\/p>\n\n\n\n<p class=\"wp-block-paragraph\">\u201cEs una piedra en el zapato para los distintos gobiernos, en t\u00e9rminos de que no han cumplido con su trabajo de saber d\u00f3nde est\u00e1n los responsables de las peores tragedias en el pa\u00eds\u201d, agreg\u00f3 la activista.<a href=\"https:\/\/oem.com.mx\/elsoldemexico\/analisis\/autor\/juan-carlos-rodriguez-3639\"><\/a><\/p>\n\n\n\n<p class=\"wp-block-paragraph\"><strong><a href=\"https:\/\/oem.com.mx\/elsoldemexico\/analisis\/autor\/juan-carlos-rodriguez-3639\">Juan Carlos&nbsp;Rodr\u00edguez: <\/a><\/strong>Reportero con tres d\u00e9cadas buscando historias inc\u00f3modas. Me gusta la pol\u00edtica, analizar el desempe\u00f1o gubernamental y la data. Salsero, cruzazulino y paparazzi de mi familia. Amo las biograf\u00edas y los documentales.&nbsp;<\/p>\n\n\n\n<p class=\"wp-block-paragraph\"><a href=\"https:\/\/oem.com.mx\/elsoldemexico\/metropoli\/primer-simulacro-regional-2026-habitantes-de-cdmx-y-edomex-participan-tras-sonar-alerta-sismica-28515928\"><\/a><\/p>\n\n\n\n<p class=\"wp-block-paragraph\"><a href=\"https:\/\/oem.com.mx\/elsoldemexico\/metropoli\/primer-simulacro-regional-2026-habitantes-de-cdmx-y-edomex-participan-tras-sonar-alerta-sismica-28515928\">&nbsp;<\/a><\/p>\n","protected":false},"excerpt":{"rendered":"<p>Las mujeres que custodian la antimonumenta, afirman que, de momento, no ha habido acciones para remover el tinglado, pero han colocado un cartel que reza: \u201cCon goles mis hijos no comer\u00e1n. No al Mundial\u201d.\u00a0\/\u00a0Foto: Nadya Murillo \/El Sol de M\u00e9xico Organizaciones acusan a autoridades capitalinas de fomentar vandalismo y desmantelamientos indirectos para despejar Paseo de [&hellip;]<\/p>\n","protected":false},"author":3,"featured_media":0,"comment_status":"open","ping_status":"open","sticky":false,"template":"","format":"standard","meta":{"_monsterinsights_skip_tracking":false,"footnotes":""},"categories":[694,897],"tags":[],"class_list":["post-102829","post","type-post","status-publish","format-standard","category-destacadas","category-especial"],"_links":{"self":[{"href":"https:\/\/redsemlac.com\/semmexico\/wp-json\/wp\/v2\/posts\/102829","targetHints":{"allow":["GET"]}}],"collection":[{"href":"https:\/\/redsemlac.com\/semmexico\/wp-json\/wp\/v2\/posts"}],"about":[{"href":"https:\/\/redsemlac.com\/semmexico\/wp-json\/wp\/v2\/types\/post"}],"author":[{"embeddable":true,"href":"https:\/\/redsemlac.com\/semmexico\/wp-json\/wp\/v2\/users\/3"}],"replies":[{"embeddable":true,"href":"https:\/\/redsemlac.com\/semmexico\/wp-json\/wp\/v2\/comments?post=102829"}],"version-history":[{"count":0,"href":"https:\/\/redsemlac.com\/semmexico\/wp-json\/wp\/v2\/posts\/102829\/revisions"}],"wp:attachment":[{"href":"https:\/\/redsemlac.com\/semmexico\/wp-json\/wp\/v2\/media?parent=102829"}],"wp:term":[{"taxonomy":"category","embeddable":true,"href":"https:\/\/redsemlac.com\/semmexico\/wp-json\/wp\/v2\/categories?post=102829"},{"taxonomy":"post_tag","embeddable":true,"href":"https:\/\/redsemlac.com\/semmexico\/wp-json\/wp\/v2\/tags?post=102829"}],"curies":[{"name":"wp","href":"https:\/\/api.w.org\/{rel}","templated":true}]}}