{"id":102818,"date":"2026-02-18T14:49:20","date_gmt":"2026-02-18T20:49:20","guid":{"rendered":"https:\/\/redsemlac.com\/semmexico\/?p=102818"},"modified":"2026-02-18T14:49:21","modified_gmt":"2026-02-18T20:49:21","slug":"intocados-los-grupos-de-poder-en-el-nuevo-gabinete-de-salomon-jara","status":"publish","type":"post","link":"https:\/\/redsemlac.com\/semmexico\/intocados-los-grupos-de-poder-en-el-nuevo-gabinete-de-salomon-jara\/","title":{"rendered":"Intocados los grupos de poder en el \u201cnuevo\u201d gabinete de Salom\u00f3n Jara"},"content":{"rendered":"\n<ul class=\"wp-block-list\">\n<li>Asume la Secretar\u00eda de las Infraestructuras una mujer<\/li>\n\n\n\n<li>\u00c9nfasis en obras, seguridad, agua y salud para CDOAX y zona metropolitana<\/li>\n<\/ul>\n\n\n\n<p class=\"wp-block-paragraph\">Soledad Jarqu\u00edn Edgar<\/p>\n\n\n\n<p class=\"wp-block-paragraph\">SemM\u00e9xico, Oaxaca, 18 de febrero, 2027.- Sin cambios de fondo en su gabinete, hoy se nombr\u00f3 a nuevas y nuevos funcionarios, aunque siguen intactos los espacios de los grupos \u201cde poder\u201d incrustados en el gabinete legal y ampliado desde el inicio de la administraci\u00f3n del morenista Salom\u00f3n Jara Cruz en diciembre del 2022, pese a todo, el gobernador de Oaxaca asegur\u00f3 que hoy inicia una nueva etapa de mayor exigencia, gobernar es escuchar, mejorar y servir.<\/p>\n\n\n\n<p class=\"wp-block-paragraph\">Siguen en sus cargos funcionarios se\u00f1alados por nexos con el crimen organizado, por su injerencia directa en el proceso de revocaci\u00f3n efectuado el 25 de enero pasado y otros pecados relacionados con el dinero p\u00fablico, as\u00ed como cacicazgos pol\u00edticos que impactan en la vida democr\u00e1tica.<\/p>\n\n\n\n<p class=\"wp-block-paragraph\"><strong>Primera mujer titular de la obra p\u00fablica estatal<\/strong><\/p>\n\n\n\n<p class=\"wp-block-paragraph\">El nombramiento de Sildia Mecott G\u00f3mez como secretaria de las Infraestructuras y Comunicaciones la coloca como la primera en ocupar ese cargo a nivel estatal. Nacida en Ixtaltepec en una familia de comerciantes, ha sido directora general del Instituto del Patrimonio Cultural del Estado de Oaxaca y directora del Corredor Interoce\u00e1nico del Istmo de Tehuantepec del Gobierno, todo esto en los \u00faltimos tres a\u00f1os.&nbsp;<\/p>\n\n\n\n<p class=\"wp-block-paragraph\">Mercott G\u00f3mez sustituye a Carlos Vichido Hern\u00e1ndez, se\u00f1alado como su sobrino pol\u00edtico del mandatario, parte de los m\u00e1s de 20 funcionarios relacionados por parentesco con el gobernador.&nbsp;<\/p>\n\n\n\n<p class=\"wp-block-paragraph\">Es la tercera titular de esa dependencia en los tres a\u00f1os de gobierno de Salom\u00f3n Jara Cruz, antes de Vichido Hern\u00e1ndez estuvo el empresario constructor Netzahualc\u00f3yotl Salvatierra L\u00f3pez.<\/p>\n\n\n\n<p class=\"wp-block-paragraph\">Delfina Guzm\u00e1n D\u00edaz es uno de los enroques, al dejar su cargo secretaria de Educaci\u00f3n P\u00fablica y sustituye a Ang\u00e9lica Garc\u00eda P\u00e9rez en la direcci\u00f3n del Colegio de Bachilleres del Estado de Oaxaca (COBAO). Garc\u00eda P\u00e9rez enfrenta una investigaci\u00f3n luego de que la Fiscal\u00eda de Oaxaca inici\u00f3 una carpeta de investigaci\u00f3n por la presunta&nbsp;falsificaci\u00f3n de firmas, huellas dactilares y documentos oficiales, que habr\u00eda afectado a trabajadores de la instituci\u00f3n.<\/p>\n\n\n\n<p class=\"wp-block-paragraph\"><strong>Fernanda Ch\u00e1vez Cruz a la SEP<\/strong><\/p>\n\n\n\n<p class=\"wp-block-paragraph\">En la Secretar\u00eda de Educaci\u00f3n, que deja obligadamente Delfina Guzm\u00e1n D\u00edaz, la titular ser\u00e1 Fernanda Ch\u00e1vez Cruz, quien ocupaba el cargo de secretaria de Arte y Cultura de la Ciudad de Oaxaca y es doctora en Educaci\u00f3n.<\/p>\n\n\n\n<p class=\"wp-block-paragraph\">Iv\u00e1n Garc\u00eda \u00c1lvarez no ser\u00e1 m\u00e1s secretario de Seguridad y Protecci\u00f3n Ciudadana, su lugar ser\u00e1 ocupado por F\u00e9lix Quiroz Javier, un vicealmirante de la Secretar\u00eda de Marina donde ocup\u00f3 el cargo de coordinador de la Estrategia de Seguridad Federal en Oaxaca.<\/p>\n\n\n\n<p class=\"wp-block-paragraph\"><strong>Adi\u00f3s a la cuota del PT<\/strong><\/p>\n\n\n\n<p class=\"wp-block-paragraph\">Tambi\u00e9n dej\u00f3 de ser secretaria del Trabajo, Edith Santib\u00e1\u00f1ez, quien ingres\u00f3 al cargo como \u201cla cuota\u201d del Partido del Trabajo en 2022 cuando la relaci\u00f3n entre Salom\u00f3n Jara y el l\u00edder del PT, Benjam\u00edn Robles, era buena. Santib\u00e1\u00f1ez una lideresa de la regi\u00f3n de la costa oaxaque\u00f1a, vivi\u00f3 una campa\u00f1a orquestada por el fuego amigo, al ser acusada de dar malos tratos a sus colaboradores y tambi\u00e9n de actos de nepotismo.<\/p>\n\n\n\n<p class=\"wp-block-paragraph\">El nepotismo se convirti\u00f3 en un enfermedad contagiosa en casi todas las dependencias del Ejecutivo local y la sacudida al \u00e1rbol de los puestos que dio este d\u00eda el gobernador fue selectivo en esos casos.&nbsp;<\/p>\n\n\n\n<p class=\"wp-block-paragraph\"><strong>Tercera titular en la Secretar\u00eda de las Mujeres<\/strong><\/p>\n\n\n\n<p class=\"wp-block-paragraph\">A la mitad del sexenio de Jara Cruz, Rogelia Gonz\u00e1lez Luis ser\u00e1 la tercera titular de la Secretar\u00eda de las Mujeres, por la destituci\u00f3n de Anah\u00ed Sarmiento P\u00e9rez, quien a su vez sustituy\u00f3 a la hoy diputada local Elisa Zepeda Lagunas. La Secretar\u00eda de las Mujeres ha sido ampliamente cuestionada por los grupos feministas locales.&nbsp;<\/p>\n\n\n\n<p class=\"wp-block-paragraph\">Recientemente Anah\u00ed Sarmiento, tras su comparecencia en el Congreso local, enfrent\u00f3 a una periodista, no respondi\u00f3 a las preguntas, en tanto, el personal cercano empuj\u00f3 a la reportera de un medio internacional, para que dejara de hacer pregunta.&nbsp;<\/p>\n\n\n\n<p class=\"wp-block-paragraph\"><strong>Cero y van tres para V\u00edctor Cata<\/strong><\/p>\n\n\n\n<p class=\"wp-block-paragraph\">V\u00edctor V\u00e1zquez Castillejos, V\u00edctor Cata, ser\u00e1 el nuevo titular de la Secretar\u00eda de Interculturalidad, Pueblos y Comunidades Ind\u00edgenas y Afromexicanas, cargo que ocup\u00f3 Juana L\u00f3pez Hern\u00e1ndez, quien antes hab\u00eda sido electa Diosa Cente\u00f3tl en 2024. La otra funcionaria que ocup\u00f3 el cargo en esa dependencia al inicio de la gesti\u00f3n de Jara fue Bertha Ruth Arreola Ruiz.&nbsp;<\/p>\n\n\n\n<p class=\"wp-block-paragraph\">V\u00edctor V\u00e1zquez Castillejos tendr\u00e1 una nueva oportunidad en el gabinete legal, la tercera vez con un cargo distinto y la segunda al frente de una secretar\u00eda. La primera fue la Secretar\u00eda de las Culturas y las Artes, luego pas\u00f3 por el Instituto de Lenguas Originarias de Oaxaca, hoy secretario de Interculturalidad, Pueblos y Comunidades Ind\u00edgenas y Afromexicanas.<\/p>\n\n\n\n<p class=\"wp-block-paragraph\">El nuevo director del Registro Civil es Luis Alberto Sosa Castillo, quien sustituye a Alfredo Santiago Ch\u00e1vez, quien deja el cargo en medio de una denuncia y detenci\u00f3n de funcionarios, un hombre y una mujer acusados de falsificaci\u00f3n y alteraci\u00f3n de documentos oficiales que se habr\u00edan otorgado a personas migrantes.<\/p>\n\n\n\n<p class=\"wp-block-paragraph\">Manuel Garc\u00eda Ca\u00f1as, es desde hoy el director de Vivienda y Bienestar, sustituye a<strong> <\/strong>Enrique Feria Rodr\u00edguez.&nbsp;<\/p>\n\n\n\n<p class=\"wp-block-paragraph\">En tanto que Sergio L\u00f3pez S\u00e1nchez ser\u00e1 el director de la Secretar\u00eda de&nbsp;Seguridad y Desarrollo (SESID).<\/p>\n\n\n\n<p class=\"wp-block-paragraph\">Daniel Hern\u00e1ndez Ju\u00e1rez deja la direcci\u00f3n de la Corporaci\u00f3n Oaxaque\u00f1a de Radio y Televisi\u00f3n, cargo que ahora ocupara Vania Rosal\u00eda Bautista, quien se define como comunic\u00f3loga y gestora social. Deja por tanto el cargo de directora de Imagen y Producci\u00f3n del gobierno estatal. Antes hab\u00eda sido productora de proyectos audiovisuales, encargada de redes sociales de Secretariado Ejecutivo del Sistema Estatal de Seguridad P\u00fablica, trabajos que tambi\u00e9n realiz\u00f3 en el PRD.<\/p>\n\n\n\n<p class=\"wp-block-paragraph\">Francisco Salinas Huergo dej\u00f3 el cargo como director del Instituto de Estudios de Bachillerato del Estado de Oaxaca (IEBO), todav\u00eda hace unos d\u00edas el funcionario hab\u00eda inaugurado cinco obras en un plantel ubicado en San Pedro Quiatoni.<\/p>\n\n\n\n<p class=\"wp-block-paragraph\">En tanto que Omar P\u00e9rez Ben\u00edtez se convirti\u00f3 en el \u00faltimo titular del Sistema Operador de los Servicios de Agua Potable y Alcantarillado, luego de que el mandatario anunciara la creaci\u00f3n de la Secretar\u00eda del Agua.<\/p>\n\n\n\n<p class=\"wp-block-paragraph\">Carlos L\u00f3pez Jarqu\u00edn, hermano del arriba mencionado, fue designado como director de la Comisi\u00f3n para la Regularizaci\u00f3n de la Tenencia de la Tierra Urbana del Estado de Oaxaca, dejando fuera a Beatriz Acevedo Montoya.<\/p>\n\n\n\n<p class=\"wp-block-paragraph\">Tras el anuncio, Jara Cruz anunci\u00f3 \u201cun plan de alto impacto en beneficio de Oaxaca\u201d, el cual atender\u00e1 los temas de salud, agua, infraestructura y seguridad.<\/p>\n\n\n\n<p class=\"wp-block-paragraph\">Blanca Mart\u00ednez Guzm\u00e1n dej\u00f3 la titularidad del <strong>Colegio Superior para la Educaci\u00f3n Integral Intercultural de Oaxaca.<\/strong> Samantha Mota V\u00e1squez tambi\u00e9n deja la titularidad del Instituto de la Lectura. Alejandro L\u00f3pez Jarqu\u00edn se va del cargo p\u00fablico como director del Instituto Oaxaque\u00f1o Constructor de Infraestructura Educativa. En estas tres direcciones el gobernador no dio a conocer qui\u00e9nes ser\u00e1n los nuevos responsables.<\/p>\n\n\n\n<p class=\"wp-block-paragraph\"><strong>Secretar\u00eda del Agua y anuncios para la zona metropolitana<\/strong><\/p>\n\n\n\n<p class=\"wp-block-paragraph\">Anunci\u00f3 que \u201csu amigo\u201d Neftal\u00ed L\u00f3pez Hern\u00e1ndez ser\u00e1 el titular de la Secretar\u00eda del Agua, que se crear\u00e1 pronto y asegur\u00f3 que el agua es una prioridad.<\/p>\n\n\n\n<p class=\"wp-block-paragraph\">Entre las novedades que dio a conocer Jara Cruz, con montos y tiempos establecidos, para una de las zonas que m\u00e1s lo castig\u00f3 en la pasada revocaci\u00f3n de mandato del 25 de enero, la ciudad de Oaxaca y anunci\u00f3 la construcci\u00f3n de cinco nuevos pozos en la agencia de San Juan Chapultepec y la zona del centro de la capital oaxaque\u00f1a, para reducir el tandeo de 40 a 10 d\u00edas. La inversi\u00f3n ser\u00e1 de 100 millones de pesos.<\/p>\n\n\n\n<p class=\"wp-block-paragraph\">Tambi\u00e9n en la zona metropolitana, que incluye a la capital, as\u00ed como los municipios de Santa Cruz Xoxocotl\u00e1n, Santa Lucia y otros, dijo que se descentralizar\u00e1 la atenci\u00f3n m\u00e9dica, con servicios de salud digna, para lo cual habr\u00e1 114 brigadas m\u00e9dicas, mil 140 atenciones cada d\u00eda, con un alcance de 60 mil familias cada tres meses. Aunado a ello, el gobernador prometi\u00f3 una cobertura del 90 por ciento en abasto de medicamentos.<\/p>\n\n\n\n<p class=\"wp-block-paragraph\">El mandatario oaxaque\u00f1o, quien asumi\u00f3 la responsabilidad de los errores cometidos antes del 25 de enero, d\u00eda de la revocaci\u00f3n de mandato, anunci\u00f3 una inversi\u00f3n de mil millones de pesos en la construcci\u00f3n y rehabilitaci\u00f3n de caminos rurales, bacheo de calles y conservaci\u00f3n de carreteras estatales.<\/p>\n\n\n\n<p class=\"wp-block-paragraph\">En seguridad dijo que habr\u00e1 300 nuevos polic\u00edas, para salvaguardar el orden, los cuales se habr\u00e1n integrado a m\u00e1s tardar en los pr\u00f3ximos 120 d\u00edas, unos cuatro meses.<\/p>\n\n\n\n<p class=\"wp-block-paragraph\">Del programa Sendero Seguro expuso que mil calles de la zona metropolitana ser\u00e1n iluminadas y el 28 de febrero ser\u00e1n inauguradas las primeras 250 calles que contar\u00e1n adem\u00e1s de iluminaci\u00f3n, de botones de p\u00e1nico y c\u00e1maras conectadas al C5.&nbsp;<\/p>\n\n\n\n<p class=\"wp-block-paragraph\">\u201cY en los pr\u00f3ximos 30 a\u00f1os se entregar\u00e1n doscientas calles m\u00e1s\u201d, dijo Salom\u00f3n Jara, quien habr\u00eda querido decir \u201cpr\u00f3ximos 30 d\u00edas\u201d. Por luego se\u00f1al\u00f3 que en 60 d\u00edas otras 250 calles y en mayo estar\u00e1n listas las 300 calles restantes, que suman las mil calles de Sendero Seguro.<\/p>\n\n\n\n<p class=\"wp-block-paragraph\">SEM\/sj<\/p>\n","protected":false},"excerpt":{"rendered":"<p>Soledad Jarqu\u00edn Edgar SemM\u00e9xico, Oaxaca, 18 de febrero, 2027.- Sin cambios de fondo en su gabinete, hoy se nombr\u00f3 a nuevas y nuevos funcionarios, aunque siguen intactos los espacios de los grupos \u201cde poder\u201d incrustados en el gabinete legal y ampliado desde el inicio de la administraci\u00f3n del morenista Salom\u00f3n Jara Cruz en diciembre del [&hellip;]<\/p>\n","protected":false},"author":3,"featured_media":102819,"comment_status":"open","ping_status":"open","sticky":false,"template":"","format":"standard","meta":{"_monsterinsights_skip_tracking":false,"footnotes":""},"categories":[694,700],"tags":[],"class_list":["post-102818","post","type-post","status-publish","format-standard","has-post-thumbnail","category-destacadas","category-estados"],"_links":{"self":[{"href":"https:\/\/redsemlac.com\/semmexico\/wp-json\/wp\/v2\/posts\/102818","targetHints":{"allow":["GET"]}}],"collection":[{"href":"https:\/\/redsemlac.com\/semmexico\/wp-json\/wp\/v2\/posts"}],"about":[{"href":"https:\/\/redsemlac.com\/semmexico\/wp-json\/wp\/v2\/types\/post"}],"author":[{"embeddable":true,"href":"https:\/\/redsemlac.com\/semmexico\/wp-json\/wp\/v2\/users\/3"}],"replies":[{"embeddable":true,"href":"https:\/\/redsemlac.com\/semmexico\/wp-json\/wp\/v2\/comments?post=102818"}],"version-history":[{"count":0,"href":"https:\/\/redsemlac.com\/semmexico\/wp-json\/wp\/v2\/posts\/102818\/revisions"}],"wp:featuredmedia":[{"embeddable":true,"href":"https:\/\/redsemlac.com\/semmexico\/wp-json\/wp\/v2\/media\/102819"}],"wp:attachment":[{"href":"https:\/\/redsemlac.com\/semmexico\/wp-json\/wp\/v2\/media?parent=102818"}],"wp:term":[{"taxonomy":"category","embeddable":true,"href":"https:\/\/redsemlac.com\/semmexico\/wp-json\/wp\/v2\/categories?post=102818"},{"taxonomy":"post_tag","embeddable":true,"href":"https:\/\/redsemlac.com\/semmexico\/wp-json\/wp\/v2\/tags?post=102818"}],"curies":[{"name":"wp","href":"https:\/\/api.w.org\/{rel}","templated":true}]}}