{"id":102814,"date":"2026-02-18T14:48:10","date_gmt":"2026-02-18T20:48:10","guid":{"rendered":"https:\/\/redsemlac.com\/semmexico\/?p=102814"},"modified":"2026-02-18T14:48:11","modified_gmt":"2026-02-18T20:48:11","slug":"cch-oriente-entra-en-paro-tras-agresion-contra-alumna-exigen-mayor-seguridad","status":"publish","type":"post","link":"https:\/\/redsemlac.com\/semmexico\/cch-oriente-entra-en-paro-tras-agresion-contra-alumna-exigen-mayor-seguridad\/","title":{"rendered":"CCH Oriente entra en paro tras agresi\u00f3n contra alumna; exigen mayor seguridad"},"content":{"rendered":"\n<p class=\"wp-block-paragraph\">La estudiante fue interceptada por un sujeto que presuntamente intent\u00f3 asaltarla, al resistirse, la hiri\u00f3 con una navaja a un costado del abdomen<\/p>\n\n\n\n<p class=\"wp-block-paragraph\"><a href=\"https:\/\/www.facebook.com\/share.php?u=https:\/\/oem.com.mx\/elsoldemexico\/metropoli\/cch-oriente-entra-en-paro-tras-agresion-contra-alumna-exigen-mayor-seguridad-28489638.app.json\" target=\"_blank\" rel=\"noreferrer noopener\"><\/a><a href=\"https:\/\/twitter.com\/share?url=https:\/\/oem.com.mx\/elsoldemexico\/metropoli\/cch-oriente-entra-en-paro-tras-agresion-contra-alumna-exigen-mayor-seguridad-28489638.app.json\" target=\"_blank\" rel=\"noreferrer noopener\"><\/a><\/p>\n\n\n\n<p class=\"wp-block-paragraph\">Redacci\u00f3n <a href=\"https:\/\/whatsapp.com\/channel\/0029Va7IpF5Id7nJvkxFt02Q\" target=\"_blank\" rel=\"noreferrer noopener\"><\/a><a href=\"https:\/\/news.google.com\/s\/CBIwrbqeozY\" target=\"_blank\" rel=\"noreferrer noopener\"><\/a><\/p>\n\n\n\n<p class=\"wp-block-paragraph\">SemM\u00e9xico\/El Sol de M\u00e9xico<\/p>\n\n\n\n<p class=\"wp-block-paragraph\">El Colegio de Ciencias y Humanidades\u00a0(CCH)\u00a0Oriente\u00a0de la Universidad Nacional Aut\u00f3noma de M\u00e9xico (UNAM) entr\u00f3 en paro de labores tras la\u00a0agresi\u00f3n contra una alumna\u00a0ocurrida en las inmediaciones del plantel, hecho que desat\u00f3 las exigencias de la comunidad estudiantil para que haya justicia en el caso y seguridad no solo dentro de las instalaciones, sino en los alrededores.<\/p>\n\n\n\n<p class=\"wp-block-paragraph\">De acuerdo con los primeros reportes, el ataque se registr\u00f3 el viernes 13 de febrero alrededor de las 19:20 horas, cerca de la\u00a0Puerta 3.\u00a0La estudiante fue interceptada por un sujeto que presuntamente intent\u00f3\u00a0asaltarla. Al resistirse, se produjo un forcejeo en el que el\u00a0agresor la toc\u00f3 sin su consentimiento\u00a0y posteriormente\u00a0la hiri\u00f3 con una navaja\u00a0en varias ocasiones antes de huir.<\/p>\n\n\n\n<p class=\"wp-block-paragraph\">La joven logr\u00f3 ponerse a salvo y pidi\u00f3 ayuda dentro de las instalaciones.\u00a0Personal\u00a0del plantel le brind\u00f3 los\u00a0primeros auxilios\u00a0de inmediato.<\/p>\n\n\n\n<p class=\"wp-block-paragraph\"><a href=\"https:\/\/oem.com.mx\/elsoldemexico\/metropoli\/cch-sur-regresa-a-clases-con-refuerzo-de-seguridad-y-apoyo-emocional-tras-fallecimiento-de-alumno-28162610.app.json\"><\/a><a href=\"https:\/\/oem.com.mx\/elsoldemexico\/metropoli\/cch-sur-regresa-a-clases-con-refuerzo-de-seguridad-y-apoyo-emocional-tras-fallecimiento-de-alumno-28162610.app.json\"><\/a><\/p>\n\n\n\n<h3 class=\"wp-block-heading\"><a href=\"https:\/\/oem.com.mx\/elsoldemexico\/metropoli\/cch-sur-regresa-a-clases-con-refuerzo-de-seguridad-y-apoyo-emocional-tras-fallecimiento-de-alumno-28162610.app.json\">CCH Sur regresa a clases con refuerzo de seguridad y apoyo emocional tras fallecimiento de un alumno<\/a><\/h3>\n\n\n\n<p class=\"wp-block-paragraph\">En un comunicado, el\u00a0CCH Oriente\u00a0inform\u00f3 que se le brind\u00f3 la atenci\u00f3n oportuna a una alumna derivado de un incidente al exterior del Colegio y detall\u00f3 que la\u00a0Comisi\u00f3n Local de Seguridad\u00a0activ\u00f3 los protocolos correspondientes.\u00a0<\/p>\n\n\n\n<p class=\"wp-block-paragraph\">Resalt\u00f3 que la estudiante\u00a0se encontraba estable y recibi\u00f3 acompa\u00f1amiento en la Unidad Jur\u00eddica\u00a0para acudir ante las autoridades y presentar la denuncia.<\/p>\n\n\n\n<p class=\"wp-block-paragraph\">Tras los hechos, alumnos\u00a0convocaron a un paro\u00a0para demandar el reforzamiento de la seguridad en el exterior del plantel y la intervenci\u00f3n de las autoridades. El 16 de febrero se intent\u00f3 establecer una mesa de di\u00e1logo, sin embargo, no se alcanz\u00f3 un acuerdo.<\/p>\n\n\n\n<p class=\"wp-block-paragraph\">La Direcci\u00f3n determin\u00f3 instalar una mesa formal de trabajo el 17 de febrero, en coordinaci\u00f3n con personal del Secretar\u00eda de Prevenci\u00f3n y Apoyo a la Movilidad y Seguridad Universitaria (<strong>SPAMSU<\/strong>), y suspender las actividades acad\u00e9mico-administrativas durante esa jornada.<\/p>\n\n\n\n<p class=\"wp-block-paragraph\">La jefa de gobierno<strong>, Clara Brugada, pidi\u00f3 a la Fiscal\u00eda de CDMX atender el caso<\/strong>&nbsp;de la joven, as\u00ed como&nbsp;<strong>reforzar la seguridad<\/strong>&nbsp;alrededor del CCH y del programa de Auxilio Escolar.<\/p>\n\n\n\n<blockquote class=\"wp-block-quote is-layout-flow wp-block-quote-is-layout-flow\">\n<p class=\"wp-block-paragraph\"><q>Le pedir\u00eda al secretario Tom\u00e1s Pliego que, por favor, podamos forzar, seguramente se estar\u00e1 haciendo, para que tengamos oportunidad de prevenir.<\/q>Clara Brugada, jefa de Gobierno de CDMX.<\/p>\n<\/blockquote>\n\n\n\n<p class=\"wp-block-paragraph\"><a href=\"https:\/\/oem.com.mx\/elsoldemexico\/metropoli\/paros-protestas-y-crisis-de-inseguridad-marcaron-el-ciclo-escolar-2025-en-la-unam-27080196.app.json\"><\/a><a href=\"https:\/\/oem.com.mx\/elsoldemexico\/metropoli\/paros-protestas-y-crisis-de-inseguridad-marcaron-el-ciclo-escolar-2025-en-la-unam-27080196.app.json\"><\/a><\/p>\n\n\n\n<h3 class=\"wp-block-heading\"><a href=\"https:\/\/oem.com.mx\/elsoldemexico\/metropoli\/paros-protestas-y-crisis-de-inseguridad-marcaron-el-ciclo-escolar-2025-en-la-unam-27080196.app.json\">Paros, protestas y crisis de inseguridad marcaron el ciclo escolar de la UNAM en 2025<\/a><\/h3>\n\n\n\n<p class=\"wp-block-paragraph\">Mientras que la&nbsp;<strong>fiscal General de Justicia de la CDMX<\/strong>, Bertha Alcalde Luj\u00e1n, dijo que la&nbsp;<strong>alumna<\/strong>&nbsp;ya present\u00f3 una&nbsp;<strong>denuncia<\/strong>&nbsp;y que est\u00e1n&nbsp;<strong>rastreando la investigaci\u00f3n.<\/strong><\/p>\n\n\n\n<figure class=\"wp-block-image\"><img decoding=\"async\" src=\"https:\/\/oem.com.mx\/elsoldemexico\/img\/28508616\/1771391562\/BASE_LANDSCAPE\/1200\/image.webp\" alt=\"met-CCH ORIENTE SE VA A PARO-12.jpg\"\/><\/figure>\n\n\n\n<h3 class=\"wp-block-heading\">CCH Oriente ha reportado otros incidentes por inseguridad<\/h3>\n\n\n\n<p class=\"wp-block-paragraph\">De acuerdo con estudiantes, este no es un hecho aislado, ya que una noche antes de la agresi\u00f3n de la alumna, el jueves 12 de febrero escucharon\u00a0detonaciones\u00a0de\u00a0<strong>disparos<\/strong>\u00a0cerca de las\u00a0<strong>instalaciones<\/strong>\u00a0sin que hubiera<strong>\u00a0vigilancia policial.<\/strong><\/p>\n\n\n\n<p class=\"wp-block-paragraph\"><a href=\"https:\/\/oem.com.mx\/elsoldemexico\/mexico\/llama-rector-de-la-unam-a-evitar-suspension-de-clases-celebra-paros-activos-27006486.app.json\"><\/a><a href=\"https:\/\/oem.com.mx\/elsoldemexico\/mexico\/llama-rector-de-la-unam-a-evitar-suspension-de-clases-celebra-paros-activos-27006486.app.json\"><\/a><\/p>\n\n\n\n<h3 class=\"wp-block-heading\"><a href=\"https:\/\/oem.com.mx\/elsoldemexico\/mexico\/llama-rector-de-la-unam-a-evitar-suspension-de-clases-celebra-paros-activos-27006486.app.json\">UNAM llama a evitar suspensi\u00f3n de clases; celebra paros activos<\/a><\/h3>\n\n\n\n<p class=\"wp-block-paragraph\">En\u00a0<strong>marzo de 2025<\/strong>, este diario report\u00f3 un\u00a0paro de labores, tras la denuncia de estudiantes del plantel del Colegio ubicado en la colonia Tepalcates, en la alcald\u00eda Iztapalapa. Los alumnos se\u00f1alaron que en las\u00a0inmediaciones de la escuela, sobre Canal de San Juan y avenida Universidad, se registraban constantemente\u00a0<strong>asaltos<\/strong>\u00a0entre las siete y nueve de la noche.<\/p>\n\n\n\n<p class=\"wp-block-paragraph\">Denunciaron que ya\u00a0no pod\u00edan utilizar el transporte p\u00fablico\u00a0afuera del plantel<strong>\u00a0ni transitar por las calles aleda\u00f1as<\/strong>, ya que eran\u00a0<strong>v\u00edctimas de robos<\/strong>\u00a0en los que les arrebatan sus pertenencias.<\/p>\n\n\n\n<figure class=\"wp-block-image\"><img decoding=\"async\" src=\"https:\/\/oem.com.mx\/elsoldemexico\/img\/28508602\/1771391526\/BASE_LANDSCAPE\/1200\/image.webp\" alt=\"met-CCH ORIENTE SE VA A PARO-1.jpg\"\/><\/figure>\n\n\n\n<p class=\"wp-block-paragraph\">En ese momento los\u00a0padres de familia exigieron mayor seguridad e iluminaci\u00f3n\u00a0en las calles cercanas a la escuela, as\u00ed como garantizar el\u00a0funcionamiento de los botones de p\u00e1nico\u00a0y de las<strong>\u00a0c\u00e1maras de videovigilancia<\/strong>.<\/p>\n\n\n\n<p class=\"wp-block-paragraph\">En septiembre de 2025, el\u00a0CCH Sur vivi\u00f3 una situaci\u00f3n de violencia\u00a0que lo oblig\u00f3 a\u00a0<strong>suspender sus clases<\/strong>\u00a0luego de que un\u00a0estudiante\u00a0<strong>atac\u00f3<\/strong>\u00a0con un arma blanca a un\u00a0<strong>compa\u00f1ero<\/strong>\u00a0dentro del plantel que\u00a0le caus\u00f3 la muerte y dej\u00f3 tambi\u00e9n a un trabajador herido. El hecho gener\u00f3 una fuerte indignaci\u00f3n y preocupaci\u00f3n en la comunidad, al evidenciar fallas en los controles de acceso y en los protocolos de seguridad.<\/p>\n\n\n\n<p class=\"wp-block-paragraph\"><a href=\"https:\/\/oem.com.mx\/elsoldemexico\/mexico\/frente-a-las-amenazas-violencia-y-divisiones-la-unam-no-se-paraliza-rector-leonardo-lomeli-26856300.app.json\"><\/a><a href=\"https:\/\/oem.com.mx\/elsoldemexico\/mexico\/frente-a-las-amenazas-violencia-y-divisiones-la-unam-no-se-paraliza-rector-leonardo-lomeli-26856300.app.json\"><\/a><\/p>\n\n\n\n<h3 class=\"wp-block-heading\"><a href=\"https:\/\/oem.com.mx\/elsoldemexico\/mexico\/frente-a-las-amenazas-violencia-y-divisiones-la-unam-no-se-paraliza-rector-leonardo-lomeli-26856300.app.json\">Frente a las amenazas, violencia y divisiones, la UNAM no se paraliza: rector Leonardo Lomel\u00ed<\/a><\/h3>\n\n\n\n<p class=\"wp-block-paragraph\">Tras el incidente, las&nbsp;<strong>actividades presenciales se detuvieron por m\u00e1s de cuatro meses&nbsp;<\/strong>mientras autoridades y comunidad exig\u00edan mejores condiciones de seguridad.&nbsp;<\/p>\n\n\n\n<p class=\"wp-block-paragraph\">Fue hasta inicios de&nbsp;<strong>febrero<\/strong>&nbsp;de este a\u00f1o que se retomaron las&nbsp;<strong>clases de manera presencial<\/strong>, despu\u00e9s de implementar medidas como<strong>&nbsp;controles de acceso m\u00e1s estrictos<\/strong>, mayor&nbsp;<strong>vigilancia, botones de p\u00e1nico<\/strong>&nbsp;y<strong>&nbsp;apoyo psicoemocional&nbsp;<\/strong>para estudiantes y personal.<\/p>\n\n\n\n<p class=\"wp-block-paragraph\"><a href=\"https:\/\/oem.com.mx\/elsoldemexico\/analisis\/autor\/gloria-lopez-3562\/app.json\"><\/a>.<\/p>\n\n\n\n<p class=\"wp-block-paragraph\"><a href=\"https:\/\/oem.com.mx\/elsoldemexico\/analisis\/autor\/gloria-lopez-3562\/app.json\"><\/a><\/p>\n","protected":false},"excerpt":{"rendered":"<p>La estudiante fue interceptada por un sujeto que presuntamente intent\u00f3 asaltarla, al resistirse, la hiri\u00f3 con una navaja a un costado del abdomen Redacci\u00f3n SemM\u00e9xico\/El Sol de M\u00e9xico El Colegio de Ciencias y Humanidades\u00a0(CCH)\u00a0Oriente\u00a0de la Universidad Nacional Aut\u00f3noma de M\u00e9xico (UNAM) entr\u00f3 en paro de labores tras la\u00a0agresi\u00f3n contra una alumna\u00a0ocurrida en las inmediaciones del [&hellip;]<\/p>\n","protected":false},"author":3,"featured_media":102815,"comment_status":"open","ping_status":"open","sticky":false,"template":"","format":"standard","meta":{"_monsterinsights_skip_tracking":false,"footnotes":""},"categories":[682],"tags":[],"class_list":["post-102814","post","type-post","status-publish","format-standard","has-post-thumbnail","category-noticias"],"_links":{"self":[{"href":"https:\/\/redsemlac.com\/semmexico\/wp-json\/wp\/v2\/posts\/102814","targetHints":{"allow":["GET"]}}],"collection":[{"href":"https:\/\/redsemlac.com\/semmexico\/wp-json\/wp\/v2\/posts"}],"about":[{"href":"https:\/\/redsemlac.com\/semmexico\/wp-json\/wp\/v2\/types\/post"}],"author":[{"embeddable":true,"href":"https:\/\/redsemlac.com\/semmexico\/wp-json\/wp\/v2\/users\/3"}],"replies":[{"embeddable":true,"href":"https:\/\/redsemlac.com\/semmexico\/wp-json\/wp\/v2\/comments?post=102814"}],"version-history":[{"count":0,"href":"https:\/\/redsemlac.com\/semmexico\/wp-json\/wp\/v2\/posts\/102814\/revisions"}],"wp:featuredmedia":[{"embeddable":true,"href":"https:\/\/redsemlac.com\/semmexico\/wp-json\/wp\/v2\/media\/102815"}],"wp:attachment":[{"href":"https:\/\/redsemlac.com\/semmexico\/wp-json\/wp\/v2\/media?parent=102814"}],"wp:term":[{"taxonomy":"category","embeddable":true,"href":"https:\/\/redsemlac.com\/semmexico\/wp-json\/wp\/v2\/categories?post=102814"},{"taxonomy":"post_tag","embeddable":true,"href":"https:\/\/redsemlac.com\/semmexico\/wp-json\/wp\/v2\/tags?post=102814"}],"curies":[{"name":"wp","href":"https:\/\/api.w.org\/{rel}","templated":true}]}}