{"id":10279,"date":"2019-07-30T00:30:32","date_gmt":"2019-07-30T00:30:32","guid":{"rendered":"https:\/\/redsemlac.com\/semmexico\/?p=10279"},"modified":"2023-07-21T14:51:16","modified_gmt":"2023-07-21T19:51:16","slug":"debe-ser-politica-de-estado-el-combate-a-la-violencia-machista","status":"publish","type":"post","link":"https:\/\/redsemlac.com\/semmexico\/debe-ser-politica-de-estado-el-combate-a-la-violencia-machista\/","title":{"rendered":"Debe ser pol\u00edtica de Estado el combate a la violencia machista"},"content":{"rendered":"\n<p class=\"wp-block-paragraph\"><strong>* Realizan reuni\u00f3n con titulares de\nlos Centros de Justicia para Mujeres<\/strong><\/p>\n\n\n\n<p class=\"wp-block-paragraph\"><strong>* Se destinar\u00e1n a 24 entidades\nfederativas 47.4 mdp para la infraestructura<\/strong><\/p>\n\n\n\n<p class=\"wp-block-paragraph\"><strong>Redacci\u00f3n <\/strong><\/p>\n\n\n\n<p class=\"wp-block-paragraph\">SemM\u00e9xico,\nCd. de M\u00e9xico, 29 julio 2019.- El estricto respeto a los derechos humanos y el\ncombate a la violencia en contra de las mujeres, y que el derecho de las\nmujeres a una vida libre de violencia se asuma como una pol\u00edtica de Estado,\nplantearon hoy funcionarios del Secretariado Ejecutivo del Sistema Nacional de\nSeguridad P\u00fablica (SESNSP) y de la Comisi\u00f3n Nacional para Prevenir y Erradicar\nla Violencia contra las Mujeres (CONAVIM).<\/p>\n\n\n\n<p class=\"wp-block-paragraph\">Al\nreunirse con las titulares de los Centros de Justicia para las Mujeres de todo\nel pa\u00eds, en la actualizaci\u00f3n del Modelo Integral de los Centros de Justicia\npara las Mujeres, Luis Garc\u00eda L\u00f3pez Guerrero, del Centro Nacional de Prevenci\u00f3n\ndel Delito y Participaci\u00f3n Ciudadana del SESNSP, destac\u00f3 que estas pol\u00edticas\nson prioridad en el gobierno del Presidente, Andr\u00e9s Manuel L\u00f3pez Obrador.<\/p>\n\n\n\n<p class=\"wp-block-paragraph\">Anunci\u00f3\nque el Subprograma Acceso a Justicia para las Mujeres, destinar\u00e1 para 24\nentidades federativas 47.4 millones de pesos para la infraestructura, el\nequipamiento y la capacitaci\u00f3n de los Centros de Justicia para las Mujeres de\ntodo el pa\u00eds. Asimismo, comunic\u00f3 a las titulares de los Centros de Justicia la\nconveniencia de que se inviertan mayores recursos en esta materia.<\/p>\n\n\n\n<p class=\"wp-block-paragraph\">A\nsu vez, Abel Salda\u00f1a Gonz\u00e1lez, director de An\u00e1lisis Institucional y Dise\u00f1o de\nPol\u00edticas de Prevenci\u00f3n de la CONAVIM, afirm\u00f3 que debe ser pol\u00edtica de estado\nel derecho de las mujeres a una vida libre de violencia, para que de esta\nmanera se puedan destinar mayores recursos a la atenci\u00f3n de esta grave\nproblem\u00e1tica. <\/p>\n\n\n\n<p class=\"wp-block-paragraph\">De\nacuerdo con un comunicado de prensa, agreg\u00f3 que este a\u00f1o el CONAVIM destinar\u00e1\nun total de 110 millones de pesos para programas de Prevenci\u00f3n de la Violencia\ncontra las Mujeres, como ya se hab\u00eda anunciado antes.<\/p>\n\n\n\n<p class=\"wp-block-paragraph\">Se\ndio a conocer que CONAVIM realizar\u00e1 foros los d\u00edas 19 y 20 de septiembre, en\nlas instalaciones de la Secretar\u00eda de Gobernaci\u00f3n, para la revisi\u00f3n de los\ncriterios mediante los cuales se asignan los recursos espec\u00edficos para la\natenci\u00f3n de la violencia en contra de las mujeres.<\/p>\n\n\n\n<p class=\"wp-block-paragraph\">Por\nsu parte, Ivonne Anayely Morales Guerrero, directora de \u00e1rea del Centro Nacional de Prevenci\u00f3n del Delito y Participaci\u00f3n\nCiudadana, anunci\u00f3 que el ma\u00f1ana 30 de julio, durante la conmemoraci\u00f3n del D\u00eda Mundial en Contra\nde la Trata de Personas, se pondr\u00e1 en marcha una campa\u00f1a y la l\u00ednea de atenci\u00f3n\ntelef\u00f3nica: 018005533000, que impulsa el SESNSP como miembro de la Comisi\u00f3n\nIntersecretarial para el combate a este il\u00edcito.<\/p>\n\n\n\n<p class=\"wp-block-paragraph\">SEM\/sj<\/p>\n","protected":false},"excerpt":{"rendered":"<p>Realizan reuni\u00f3n con titulares de los Centros de Justicia para Mujeres<\/p>\n","protected":false},"author":3,"featured_media":10280,"comment_status":"open","ping_status":"open","sticky":false,"template":"","format":"standard","meta":{"_monsterinsights_skip_tracking":false,"footnotes":""},"categories":[690,51],"tags":[],"class_list":["post-10279","post","type-post","status-publish","format-standard","has-post-thumbnail","category-690","category-ejecutivo"],"_links":{"self":[{"href":"https:\/\/redsemlac.com\/semmexico\/wp-json\/wp\/v2\/posts\/10279","targetHints":{"allow":["GET"]}}],"collection":[{"href":"https:\/\/redsemlac.com\/semmexico\/wp-json\/wp\/v2\/posts"}],"about":[{"href":"https:\/\/redsemlac.com\/semmexico\/wp-json\/wp\/v2\/types\/post"}],"author":[{"embeddable":true,"href":"https:\/\/redsemlac.com\/semmexico\/wp-json\/wp\/v2\/users\/3"}],"replies":[{"embeddable":true,"href":"https:\/\/redsemlac.com\/semmexico\/wp-json\/wp\/v2\/comments?post=10279"}],"version-history":[{"count":0,"href":"https:\/\/redsemlac.com\/semmexico\/wp-json\/wp\/v2\/posts\/10279\/revisions"}],"wp:featuredmedia":[{"embeddable":true,"href":"https:\/\/redsemlac.com\/semmexico\/wp-json\/wp\/v2\/media\/10280"}],"wp:attachment":[{"href":"https:\/\/redsemlac.com\/semmexico\/wp-json\/wp\/v2\/media?parent=10279"}],"wp:term":[{"taxonomy":"category","embeddable":true,"href":"https:\/\/redsemlac.com\/semmexico\/wp-json\/wp\/v2\/categories?post=10279"},{"taxonomy":"post_tag","embeddable":true,"href":"https:\/\/redsemlac.com\/semmexico\/wp-json\/wp\/v2\/tags?post=10279"}],"curies":[{"name":"wp","href":"https:\/\/api.w.org\/{rel}","templated":true}]}}