{"id":10271,"date":"2019-07-29T21:39:28","date_gmt":"2019-07-29T21:39:28","guid":{"rendered":"https:\/\/redsemlac.com\/semmexico\/?p=10271"},"modified":"2023-07-21T14:51:16","modified_gmt":"2023-07-21T19:51:16","slug":"tras-25-anos-de-impunidad-mexico-pedira-disculpas-a-hermanas-indigenas","status":"publish","type":"post","link":"https:\/\/redsemlac.com\/semmexico\/tras-25-anos-de-impunidad-mexico-pedira-disculpas-a-hermanas-indigenas\/","title":{"rendered":"Tras 25 a\u00f1os de impunidad, M\u00e9xico pedir\u00e1 disculpas a hermanas ind\u00edgenas"},"content":{"rendered":"\n<p class=\"wp-block-paragraph\"><strong><em>Ofrecer\u00e1 disculpas p\u00fablicas por la violaci\u00f3n a sus derechos humanos perpetradas por agentes militares de la Secretar\u00eda de la Defensa Nacional.<\/em><\/strong><\/p>\n\n\n\n<p class=\"wp-block-paragraph\"><strong>Andr\u00e9s Dom\u00ednguez<\/strong><\/p>\n\n\n\n<p class=\"wp-block-paragraph\">SemM\u00e9xico\/ChiapasParalelo, Tuxtla Guti\u00e9rrez, 29 julio 2019.- Luego de 25 a\u00f1os de impunidad, el pr\u00f3ximo 18 de octubre, Alejandro Encinas, subsecretario de Derechos Humanos, Poblaci\u00f3n y Migraci\u00f3n de la Secretaria de Gobernaci\u00f3n (SEGOB) se comprometi\u00f3 a que el Estado mexicano pedir\u00e1 disculpas p\u00fablicas a las hermanas Gonz\u00e1lez P\u00e9rez y a su madre, Delia P\u00e9rez de Gonz\u00e1lez.<\/p>\n\n\n\n<p class=\"wp-block-paragraph\">As\u00ed lo dieron a conocer la Comisi\u00f3n Mexicana en Defensa y Promoci\u00f3n de los Derechos Humanos, Amnist\u00eda Internacional y el Comit\u00e9 Hermanas Gonz\u00e1lez P\u00e9rez, quienes se\u00f1alaron que la disculpa ser\u00e1 en la poblaci\u00f3n de Ocosingo, Chiapas.<\/p>\n\n\n\n<p class=\"wp-block-paragraph\">Esto debido a que el 4 de junio de 1994, las hermanas Gonz\u00e1lez P\u00e9rez y su madre, Delia P\u00e9rez de Gonz\u00e1lez, pertenecientes al pueblo ind\u00edgena maya tseltal, fueron v\u00edctimas de detenci\u00f3n arbitraria, privaci\u00f3n de la libertad y tortura sexual, adem\u00e1s de la violaci\u00f3n a los derechos de la ni\u00f1ez en el caso de Celia Gonz\u00e1lez P\u00e9rez quien en ese entonces era menor de edad, por un grupo de militares en el estado de Chiapas.<br>\nPor estos hechos, la Comisi\u00f3n Interamericana de los Derechos Humamos (CIDH) declar\u00f3 en 2001 la responsabilidad internacional del Estado mexicano y recomend\u00f3 la investigaci\u00f3n del caso y la reparaci\u00f3n adecuada a las hermanas.<br>\nEn cumplimiento de ello, el Gobierno de M\u00e9xico tras 18 a\u00f1os del veredicto de la CIDH reconoci\u00f3 la trascendencia del caso y la valent\u00eda de las v\u00edctimas, por lo que se comprometi\u00f3 a efectuar una disculpa p\u00fablica en los t\u00e9rminos solicitados por las hermanas Gonz\u00e1lez P\u00e9rez, satisfaciendo cabalmente las siguientes condiciones:<br>\n\u2022    El evento de disculpa p\u00fablica se llevar\u00e1 a cabo el 18 de octubre de 2019 en Ocosingo, Chiapas.<br>\n\u2022    La presencia de la titular de la Secretar\u00eda de Gobernaci\u00f3n, altos mandos de la Secretar\u00eda de Defensa Nacional y de la Fiscal\u00eda General de la Rep\u00fablica es imperativa.<br>\n\u2022    El formato del evento ser\u00e1 previamente acordado con las v\u00edctimas, considerando los usos, costumbres y la cosmovisi\u00f3n del pueblo ind\u00edgena maya tseltal.<br>\n\u2022    El acto deber\u00e1 condenar los hechos de violencia en contra de las mujeres y el pueblo ind\u00edgena maya tseltal, as\u00ed como las violaciones a los derechos humanos cometidas en agravio de las hermanas Gonz\u00e1lez P\u00e9rez y su madre.<br>\nAunado a ello, el Estado mexicano se comprometi\u00f3 a cumplir con las garant\u00edas de acceso a la justicia y no repetici\u00f3n para que estos hechos no ocurran nuevamente, considerando que por m\u00e1s de 25 a\u00f1os el caso de las hermanas Gonz\u00e1lez P\u00e9rez ha permanecido impune.<br>\nEl reconocimiento de la responsabilidad del Estado mexicano es una garant\u00eda imprescindible para la no repetici\u00f3n de violaciones a los derechos humanos, de ah\u00ed la importancia de la disculpa p\u00fablica como una medida simb\u00f3lica primordial que permite comenzar a reparar el da\u00f1o.<br>\nPor ello, la presencia de altos mandos de la Secretar\u00eda de Defensa Nacional en el evento es fundamental y necesaria como parte del acceso a la justicia de las v\u00edctimas: las hermanas Gonz\u00e1lez P\u00e9rez, su madre, su familia y el pueblo ind\u00edgena maya tseltal.<br>\nSin el cumplimiento de dichas condiciones, el Estado mexicano estar\u00eda omitiendo su obligaci\u00f3n de garantizar una reparaci\u00f3n adecuada, finalizaron las organizaciones.<br>\nSEM-ChP\/ad<\/p>\n","protected":false},"excerpt":{"rendered":"<p>Ofrecer\u00e1 disculpas p\u00fablicas por la violaci\u00f3n a sus derechos humanos perpetradas por agentes militares de la Secretar\u00eda de la Defensa Nacional.\ufeff<\/p>\n","protected":false},"author":3,"featured_media":10273,"comment_status":"open","ping_status":"open","sticky":false,"template":"","format":"standard","meta":{"_monsterinsights_skip_tracking":false,"footnotes":""},"categories":[690,51],"tags":[],"class_list":["post-10271","post","type-post","status-publish","format-standard","has-post-thumbnail","category-690","category-ejecutivo"],"_links":{"self":[{"href":"https:\/\/redsemlac.com\/semmexico\/wp-json\/wp\/v2\/posts\/10271","targetHints":{"allow":["GET"]}}],"collection":[{"href":"https:\/\/redsemlac.com\/semmexico\/wp-json\/wp\/v2\/posts"}],"about":[{"href":"https:\/\/redsemlac.com\/semmexico\/wp-json\/wp\/v2\/types\/post"}],"author":[{"embeddable":true,"href":"https:\/\/redsemlac.com\/semmexico\/wp-json\/wp\/v2\/users\/3"}],"replies":[{"embeddable":true,"href":"https:\/\/redsemlac.com\/semmexico\/wp-json\/wp\/v2\/comments?post=10271"}],"version-history":[{"count":0,"href":"https:\/\/redsemlac.com\/semmexico\/wp-json\/wp\/v2\/posts\/10271\/revisions"}],"wp:featuredmedia":[{"embeddable":true,"href":"https:\/\/redsemlac.com\/semmexico\/wp-json\/wp\/v2\/media\/10273"}],"wp:attachment":[{"href":"https:\/\/redsemlac.com\/semmexico\/wp-json\/wp\/v2\/media?parent=10271"}],"wp:term":[{"taxonomy":"category","embeddable":true,"href":"https:\/\/redsemlac.com\/semmexico\/wp-json\/wp\/v2\/categories?post=10271"},{"taxonomy":"post_tag","embeddable":true,"href":"https:\/\/redsemlac.com\/semmexico\/wp-json\/wp\/v2\/tags?post=10271"}],"curies":[{"name":"wp","href":"https:\/\/api.w.org\/{rel}","templated":true}]}}