{"id":10264,"date":"2019-07-29T20:38:48","date_gmt":"2019-07-29T20:38:48","guid":{"rendered":"https:\/\/redsemlac.com\/semmexico\/?p=10264"},"modified":"2023-07-21T14:51:16","modified_gmt":"2023-07-21T19:51:16","slug":"jalisco-2","status":"publish","type":"post","link":"https:\/\/redsemlac.com\/semmexico\/jalisco-2\/","title":{"rendered":"Expulsa UdeG a dos alumnos por abuso sexual"},"content":{"rendered":"\n<p class=\"wp-block-paragraph\"><strong>* Dictaran medidas cautelares para que\nalumnas agredidas regresen a las aulas<\/strong><\/p>\n\n\n\n<p class=\"wp-block-paragraph\"><strong>* Se cubri\u00f3 el debido proceso, afirma\nla FEU<\/strong><\/p>\n\n\n\n<p class=\"wp-block-paragraph\"><strong>Analy S. Nu\u00f1o<\/strong><\/p>\n\n\n\n<p class=\"wp-block-paragraph\">SemM\u00e9xico,\nGuadalajara, Jal., 29 julio 2019.- La Universidad de Guadalajara expuls\u00f3 a dos\nestudiantes de la Facultad de Medicina que cometieron abuso sexual en contra de\ndos alumnas del Centro Universitario de Ciencias de la Salud (CUCS).<\/p>\n\n\n\n<p class=\"wp-block-paragraph\">La Comisi\u00f3n de Responsabilidades y Sanciones determin\u00f3\nque ambos estudiantes son culpables de acoso y agresi\u00f3n sexual cometidos a\nprincipios de este a\u00f1o, por ello el Consejo General Universitario -durante una\nsesi\u00f3n a puerta cerrada, para proteger datos personales de los involucrados-,\ndictamin\u00f3 expulsarlos de manera definitiva.<\/p>\n\n\n\n<p class=\"wp-block-paragraph\">El presidente de la Federaci\u00f3n de Estudiantes Universitarios\n(FEU), Jes\u00fas Medina Varela detall\u00f3 que, tras la denuncia de agresi\u00f3n sexual, e\nincluso uno de los se\u00f1alados por violaci\u00f3n sexual, se entrevist\u00f3 a los\ninvolucrados y se garantiz\u00f3 el derecho de audiencia. <\/p>\n\n\n\n<p class=\"wp-block-paragraph\">\u201cSe cubri\u00f3 el debido proceso y la Comisi\u00f3n de Responsabilidades\ndictamina que son responsables de los actos que se les acusaba y en los cuales\nincurrieron. Hoy se les da de baja de manera definitiva de la Instituci\u00f3n\u201d,\ndijo.<\/p>\n\n\n\n<p class=\"wp-block-paragraph\">Refiri\u00f3 que las agresiones a las dos alumnas de tercer\nsemestre se presentaron dentro y fuera de las instalaciones de la Universidad, antes\ny despu\u00e9s de la agresi\u00f3n sexual pues incluso una de las v\u00edctimas solicit\u00f3\nlicencia debido a que amigos de los se\u00f1alados las acosaron, hostigaron y amenazaron\ntras presentar la denuncia. <\/p>\n\n\n\n<p class=\"wp-block-paragraph\">\u201cSe plantearon medidas cautelares al CGU para que\nnuestras compa\u00f1eras puedan regresar con toda certeza al aula, de manera muy\ndesafortunada la que tuvo que pedir licencia fue la compa\u00f1era, eso nunca debi\u00f3\nhaber pasado, pero se est\u00e1n generando todas las medidas cautelares para que\nellas puedan regresar con toda tranquilidad al siguiente calendario escolar y\ntengan todas sus garant\u00edas\u201d, se\u00f1al\u00f3.<\/p>\n\n\n\n<p class=\"wp-block-paragraph\">Medina Varela consider\u00f3 la expulsi\u00f3n como una sanci\u00f3n\nejemplar pues es la primera vez que se expulsa a dos estudiantes por\nse\u00f1alamientos de acoso y agresi\u00f3n sexual. Aunque, asegur\u00f3 que anteriormente se\nhan aplicado sanciones como recisi\u00f3n de contratos de acad\u00e9micos por\nse\u00f1alamientos similares.<\/p>\n\n\n\n<p class=\"wp-block-paragraph\">SEM\/asn\/sj<\/p>\n","protected":false},"excerpt":{"rendered":"<p>Dictaran medidas cautelares para que alumnas agredidas regresen a las aulas<\/p>\n","protected":false},"author":3,"featured_media":10265,"comment_status":"open","ping_status":"open","sticky":false,"template":"","format":"standard","meta":{"_monsterinsights_skip_tracking":false,"footnotes":""},"categories":[690,51],"tags":[],"class_list":["post-10264","post","type-post","status-publish","format-standard","has-post-thumbnail","category-690","category-ejecutivo"],"_links":{"self":[{"href":"https:\/\/redsemlac.com\/semmexico\/wp-json\/wp\/v2\/posts\/10264","targetHints":{"allow":["GET"]}}],"collection":[{"href":"https:\/\/redsemlac.com\/semmexico\/wp-json\/wp\/v2\/posts"}],"about":[{"href":"https:\/\/redsemlac.com\/semmexico\/wp-json\/wp\/v2\/types\/post"}],"author":[{"embeddable":true,"href":"https:\/\/redsemlac.com\/semmexico\/wp-json\/wp\/v2\/users\/3"}],"replies":[{"embeddable":true,"href":"https:\/\/redsemlac.com\/semmexico\/wp-json\/wp\/v2\/comments?post=10264"}],"version-history":[{"count":0,"href":"https:\/\/redsemlac.com\/semmexico\/wp-json\/wp\/v2\/posts\/10264\/revisions"}],"wp:featuredmedia":[{"embeddable":true,"href":"https:\/\/redsemlac.com\/semmexico\/wp-json\/wp\/v2\/media\/10265"}],"wp:attachment":[{"href":"https:\/\/redsemlac.com\/semmexico\/wp-json\/wp\/v2\/media?parent=10264"}],"wp:term":[{"taxonomy":"category","embeddable":true,"href":"https:\/\/redsemlac.com\/semmexico\/wp-json\/wp\/v2\/categories?post=10264"},{"taxonomy":"post_tag","embeddable":true,"href":"https:\/\/redsemlac.com\/semmexico\/wp-json\/wp\/v2\/tags?post=10264"}],"curies":[{"name":"wp","href":"https:\/\/api.w.org\/{rel}","templated":true}]}}