{"id":102597,"date":"2026-02-09T20:48:42","date_gmt":"2026-02-10T02:48:42","guid":{"rendered":"https:\/\/redsemlac.com\/semmexico\/?p=102597"},"modified":"2026-02-09T20:49:37","modified_gmt":"2026-02-10T02:49:37","slug":"revoca-scjn-sentencia-que-libero-a-implicado-en-desaparicion-de-claudia-uruchurtu","status":"publish","type":"post","link":"https:\/\/redsemlac.com\/semmexico\/revoca-scjn-sentencia-que-libero-a-implicado-en-desaparicion-de-claudia-uruchurtu\/","title":{"rendered":"Revoca SCJN sentencia que liber\u00f3 a implicado en desaparici\u00f3n de Claudia Uruchurtu"},"content":{"rendered":"\n<ul class=\"wp-block-list\">\n<li>Familia se congratula por decisi\u00f3n del m\u00e1ximo tribunal mexicano que sentar\u00e1 un precedente jur\u00eddico<\/li>\n\n\n\n<li>\u00a0Debe tribunal de circuito reponer la sentencia considerando la perspectiva de g\u00e9nero y el enfoque diferencial<\/li>\n<\/ul>\n\n\n\n<p class=\"wp-block-paragraph\">Soledad Jarqu\u00edn Edgar<\/p>\n\n\n\n<p class=\"wp-block-paragraph\">SemM\u00e9xico, Ciudad de M\u00e9xico, 9 de febrero, 2026.- Por unanimidad de votos, el pleno de la Suprema Corte de Justicia de la Naci\u00f3n revoc\u00f3 una sentencia que permiti\u00f3 la excarcelaci\u00f3n de Jhoan Ricardo Mathus Marcial, una de las personas se\u00f1aladas como responsables de la desaparici\u00f3n de la activista y defensora de Derechos Humanos, Claudia Uruchurtu Cruz y sienta un precedente jur\u00eddico.<\/p>\n\n\n\n<p class=\"wp-block-paragraph\">La Corte estableci\u00f3 que se debe juzgar el delito de desaparici\u00f3n forzada cuando las v\u00edctimas son mujeres defensoras de derechos humanos con enfoque diferencial con perspectiva de g\u00e9nero e interseccional, adem\u00e1s de considerar el contexto de violencia estructural contra las mujeres como los riesgos agravados que enfrentan las personas defensoras por su labor.&nbsp;<\/p>\n\n\n\n<p class=\"wp-block-paragraph\">\u201cEsto quiere decir que el Primer Tribunal Colegiado en Materia Penal y del Trabajo del XIII Circuito en Oaxaca debi\u00f3 apegarse a los est\u00e1ndares internacionales y nacionales\u201d, se\u00f1ala en entrevista telef\u00f3nica desde Reino Unido, Elizabeth Uruchurtu Cruz, hermana de Claudia.<\/p>\n\n\n\n<p class=\"wp-block-paragraph\">Aunque nos da esperanza de que habr\u00e1 justicia para Claudia, ahora tenemos que esperar la resoluci\u00f3n en el Primer Tribunal Colegiado en Materia Penal y del Trabajo del XIII Circuito en Oaxaca, quien tendr\u00e1 que emitir una orden de aprehensi\u00f3n, a\u00f1adi\u00f3 la entrevistada.<\/p>\n\n\n\n<p class=\"wp-block-paragraph\">Como v\u00edctimas indirectas de la desaparici\u00f3n de mi hermana, vamos aprendiendo poco a poco sobre la administraci\u00f3n de justicia, pero esta resoluci\u00f3n sienta un precedente que favorecer\u00e1 otros casos de desaparici\u00f3n forzada, puntualiz\u00f3.<\/p>\n\n\n\n<p class=\"wp-block-paragraph\">Por los hechos ocurridos en Asunci\u00f3n Nochixtl\u00e1n, Oaxaca, el 21 de marzo de 2021, una, la expresidenta municipal de esa municipalidad fue puesta en libertad en diciembre del 2024, luego de que el juez se\u00f1alara que s\u00f3lo hab\u00eda obstruido la justicia imponiendo una pena de tres a\u00f1os siete meses, casi los mismos que llevaba en prisi\u00f3n, Lisbeth Victoria Huerta.<\/p>\n\n\n\n<p class=\"wp-block-paragraph\">En tanto que los colaboradores de la exalcaldesa morenista recibieron penas de prisi\u00f3n de 60 a\u00f1os a uno de los inculpados; 45 a\u00f1os en dos casos y de 50 para Jhoan Ricardo Mathus Marcial, presunta pareja de la alcaldesa, y quien fue liberado por determinaci\u00f3n de quienes integran Primer Tribunal Colegiado en Materia Penal y del Trabajo del XIII Circuito en Oaxaca el pasado mes de agosto pasado.<\/p>\n\n\n\n<p class=\"wp-block-paragraph\">Ahora, la familia de Claudia Uruchurtu Cruz consider\u00f3 acertada la revocaci\u00f3n de la una sentencia que permiti\u00f3 la excarcelaci\u00f3n de Jhoan Ricardo Mathus Marcial, quien deber\u00e1 ser reaprendido.<\/p>\n\n\n\n<p class=\"wp-block-paragraph\"><strong>La Sala Superior de la SCJN<\/strong><\/p>\n\n\n\n<p class=\"wp-block-paragraph\">Este mediod\u00eda de lunes, la sala superior de la Corte mexicana aprob\u00f3 revocar el amparo directo en revisi\u00f3n 5887\/2025 contra la sentencia emitida por el Primer Tribunal Colegiado en Materia Penal y del Trabajo del XIII Circuito en Oaxaca, dictada el 21 de agosto del 2025<\/p>\n\n\n\n<p class=\"wp-block-paragraph\">Discusi\u00f3n de la que se excus\u00f3 la ministra Sara Irene Herrer\u00edas Guerra, quien tuvo a su cargo la investigaci\u00f3n desde la Fiscal\u00eda Especial de Desaparici\u00f3n Forzada de la Fiscal\u00eda General de la Rep\u00fablica, considerando que ten\u00eda impedimento de acuerdo con la Ley de Amparo y as\u00ed evitar un riesgo de imparcialidad.<\/p>\n\n\n\n<p class=\"wp-block-paragraph\">A su vez el ministro ponente, Ar\u00edstides Rodr\u00edgo Guerrero Garc\u00eda, dijo que el proyecto exigi\u00f3 un an\u00e1lisis judicial cuidadoso y especializado para evitar impunidad, ya que parte de que la desaparici\u00f3n forzada que es una de las formas m\u00e1s graves de violencia.<\/p>\n\n\n\n<p class=\"wp-block-paragraph\">Consider\u00f3 que las personas juzgadoras deben realizar una valoraci\u00f3n integral de las pruebas considerando los elementos circunstanciales, indirectas y el contexto en el que ocurrieron los hechos. As\u00ed como es necesario tomar en cuenta el enfoque diferenciado, la vulnerabilidad de la v\u00edctima por tratarse de una defensora de derechos humanos.<\/p>\n\n\n\n<p class=\"wp-block-paragraph\">Propuso que la sentencia concedida en agosto del a\u00f1o pasado se revocara y fuera devuelto al tribunal colegiado para que se realice un escrutinio judicial con perspectiva de g\u00e9nero e interseccionalidad y emita de esta manera una nueva decisi\u00f3n conforme a derecho.<\/p>\n\n\n\n<p class=\"wp-block-paragraph\"><strong>La desaparici\u00f3n forzada es uno de los delitos m\u00e1s graves: Esquivel<\/strong><\/p>\n\n\n\n<p class=\"wp-block-paragraph\">La ministra Yasm\u00edn Esquivel asegur\u00f3 quien afirm\u00f3 estar de acuerdo con la propuesta, expuso que la desaparici\u00f3n forzada es uno de los delitos m\u00e1s graves y que puede haber, pues por su naturaleza afectan a la v\u00edctima directa, pero adem\u00e1s rompe el tejido social, instala el miedo, erosiona la confianza en las instituciones y coloca a las familias en una incertidumbre permanente.<\/p>\n\n\n\n<p class=\"wp-block-paragraph\">Hizo hincapi\u00e9 en que los \u00f3rganos jurisdiccionales tienen la obligaci\u00f3n de incorporar la perspectiva de g\u00e9nero e interseccionalidad cuando la v\u00edctima pertenezca a un grupo en situaci\u00f3n de vulnerabilidad, como son las mujeres defensoras de derechos humanos, quienes enfrentan riesgos agravados por razones de g\u00e9nero y por su labor en la defensa y protecci\u00f3n de los derechos.<\/p>\n\n\n\n<p class=\"wp-block-paragraph\">El enfoque de g\u00e9nero no inclina la balanza a favor de una condena. Por el contrario, se pronuncia a favor de una decisi\u00f3n mejor fundada, m\u00e1s compleja y constitucionalmente m\u00e1s arm\u00f3nica, dijo la ministra.<\/p>\n\n\n\n<p class=\"wp-block-paragraph\">Secundado por el ministro presidente Hugo Aguilar Ortiz quien se\u00f1al\u00f3 que la situaci\u00f3n involucra dos aspectos fundam\u00e9ntales en los que se tiene que poner atenci\u00f3n, la desaparici\u00f3n de una mujer y debe de tenerse perspectiva de g\u00e9nero. Adem\u00e1s, ella es defensora de derechos humanos y creo que eh se debe de atender tambi\u00e9n esta perspectiva en la soluci\u00f3n.<\/p>\n\n\n\n<p class=\"wp-block-paragraph\"><strong>Tribunal de Circuito debe corregir una deficiencia metodol\u00f3gica fundamental<\/strong><\/p>\n\n\n\n<p class=\"wp-block-paragraph\">En tanto el ministro Giovanni Figueroa sostuvo que la propuesta sostiene de manera contundente que requerir pruebas directas o corroboraciones perif\u00e9ricas en un entorno de criminalidad estatal no contempla la clandestinidad inherente a estas conductas.<\/p>\n\n\n\n<p class=\"wp-block-paragraph\">En consecuencia, a\u00f1adi\u00f3, se ordena emitir una nueva sentencia donde se reconozca que la prueba circunstancial e indiciaria mediante un razonamiento inferencial l\u00f3gico es el camino id\u00f3neo para vencer la presunci\u00f3n de inocencia sin imponer a las v\u00edctimas una carga probatoria imposible de satisfacer.<\/p>\n\n\n\n<p class=\"wp-block-paragraph\">As\u00ed se corrige una deficiencia metodol\u00f3gica fundamental al integrar el enfoque de g\u00e9nero como una obligaci\u00f3n constitucional y cit\u00f3 que la relevancia social de este enfoque radica en que obliga a las personas juzgadoras a valorar el riesgo agravado que enfrentan las mujeres transformando la labor judicial en una herramienta que proteja realmente y evite que las condiciones de vulnerabilidad se traduzcan en impunidad institucional.<\/p>\n\n\n\n<p class=\"wp-block-paragraph\">El ministro Figueroa dijo que la resoluci\u00f3n adquiere una trascendencia jur\u00eddica al armonizar el sistema interno con los est\u00e1ndares de la Corte Interamericana de Derechos Humanos. Al establecer que el control del Estado sobre el lugar de los hechos y las evidencias no debe beneficiar al victimario.<\/p>\n\n\n\n<p class=\"wp-block-paragraph\"><strong>Se reconoce la lucha de las familias: Espinosa<\/strong><\/p>\n\n\n\n<p class=\"wp-block-paragraph\">En su momento el ministro Irvin Espinosa Betanzos. Gracias, sostuvo que el tema de desaparici\u00f3n forzada es complicado y doloroso, traerlo a la corte implica reconocer la lucha de las familias.<\/p>\n\n\n\n<p class=\"wp-block-paragraph\">La ministra Loreta Ortiz expuso que en M\u00e9xico hay 133 mil 518 personas desaparecidas y no localizadas por lo que este fen\u00f3meno delictivo, conlleva la obligaci\u00f3n, de desplegar un esfuerzo para que los m\u00e1s altos est\u00e1ndares nacionales e internacionales y criterios en materia de derechos humanos se traduzcan en una pr\u00e1ctica judicial real y efectiva, a fin de prevenir, castigar, sancionar, reparar las violaciones de derechos humanos en este tipo de caso.<\/p>\n\n\n\n<p class=\"wp-block-paragraph\"><strong>No se juzg\u00f3 con enfoque diferenciado ni perspectiva de g\u00e9nero<\/strong><\/p>\n\n\n\n<p class=\"wp-block-paragraph\">Lenia Batres Guadarrama tambi\u00e9n estuvo de acuerdo con la propuesta que revoc\u00f3 la sentencia que liber\u00f3 a una de las personas que estuvo involucrada en la desaparici\u00f3n de la defensora Claudia Uruchurtu.<\/p>\n\n\n\n<p class=\"wp-block-paragraph\">Consider\u00f3 que el tribunal colegiado no cumpli\u00f3 con su obligaci\u00f3n de juzgar el caso con un enfoque diferenciado mediante la aplicaci\u00f3n de la perspectiva de g\u00e9nero y la interseccionalidad.<\/p>\n\n\n\n<p class=\"wp-block-paragraph\">Agreg\u00f3 que el tribunal colegiado pudo tomar especial atenci\u00f3n en las afirmaciones tendientes a evidenciar que la v\u00edctima ten\u00eda problemas con exfuncionarios p\u00fablicos implicados en los hechos de su desaparici\u00f3n debido a que hab\u00eda denunciado eh desfalcos de dinero, hechos de corrupci\u00f3n y todas eh pues eh diversas cuestiones econ\u00f3micas eh derivadas de la gesti\u00f3n en el municipio donde eh laboraban las personas exfuncionarias entre las que se inclu\u00eda el quejoso.<\/p>\n\n\n\n<p class=\"wp-block-paragraph\">El delito que se cometi\u00f3 contra Uruchurtu tuvo como objetivo silenciarla, en el sentido de limitar su intervenci\u00f3n en el debate p\u00fablico o restringir su rol en la defensa de los derechos humanos era un elemento sustancial que debi\u00f3 considerar el tribunal colegiado, dijo la ministra Batres.<\/p>\n\n\n\n<p class=\"wp-block-paragraph\">La ministra Mar\u00eda Elena R\u00edos Gonz\u00e1lez y Loreta Ortiz discutieron sobre la cifra de personas en desaparici\u00f3n forzada, se\u00f1alando la segunda que ella se\u00f1al\u00f3 que de acuerdo con el Registro Nacional de Personas Desaparecidas y no localizadas. La v\u00edctima directa, Claudia Uruchurta, forma parte de las 133 mil 518 personas desaparecidas, no dije por desaparici\u00f3n forzada y no localizadas en el pa\u00eds, se trata de un crimen de lesa humanidad, cuando re\u00fane ciertos requisitos, por lo que es obligaci\u00f3n del Estado ayudar a localizar a la persona.<\/p>\n\n\n\n<p class=\"wp-block-paragraph\">Finalmente, los y las ministras aprobaron revocar la sentencia que liber\u00f3 a Jhoan Ricardo Mathus Marcial, implicado en la desaparici\u00f3n forzada de Claudia Uruchurto, tocar\u00e1 a ahora al Primer Tribunal Colegiado en Materia Penal y del Trabajo del XIII Circuito en Oaxaca, dictar una nueva sentencia.<\/p>\n","protected":false},"excerpt":{"rendered":"<p>Soledad Jarqu\u00edn Edgar SemM\u00e9xico, Ciudad de M\u00e9xico, 9 de febrero, 2026.- Por unanimidad de votos, el pleno de la Suprema Corte de Justicia de la Naci\u00f3n revoc\u00f3 una sentencia que permiti\u00f3 la excarcelaci\u00f3n de Jhoan Ricardo Mathus Marcial, una de las personas se\u00f1aladas como responsables de la desaparici\u00f3n de la activista y defensora de Derechos [&hellip;]<\/p>\n","protected":false},"author":3,"featured_media":102598,"comment_status":"open","ping_status":"open","sticky":false,"template":"","format":"standard","meta":{"_monsterinsights_skip_tracking":false,"footnotes":""},"categories":[694],"tags":[],"class_list":["post-102597","post","type-post","status-publish","format-standard","has-post-thumbnail","category-destacadas"],"_links":{"self":[{"href":"https:\/\/redsemlac.com\/semmexico\/wp-json\/wp\/v2\/posts\/102597","targetHints":{"allow":["GET"]}}],"collection":[{"href":"https:\/\/redsemlac.com\/semmexico\/wp-json\/wp\/v2\/posts"}],"about":[{"href":"https:\/\/redsemlac.com\/semmexico\/wp-json\/wp\/v2\/types\/post"}],"author":[{"embeddable":true,"href":"https:\/\/redsemlac.com\/semmexico\/wp-json\/wp\/v2\/users\/3"}],"replies":[{"embeddable":true,"href":"https:\/\/redsemlac.com\/semmexico\/wp-json\/wp\/v2\/comments?post=102597"}],"version-history":[{"count":0,"href":"https:\/\/redsemlac.com\/semmexico\/wp-json\/wp\/v2\/posts\/102597\/revisions"}],"wp:featuredmedia":[{"embeddable":true,"href":"https:\/\/redsemlac.com\/semmexico\/wp-json\/wp\/v2\/media\/102598"}],"wp:attachment":[{"href":"https:\/\/redsemlac.com\/semmexico\/wp-json\/wp\/v2\/media?parent=102597"}],"wp:term":[{"taxonomy":"category","embeddable":true,"href":"https:\/\/redsemlac.com\/semmexico\/wp-json\/wp\/v2\/categories?post=102597"},{"taxonomy":"post_tag","embeddable":true,"href":"https:\/\/redsemlac.com\/semmexico\/wp-json\/wp\/v2\/tags?post=102597"}],"curies":[{"name":"wp","href":"https:\/\/api.w.org\/{rel}","templated":true}]}}