{"id":102580,"date":"2026-02-09T20:37:43","date_gmt":"2026-02-10T02:37:43","guid":{"rendered":"https:\/\/redsemlac.com\/semmexico\/?p=102580"},"modified":"2026-02-09T20:37:45","modified_gmt":"2026-02-10T02:37:45","slug":"industria-indumentaria-en-mexico-una-industria-millonaria-con-trabajadores-pobres","status":"publish","type":"post","link":"https:\/\/redsemlac.com\/semmexico\/industria-indumentaria-en-mexico-una-industria-millonaria-con-trabajadores-pobres\/","title":{"rendered":"Industria indumentaria en M\u00e9xico, una industria millonaria con trabajadores pobres"},"content":{"rendered":"\n<ul class=\"wp-block-list\">\n<li>7 de cada 10 de las personas que trabajan en la industria indumentaria en M\u00e9xico no reciben un salario suficiente para superar la l\u00ednea de la pobreza<\/li>\n<\/ul>\n\n\n\n<ul class=\"wp-block-list\">\n<li>De acuerdo con el \u00cdndice de Transparencia de la Moda en M\u00e9xico, 90 % de las marcas no reportan informaci\u00f3n sobre sus niveles salariales<\/li>\n<\/ul>\n\n\n\n<p class=\"wp-block-paragraph\">SemM\u00e9xico, Ciudad de M\u00e9xico, 9 de febrero, 2026.-&nbsp;La industria indumentaria en M\u00e9xico, pese a ser uno de los sectores m\u00e1s lucrativos a nivel global y aportar alrededor de 95 mil millones de pesos al PIB manufacturero nacional, opera bajo condiciones de profunda precariedad:&nbsp;siete de cada diez personas trabajadoras no perciben un salario suficiente para superar la l\u00ednea de pobreza y 66 por ciento de los empleos se encuentra en la informalidad, revela un nuevo informe elaborado por ProDESC.<\/p>\n\n\n\n<p class=\"wp-block-paragraph\">El documento, presentado en el marco del Foro de la OCDE 2026 sobre Debida Diligencia en el Sector de la Indumentaria y el Calzado, revela las contradicciones de una industria que genera 1.2 millones de empleos, pero mantiene a m\u00e1s de la mitad de su fuerza laboral sin seguridad social, contratos formales ni salarios dignos.<\/p>\n\n\n\n<p class=\"wp-block-paragraph\">\u201cTanto en M\u00e9xico como en otros pa\u00edses esta industria se ha sostenido en esquemas de explotaci\u00f3n laboral sistem\u00e1tica con un impacto profundo en los territorios y en las personas trabajadoras\u201d, se\u00f1al\u00f3 Mercedes Ram\u00edrez, integrante de la Coordinaci\u00f3n de An\u00e1lisis e Incidencia de ProDESC, quien a\u00f1adi\u00f3 que la revisi\u00f3n del T-MEC es una \u201coportunidad clave\u201d para que se fortalezcan la protecci\u00f3n de este sector y la rendici\u00f3n de cuentas empresarial.&nbsp;<\/p>\n\n\n\n<p class=\"wp-block-paragraph\">Seg\u00fan el informe, la precarizaci\u00f3n impacta de manera desproporcionada a las mujeres, quienes representan cerca del 68 % de la fuerza laboral en la industria de la confecci\u00f3n, una de las ramas m\u00e1s feminizadas del sector manufacturero en el pa\u00eds.<\/p>\n\n\n\n<p class=\"wp-block-paragraph\">Durante su participaci\u00f3n, Betty \u00c1valos, Coordinadora General de la Colectiva de Mujeres Rosa Luxemburgo en Ciudad Ju\u00e1rez, Chihuahua, advirti\u00f3 que: \u201cla industria de la ropa funciona porque hay mujeres trabajando con salarios bajos y sin protecci\u00f3n. En la maquila vivimos jornadas largas, miedo a organizarnos y sueldos que no alcanzan para vivir. Mientras las marcas hablan de responsabilidad, las trabajadoras seguimos pagando el costo. No puede haber cambios reales si no se escucha a quienes hacemos la ropa todos los d\u00edas\u201d.<br><br>Las organizaciones participantes: Fundaci\u00f3n Avina, Oxfam M\u00e9xico y Ethos Innovaci\u00f3n en Pol\u00edticas P\u00fablicas coincidieron en que, frente a los avances internacionales en materia de debida diligencia empresarial obligatoria, como los impulsados en la Uni\u00f3n Europea, M\u00e9xico enfrenta el reto de transitar de compromisos voluntarios a marcos normativos vinculantes que garanticen los derechos laborales, la igualdad de g\u00e9nero y el acceso a mecanismos efectivos de reparaci\u00f3n.<\/p>\n\n\n\n<p class=\"wp-block-paragraph\">En ese escenario, la participaci\u00f3n de organizaciones mexicanas en el Foro de la OCDE resulta clave para posicionar la realidad del pa\u00eds en la discusi\u00f3n global, aportar evidencia desde el contexto nacional e incidir en la construcci\u00f3n de est\u00e1ndares internacionales m\u00e1s exigentes. El Foro re\u00fane a gobiernos, empresas, sindicatos y sociedad civil para impulsar la rendici\u00f3n de cuentas empresarial en las cadenas de producci\u00f3n de ropa y calzado.<\/p>\n\n\n\n<p class=\"wp-block-paragraph\"><strong>Principales cifras del informe<\/strong><\/p>\n\n\n\n<p class=\"wp-block-paragraph\">1.2 millones de personas trabajan en la industria indumentaria en M\u00e9xico.<\/p>\n\n\n\n<p class=\"wp-block-paragraph\">66 % del empleo es informal en el sector.<\/p>\n\n\n\n<p class=\"wp-block-paragraph\">Solo 1 de cada 3 personas cuenta con empleo formal con seguridad social.<\/p>\n\n\n\n<p class=\"wp-block-paragraph\">Aproximadamente 1.9 % del PIB manufacturero proviene de la industria indumentaria (alrededor de 95 mil millones de pesos).<\/p>\n\n\n\n<p class=\"wp-block-paragraph\">P\u00e9rdida de cerca de 89 mil empleos formales en el sector entre 2019 y 2022.<\/p>\n\n\n\n<p class=\"wp-block-paragraph\">58 % de las empresas no divulga pol\u00edticas laborales ni ambientales, seg\u00fan el&nbsp;\u00cdndice de Transparencia de la Moda en M\u00e9xico (2021).<\/p>\n","protected":false},"excerpt":{"rendered":"<p>SemM\u00e9xico, Ciudad de M\u00e9xico, 9 de febrero, 2026.-&nbsp;La industria indumentaria en M\u00e9xico, pese a ser uno de los sectores m\u00e1s lucrativos a nivel global y aportar alrededor de 95 mil millones de pesos al PIB manufacturero nacional, opera bajo condiciones de profunda precariedad:&nbsp;siete de cada diez personas trabajadoras no perciben un salario suficiente para superar [&hellip;]<\/p>\n","protected":false},"author":3,"featured_media":102581,"comment_status":"open","ping_status":"open","sticky":false,"template":"","format":"standard","meta":{"_monsterinsights_skip_tracking":false,"footnotes":""},"categories":[694],"tags":[],"class_list":["post-102580","post","type-post","status-publish","format-standard","has-post-thumbnail","category-destacadas"],"_links":{"self":[{"href":"https:\/\/redsemlac.com\/semmexico\/wp-json\/wp\/v2\/posts\/102580","targetHints":{"allow":["GET"]}}],"collection":[{"href":"https:\/\/redsemlac.com\/semmexico\/wp-json\/wp\/v2\/posts"}],"about":[{"href":"https:\/\/redsemlac.com\/semmexico\/wp-json\/wp\/v2\/types\/post"}],"author":[{"embeddable":true,"href":"https:\/\/redsemlac.com\/semmexico\/wp-json\/wp\/v2\/users\/3"}],"replies":[{"embeddable":true,"href":"https:\/\/redsemlac.com\/semmexico\/wp-json\/wp\/v2\/comments?post=102580"}],"version-history":[{"count":0,"href":"https:\/\/redsemlac.com\/semmexico\/wp-json\/wp\/v2\/posts\/102580\/revisions"}],"wp:featuredmedia":[{"embeddable":true,"href":"https:\/\/redsemlac.com\/semmexico\/wp-json\/wp\/v2\/media\/102581"}],"wp:attachment":[{"href":"https:\/\/redsemlac.com\/semmexico\/wp-json\/wp\/v2\/media?parent=102580"}],"wp:term":[{"taxonomy":"category","embeddable":true,"href":"https:\/\/redsemlac.com\/semmexico\/wp-json\/wp\/v2\/categories?post=102580"},{"taxonomy":"post_tag","embeddable":true,"href":"https:\/\/redsemlac.com\/semmexico\/wp-json\/wp\/v2\/tags?post=102580"}],"curies":[{"name":"wp","href":"https:\/\/api.w.org\/{rel}","templated":true}]}}