{"id":102577,"date":"2026-02-09T20:36:23","date_gmt":"2026-02-10T02:36:23","guid":{"rendered":"https:\/\/redsemlac.com\/semmexico\/?p=102577"},"modified":"2026-02-09T20:36:24","modified_gmt":"2026-02-10T02:36:24","slug":"elevar-a-rango-constitucional-pension-mujeres-bienestar-de-60-a-64-anos-propone-pt","status":"publish","type":"post","link":"https:\/\/redsemlac.com\/semmexico\/elevar-a-rango-constitucional-pension-mujeres-bienestar-de-60-a-64-anos-propone-pt\/","title":{"rendered":"Elevar a rango constitucional Pensi\u00f3n Mujeres Bienestar de 60 a 64 a\u00f1os, propone PT"},"content":{"rendered":"\n<ul class=\"wp-block-list\">\n<li>La iniciativa fue presentada por la senadora Yeidckol Polevnsky<\/li>\n\n\n\n<li>las mujeres de 60 a 64 a\u00f1os enfrentan una etapa de alta vulnerabilidad econ\u00f3mica y social<\/li>\n<\/ul>\n\n\n\n<p class=\"wp-block-paragraph\">Redacci\u00f3n<\/p>\n\n\n\n<p class=\"wp-block-paragraph\">SemM\u00e9xico, Ciudad de M\u00e9xico, 9 de febrero, 2026.- Para evitar que la Pensi\u00f3n Mujeres Bienestar de 60 a 64 a\u00f1os quede a la buena voluntad de administraciones futuras, la senadora Yeidckol Polevnsky propuso elevar a rango constitucional esta ayuda.<\/p>\n\n\n\n<p class=\"wp-block-paragraph\">\u201cSignifica reconocer que el bienestar no puede depender de la voluntad de una administraci\u00f3n, sino que debe estar garantizado como un derecho social exigible\u201d, mencion\u00f3.<\/p>\n\n\n\n<p class=\"wp-block-paragraph\">A nombre propio y de las senadoras Geovanna Ba\u00f1uelos, Ana Karen Hern\u00e1ndez, Liz S\u00e1nchez y el senador Alberto Anaya Guti\u00e9rrez, la legisladora del Grupo Parlamentario del Partido del Trabajo (GPPT) explic\u00f3 que su propuesta busca reformar el art\u00edculo 4 de la Constituci\u00f3n Pol\u00edtica de los Estados Unidos Mexicanos para garantizar que la pensi\u00f3n que otorga actualmente el Estado sea un derecho de las mujeres de 60 a 64 a\u00f1os.<\/p>\n\n\n\n<p class=\"wp-block-paragraph\">En tribuna, Yeidckol Polensky destac\u00f3 que actualmente las mujeres de 60 a 64 a\u00f1os enfrentan una etapa de alta vulnerabilidad econ\u00f3mica y social, ya que muchas de ellas ya no participan en el mercado laboral formal, pero a\u00fan no acceden a la pensi\u00f3n universal para personas adultas mayores, lo que las coloca en un periodo de transici\u00f3n marcado por la incertidumbre econ\u00f3mica, la dependencia y el riesgo de pobreza.<\/p>\n\n\n\n<p class=\"wp-block-paragraph\">De acuerdo con datos del CONEVAL, m\u00e1s del 60% de las mujeres mayores no cuenta con una pensi\u00f3n contributiva, lo que evidencia una desigualdad estructural persistente.<\/p>\n\n\n\n<p class=\"wp-block-paragraph\">\u201cEsta exclusi\u00f3n no es resultado de decisiones individuales, sino de un modelo econ\u00f3mico y social que durante d\u00e9cadas releg\u00f3 a las mujeres del acceso pleno a derechos laborales y de seguridad social, a pesar de que su trabajo ha sido fundamental para el sostenimiento de las familias y comunidades del pa\u00eds\u201d, asever\u00f3 la legisladora.<\/p>\n\n\n\n<p class=\"wp-block-paragraph\">En este sentido, y para solventar esta situaci\u00f3n, la legisladora del PT inform\u00f3 que la Presidenta Claudia Sheinbaum, implement\u00f3 un apoyo econ\u00f3mico dirigido a esta edad; no obstante, su car\u00e1cter program\u00e1tico lo deja vulnerable a decisiones presupuestales, cambios administrativos o futuras reorientaciones de pol\u00edtica p\u00fablica.<\/p>\n\n\n\n<p class=\"wp-block-paragraph\">\u201cLa ausencia de un respaldo constitucional impide garantizar su continuidad, universalidad y progresividad, dejando en incertidumbre a miles de mujeres que dependen de este ingreso para cubrir necesidades b\u00e1sicas\u201d, subray\u00f3 la senadora.<\/p>\n\n\n\n<p class=\"wp-block-paragraph\">Por ello, explic\u00f3 que su propuesta tiene como finalidad reconocer a nivel constitucional el derecho de las mujeres adultas mayores de 60 a 64 a\u00f1os a recibir una pensi\u00f3n no contributiva por parte del Estado, garantizando su permanencia, universalidad, progresividad y no regresividad en igualdad de condiciones con otros derechos sociales ya reconocidos en la Constituci\u00f3n.<\/p>\n\n\n\n<p class=\"wp-block-paragraph\">Asimismo, busca blindar este derecho frente a recortes presupuestales o cambios de administraci\u00f3n, asegurando que el apoyo deje de ser un programa sujeto a discrecionalidad y se consolide como un derecho social pleno, orientado a reducir la pobreza, fortalecer la autonom\u00eda econ\u00f3mica de las mujeres y reconocer el valor del trabajo de cuidados no remunerado que hist\u00f3ricamente han sostenido a la sociedad mexicana.<\/p>\n\n\n\n<p class=\"wp-block-paragraph\">\u201cEsta reforma constitucional es coherente con nuestra convicci\u00f3n hist\u00f3rica de que el Estado debe estar al servicio de quienes han sido excluidas, invisibilizadas y relegadas por d\u00e9cadas de abandono. Reconocer la pensi\u00f3n para mujeres de 60 a 64 a\u00f1os como un derecho constitucional es avanzar hacia un pa\u00eds m\u00e1s justo, donde el bienestar no dependa del mercado ni de la suerte, sino de la ley y de la dignidad humana\u201d, concluy\u00f3.<\/p>\n\n\n\n<p class=\"wp-block-paragraph\">SEM\/sj<\/p>\n","protected":false},"excerpt":{"rendered":"<p>Redacci\u00f3n SemM\u00e9xico, Ciudad de M\u00e9xico, 9 de febrero, 2026.- Para evitar que la Pensi\u00f3n Mujeres Bienestar de 60 a 64 a\u00f1os quede a la buena voluntad de administraciones futuras, la senadora Yeidckol Polevnsky propuso elevar a rango constitucional esta ayuda. \u201cSignifica reconocer que el bienestar no puede depender de la voluntad de una administraci\u00f3n, sino [&hellip;]<\/p>\n","protected":false},"author":3,"featured_media":102578,"comment_status":"open","ping_status":"open","sticky":false,"template":"","format":"standard","meta":{"_monsterinsights_skip_tracking":false,"footnotes":""},"categories":[50],"tags":[],"class_list":["post-102577","post","type-post","status-publish","format-standard","has-post-thumbnail","category-congreso"],"_links":{"self":[{"href":"https:\/\/redsemlac.com\/semmexico\/wp-json\/wp\/v2\/posts\/102577","targetHints":{"allow":["GET"]}}],"collection":[{"href":"https:\/\/redsemlac.com\/semmexico\/wp-json\/wp\/v2\/posts"}],"about":[{"href":"https:\/\/redsemlac.com\/semmexico\/wp-json\/wp\/v2\/types\/post"}],"author":[{"embeddable":true,"href":"https:\/\/redsemlac.com\/semmexico\/wp-json\/wp\/v2\/users\/3"}],"replies":[{"embeddable":true,"href":"https:\/\/redsemlac.com\/semmexico\/wp-json\/wp\/v2\/comments?post=102577"}],"version-history":[{"count":0,"href":"https:\/\/redsemlac.com\/semmexico\/wp-json\/wp\/v2\/posts\/102577\/revisions"}],"wp:featuredmedia":[{"embeddable":true,"href":"https:\/\/redsemlac.com\/semmexico\/wp-json\/wp\/v2\/media\/102578"}],"wp:attachment":[{"href":"https:\/\/redsemlac.com\/semmexico\/wp-json\/wp\/v2\/media?parent=102577"}],"wp:term":[{"taxonomy":"category","embeddable":true,"href":"https:\/\/redsemlac.com\/semmexico\/wp-json\/wp\/v2\/categories?post=102577"},{"taxonomy":"post_tag","embeddable":true,"href":"https:\/\/redsemlac.com\/semmexico\/wp-json\/wp\/v2\/tags?post=102577"}],"curies":[{"name":"wp","href":"https:\/\/api.w.org\/{rel}","templated":true}]}}