{"id":102569,"date":"2026-02-09T20:06:28","date_gmt":"2026-02-10T02:06:28","guid":{"rendered":"https:\/\/redsemlac.com\/semmexico\/?p=102569"},"modified":"2026-02-09T20:06:29","modified_gmt":"2026-02-10T02:06:29","slug":"iran-condenada-a-seis-anos-de-carcel-la-premio-nobel-narges-mohammadi","status":"publish","type":"post","link":"https:\/\/redsemlac.com\/semmexico\/iran-condenada-a-seis-anos-de-carcel-la-premio-nobel-narges-mohammadi\/","title":{"rendered":"Ir\u00e1n: condenada a seis a\u00f1os de c\u00e1rcel la premio nobel Narges Mohammadi"},"content":{"rendered":"\n<ul class=\"wp-block-list\">\n<li>El estado de salud de Narges Mohammadi se ha deteriorado notablemente<\/li>\n\n\n\n<li>Est\u00e1 condenada a un a\u00f1o y mdio de c\u00e1rcel por \u00abactividades de propaganda\u00bb<\/li>\n<\/ul>\n\n\n\n<p class=\"wp-block-paragraph\"><a href=\"https:\/\/periodistas-es.com\/author\/mercedes-arancibia\" target=\"_blank\" rel=\"noreferrer noopener\">Mercedes Arancibia<\/a><\/p>\n\n\n\n<p class=\"wp-block-paragraph\">SemM\u00e9xico, Teher\u00e1n, 9 de febrero, 2026.- Un tribunal iran\u00ed ha condenado, el s\u00e1bado 7 de febrero de 2026, a seis a\u00f1os de c\u00e1rcel a&nbsp;<a href=\"https:\/\/es.wikipedia.org\/wiki\/Narges_Mohammadi\" target=\"_blank\" rel=\"noreferrer noopener\">Narges Mohammadi<\/a>, militante en favor de los derechos humanos de 53 a\u00f1os, galardonada con el&nbsp;<a href=\"https:\/\/es.wikipedia.org\/wiki\/Premio_Nobel_de_la_Paz\" target=\"_blank\" rel=\"noreferrer noopener\">Premio Nobel de la Paz<\/a>&nbsp;en 2003, detenida el pasado 12 de diciembre en la ciudad de Madhhad, en el noreste del pa\u00eds, tras haber pronunciado unas palabras en la ceremonia de homenaje a un abogado que hab\u00eda aparecido muerto.<\/p>\n\n\n\n<p class=\"wp-block-paragraph\">\u00abConsidera este procedimiento como una farsa\u00bb, ha escrito su marido,&nbsp;<strong>Taghi Rahmani<\/strong>, exiliado en Par\u00eds junto con los dos hijos de la pareja, a quienes la condenada no ha visto desde 2015, informa El Pa\u00eds.<\/p>\n\n\n\n<p class=\"wp-block-paragraph\">Seg\u00fan su abogado,&nbsp;<strong>Mostafa Nili<\/strong>, la condena ha sido por \u00abreuni\u00f3n y colusi\u00f3n con el objetivo de cometer delitos\u00bb, y lleva a\u00f1adida la prohibici\u00f3n de abandonar el pa\u00eds durante dos a\u00f1os.<\/p>\n\n\n\n<p class=\"wp-block-paragraph\">La misma fuente ha denunciado a la prensa internacional que el estado de salud de Narges Mohammadi se ha deteriorado notablemente debido a que ha llevado a cabo una huelga de hambre desde el pasado 2 de febrero hasta este domingo 8, en se\u00f1al de protesta por las condiciones de su detenci\u00f3n y por la prohibici\u00f3n de telefonear a su familia y a su abogado.<\/p>\n\n\n\n<p class=\"wp-block-paragraph\">En la llamada, Narges Mohammadi explic\u00f3 a su abogado que hab\u00eda pasado tres d\u00edas hospitalizada y que, posteriormente, fue devuelta al centro donde se encuentra internada.<\/p>\n\n\n\n<p class=\"wp-block-paragraph\">En otra causa, Narges Mohammadi est\u00e1 condenada a un a\u00f1o y mdio de c\u00e1rcel por \u00abactividades de propaganda\u00bb, y a dos m\u00e1s de exilio en la ciudad de Khosf, en la provincia oriental de Khorasaan del Sur. El abogado Nili ha recordado que en la ley iran\u00ed las condenas de c\u00e1rcel no son acumulables.<\/p>\n\n\n\n<p class=\"wp-block-paragraph\">En los \u00faltimos veinticinco a\u00f1os Narges Mohammadi ha sido juzgada y encarcelada varias veces por su compromiso en contra de la pena de muerte y en protesta por las estrictas reglas que rigen la manera en que deben vestirse las mujeres en Ir\u00e1n. En diciembre de 2024 sali\u00f3 en libertad durante tres semanas por \u00abrazones m\u00e9dicas\u00bb relacionadas con \u00absu estado f\u00edsico tras serle extirpado un tumor y haberle efectuado un injerto \u00f3seo\u00bb.<\/p>\n\n\n\n<p class=\"wp-block-paragraph\">Incluso durante sus estancias en la c\u00e1rcel, Narges Mohammadi ha seguido manifestando sus opiniones, organizando concentraciones en el patio del establecimiento penitenciario en defensa de los derechos de los presos pol\u00edticos, y efectuando varias huelgas de hambre.<\/p>\n\n\n\n<p class=\"wp-block-paragraph\">Nacida en 1972 en Zanjan, en el noroeste de Ir\u00e1n, Narges Mohammadi curs\u00f3 estudios de F\u00edsica; posteriormente se licenci\u00f3 en Ingenier\u00eda al tiempo que comenzaba a escribir art\u00edculos en los peri\u00f3dicos reformistas. Desde 2000 es miembro del Centro de Defensores de los Derechos Humanos, fundado por la abogada iran\u00ed&nbsp;<a href=\"https:\/\/es.wikipedia.org\/wiki\/Shirin_Ebadi\" target=\"_blank\" rel=\"noreferrer noopener\">Shirin Ebadi<\/a><strong>.<\/strong><\/p>\n\n\n\n<p class=\"wp-block-paragraph\">Obtuvo el Premio Nobel de la Paz 2023 por su \u00abcombate contra la opresi\u00f3n de las mujeres en Ir\u00e1n y por la promoci\u00f3n de los derechos humanos y la libertad para todos\u00bb.<\/p>\n\n\n\n<p class=\"wp-block-paragraph\">Seg\u00fan&nbsp;<a href=\"https:\/\/www.amnesty.org\/es\/\" target=\"_blank\" rel=\"noreferrer noopener\">Amnist\u00eda Internacional<\/a>&nbsp;y otros grupos de defensa de los derechos humanos, Ir\u00e1n ocupa el segundo lugar en el&nbsp;<em>ranking&nbsp;<\/em>de ejecuciones anuales, despu\u00e9s de China.<\/p>\n","protected":false},"excerpt":{"rendered":"<p>Mercedes Arancibia SemM\u00e9xico, Teher\u00e1n, 9 de febrero, 2026.- Un tribunal iran\u00ed ha condenado, el s\u00e1bado 7 de febrero de 2026, a seis a\u00f1os de c\u00e1rcel a&nbsp;Narges Mohammadi, militante en favor de los derechos humanos de 53 a\u00f1os, galardonada con el&nbsp;Premio Nobel de la Paz&nbsp;en 2003, detenida el pasado 12 de diciembre en la ciudad de [&hellip;]<\/p>\n","protected":false},"author":3,"featured_media":102570,"comment_status":"open","ping_status":"open","sticky":false,"template":"","format":"standard","meta":{"_monsterinsights_skip_tracking":false,"footnotes":""},"categories":[694],"tags":[],"class_list":["post-102569","post","type-post","status-publish","format-standard","has-post-thumbnail","category-destacadas"],"_links":{"self":[{"href":"https:\/\/redsemlac.com\/semmexico\/wp-json\/wp\/v2\/posts\/102569","targetHints":{"allow":["GET"]}}],"collection":[{"href":"https:\/\/redsemlac.com\/semmexico\/wp-json\/wp\/v2\/posts"}],"about":[{"href":"https:\/\/redsemlac.com\/semmexico\/wp-json\/wp\/v2\/types\/post"}],"author":[{"embeddable":true,"href":"https:\/\/redsemlac.com\/semmexico\/wp-json\/wp\/v2\/users\/3"}],"replies":[{"embeddable":true,"href":"https:\/\/redsemlac.com\/semmexico\/wp-json\/wp\/v2\/comments?post=102569"}],"version-history":[{"count":0,"href":"https:\/\/redsemlac.com\/semmexico\/wp-json\/wp\/v2\/posts\/102569\/revisions"}],"wp:featuredmedia":[{"embeddable":true,"href":"https:\/\/redsemlac.com\/semmexico\/wp-json\/wp\/v2\/media\/102570"}],"wp:attachment":[{"href":"https:\/\/redsemlac.com\/semmexico\/wp-json\/wp\/v2\/media?parent=102569"}],"wp:term":[{"taxonomy":"category","embeddable":true,"href":"https:\/\/redsemlac.com\/semmexico\/wp-json\/wp\/v2\/categories?post=102569"},{"taxonomy":"post_tag","embeddable":true,"href":"https:\/\/redsemlac.com\/semmexico\/wp-json\/wp\/v2\/tags?post=102569"}],"curies":[{"name":"wp","href":"https:\/\/api.w.org\/{rel}","templated":true}]}}