{"id":102564,"date":"2026-02-09T20:03:47","date_gmt":"2026-02-10T02:03:47","guid":{"rendered":"https:\/\/redsemlac.com\/semmexico\/?p=102564"},"modified":"2026-02-09T20:03:49","modified_gmt":"2026-02-10T02:03:49","slug":"cuba-mujeres-en-el-centro-de-la-respuesta-a-las-violencias-machistas","status":"publish","type":"post","link":"https:\/\/redsemlac.com\/semmexico\/cuba-mujeres-en-el-centro-de-la-respuesta-a-las-violencias-machistas\/","title":{"rendered":"Cuba: Mujeres en el centro de la respuesta a las violencias machistas"},"content":{"rendered":"\n<ul class=\"wp-block-list\">\n<li>El protocolo propone fortalecer el trabajo que ya existe y la articulaci\u00f3n con otros actores institucionales<\/li>\n\n\n\n<li>Apuesta es sensibilizar y formar con un enfoque territorial a actores locales, institucionales y de la sociedad civil<\/li>\n<\/ul>\n\n\n\n<p class=\"wp-block-paragraph\">Lirians Gordillo Pi\u00f1a<br>SemM\u00e9xico\/SEMlac, La Habana, 9 de febrero, 2026.- La&nbsp;<a href=\"https:\/\/www.redsemlac-cuba.net\/redsemlac\/violencia\/\" target=\"_blank\" rel=\"noreferrer noopener\">violencia de g\u00e9nero<\/a>&nbsp;resulta un problema complejo y en Cuba se identifican apuestas diversas para atenderla, que ponen en el centro a las mujeres.<\/p>\n\n\n\n<p class=\"wp-block-paragraph\"><br>\u00abUna se percata de que las mujeres llegan desarmadas, con incertidumbre y mucha necesidad de informaci\u00f3n. Como profesionales tenemos el deber de estar preparadas para acompa\u00f1arlas, nunca tomar una decisi\u00f3n por ellas y s\u00ed poder ofrecerles recursos que las fortalezcan\u00bb, dice a SEMlac la psic\u00f3loga Aliuska Celia Cervantes Corr\u00eda.<\/p>\n\n\n\n<p class=\"wp-block-paragraph\"><br>Cervantes Corr\u00eda es especialista en la Consejer\u00eda municipal de la Federaci\u00f3n de Mujeres Cubanas (FMC) en el municipio de Bayamo, a 738 kil\u00f3metros de La Habana. A partir de su experiencia, considera clave abordar la violencia desde diferentes aristas; para ella, la formaci\u00f3n y la articulaci\u00f3n son esenciales.<\/p>\n\n\n\n<p class=\"wp-block-paragraph\"><br>En ese territorio del oriente cubano se promueve un enfoque que combina atenci\u00f3n a las v\u00edctimas, capacitaci\u00f3n comunitaria, empoderamiento femenino y transformaci\u00f3n cultural a trav\u00e9s de la comunicaci\u00f3n p\u00fablica.<\/p>\n\n\n\n<p class=\"wp-block-paragraph\"><br>Bayamo forma parte del proyecto \u00abNo m\u00e1s. Prevenci\u00f3n y respuesta a la violencia contra las mujeres en Cuba\u00bb, presente tambi\u00e9n en otros cinco municipios del pa\u00eds: Plaza de la Revoluci\u00f3n y Marianao (La Habana), Las Tunas, cabecera de la provincia del mismo nombre a 658 kil\u00f3metros de la capital; y los municipios de El Salvador y Guant\u00e1namo, en la provincia de Guant\u00e1namo, en el extremo suroriental de la isla.<\/p>\n\n\n\n<p class=\"wp-block-paragraph\"><br>\u00abNuestra apuesta es sensibilizar y formar con un enfoque territorial a actores locales, institucionales y de la sociedad civil, para que trabajen en red; todo esto en un momento en el que Cuba impulsa los&nbsp;<a href=\"https:\/\/www.redsemlac-cuba.net\/redsemlac\/violencia\/nueva-oficina-brinda-atencion-a-victimas-de-violencia-de-genero\/\" target=\"_blank\" rel=\"noreferrer noopener\">servicios integrales e integrados en la respuesta a las violencias<\/a>&nbsp;contra las mujeres\u00bb, explica&nbsp;<a href=\"https:\/\/directoriogenero.redsemlac-cuba.net\/yohanka-valdes-jimenez-1976\/\" target=\"_blank\" rel=\"noreferrer noopener\">Yohanka Vald\u00e9s Jim\u00e9nez<\/a>, coordinadora del proyecto por la oficina en Cuba de la organizaci\u00f3n italiana Cospe.<\/p>\n\n\n\n<p class=\"wp-block-paragraph\"><br>El dise\u00f1o de una plataforma inform\u00e1tica para el registro de los datos y la elaboraci\u00f3n de un protocolo de trabajo para las Consejer\u00edas de la FMC son acciones que buscan hacer m\u00e1s efectiva la&nbsp;<a href=\"https:\/\/www.redsemlac-cuba.net\/redsemlac\/violencia\/atencion-y-prevencion-de-violencias-machistas-donde-estamos\/\" target=\"_blank\" rel=\"noreferrer noopener\">atenci\u00f3n a las v\u00edctimas<\/a>.<\/p>\n\n\n\n<p class=\"wp-block-paragraph\"><br>\u00abEste protocolo propone fortalecer el trabajo que ya existe y la articulaci\u00f3n con otros actores institucionales, como la polic\u00eda o la fiscal\u00eda, pues sabemos que no es f\u00e1cil para las mujeres llegar a esos espacios sin un acompa\u00f1amiento y seguimiento\u00bb, agrega Vald\u00e9s Jim\u00e9nez.<\/p>\n\n\n\n<p class=\"wp-block-paragraph\"><br>La psic\u00f3loga insiste en el trabajo articulado y en poner a las mujeres en el centro de la prevenci\u00f3n y la atenci\u00f3n. Esto significa acompa\u00f1arlas sin violentar sus tiempos, sus espacios, ni sus procesos de reparaci\u00f3n.<\/p>\n\n\n\n<p class=\"wp-block-paragraph\"><br>El proyecto \u00abNo m\u00e1s\u0085\u00bb est\u00e1 liderado por organizaciones con un trabajo sostenido a favor de la equidad de g\u00e9nero y los derechos de las cubanas. Participan la FMC y su Editorial de la Mujer, Cospe, el Centro Martin Luther King (CMLK), el&nbsp;<a href=\"https:\/\/www.bing.com\/ck\/a?!&amp;&amp;p=f2c7bf9eac57112d21fd2a405a9cb45fbf26d2a2a30b17452dd4649863afe628JmltdHM9MTc3MDUwODgwMA&amp;ptn=3&amp;ver=2&amp;hsh=4&amp;fclid=141d25e9-864d-6c3a-0c6e-331187d66dd4&amp;u=a1aHR0cHM6Ly9pbnRlcnNhYmVyLm9yZy93cC1jb250ZW50L3VwbG9hZHMvMjAyNS8wOC9HSUxCRVJUTy1WQUxERVMucGRm&amp;ntb=1\" target=\"_blank\" rel=\"noreferrer noopener\">Grupo Am\u00e9rica Latina, Filosof\u00eda Social y Axiolog\u00eda<\/a>&nbsp;(Galfisa) del Instituto de Filosof\u00eda y la Uni\u00f3n Nacional de Juristas de Cuba (UNJC).<\/p>\n\n\n\n<p class=\"wp-block-paragraph\"><br>El programa es cofinanciado por la Uni\u00f3n Europea en Cuba y cuenta con la contribuci\u00f3n del Fondo de Iniciativas Locales de la Embajada de Canad\u00e1 y la Asociaci\u00f3n Italiana de Cooperaci\u00f3n Internacional (AICS).<\/p>\n\n\n\n<p class=\"wp-block-paragraph\"><br><strong>Espacios para construir apoyos<\/strong><\/p>\n\n\n\n<p class=\"wp-block-paragraph\"><br>El proyecto tambi\u00e9n apoya a siete grupos de mujeres en los seis municipios donde est\u00e1 presente. Los colectivos est\u00e1n conformados por mujeres diversas que residen en las comunidades, con la participaci\u00f3n de lideresas comunitarias, emprendedoras y activistas.<\/p>\n\n\n\n<p class=\"wp-block-paragraph\"><br>Talleres y espacios de encuentro son el escenario para que ellas identifiquen y desmonten las agresiones machistas que viven cotidianamente: hablan sobre autoestima, derechos, autocuidado y comparten informaci\u00f3n sobre los programas y pol\u00edticas nacionales.<\/p>\n\n\n\n<p class=\"wp-block-paragraph\"><br>Como resultado, cada grupo elabora un plan de acci\u00f3n comunitario que incluye prioridades, responsables y alianzas.<\/p>\n\n\n\n<p class=\"wp-block-paragraph\"><br>En la provincia de Las Tunas, habitantes de la comunidad de San Jos\u00e9 presentaron el 30 enero su programa de acci\u00f3n y un producto comunicativo en formato de&nbsp;<a href=\"https:\/\/www.redsemlac-cuba.net\/redsemlac\/violencia\/agendas-feministas-acompanan-respuesta-a-violencias-machistas\/\" target=\"_blank\" rel=\"noreferrer noopener\">agenda<\/a>, elaborado a partir del trabajo grupal. En el encuentro participaron representantes del gobierno local, habitantes del barrio y representantes de organizaciones nacionales e internacionales.<\/p>\n\n\n\n<p class=\"wp-block-paragraph\"><br>\u00abQueremos que nuestra agenda sea de ayuda a otras mujeres y vecinas, porque es muy importante que nosotras sepamos reconocer las violencias, sepamos qu\u00e9 nos protege y as\u00ed nadie nos pueda enga\u00f1ar\u00bb, declara a SEMlac Mariela Cuti\u00f1o Alcolea, una de las integrantes del colectivo.<\/p>\n\n\n\n<p class=\"wp-block-paragraph\"><br>El testimonio de Carmen Ram\u00edrez \u00c1lvarez, una lideresa de la localidad, aparece en el documento, considerado por sus autoras como una herramienta estrat\u00e9gica para el cambio en la localidad.<\/p>\n\n\n\n<p class=\"wp-block-paragraph\"><br>\u00abMe imagino, ahora m\u00e1s que nunca, la transformaci\u00f3n con la que siempre hemos so\u00f1ado en San Jos\u00e9, que es un barrio alejado del centro urbano; empezando por lograr un espacio f\u00edsico donde se realicen eventos y talleres para prevenir las violencias machistas\u00bb, cuenta Ram\u00edrez \u00c1lvarez.<\/p>\n\n\n\n<p class=\"wp-block-paragraph\"><br>Las mujeres de San Jos\u00e9 proyectan constituirse como una red de apoyo; quieren trabajar con adolescentes y j\u00f3venes para que abracen la equidad de g\u00e9nero y est\u00e1n decididas a apoyar a las emprendedoras del territorio, pues consideran que la autonom\u00eda econ\u00f3mica es condici\u00f3n esencial para salir del ciclo de la violencia de g\u00e9nero.<\/p>\n\n\n\n<p class=\"wp-block-paragraph\"><br>La periodista Susel de la Pe\u00f1a Mora tuvo a su cargo la edici\u00f3n de la agenda en San Jos\u00e9 y, como profesional de los medios, cree en el valor estrat\u00e9gico de la comunicaci\u00f3n y los productos comunicativos para conectar procesos, sensibilizar, catalizar aprendizajes y alianzas.<\/p>\n\n\n\n<p class=\"wp-block-paragraph\"><br>\u00abSi hablamos de la comunicaci\u00f3n medi\u00e1tica, debemos agregar que desde los medios es nuestra responsabilidad contar las pr\u00e1cticas machistas, porque es un problema que viola derechos humanos\u00bb, afirma de la Pe\u00f1a Mora.<\/p>\n\n\n\n<p class=\"wp-block-paragraph\"><br>En Las Tunas, un equipo consultor realiz\u00f3 un monitoreo de medios comunitarios en los seis municipios en los cuales est\u00e1 presente \u00abNo m\u00e1s\u0085\u00bb. Las periodistas Yuset Puig Pupo, Iris Neysi Hern\u00e1ndez Rodr\u00edguez y Adalys Ray Haynes analizaron trabajos period\u00edsticos y las redes sociales de medios impresos, radiales y televisivos durante la&nbsp;<a href=\"https:\/\/www.redsemlac-cuba.net\/tag\/16diasdeactivismo2025\/\" target=\"_blank\" rel=\"noreferrer noopener\">Jornada de 16 d\u00edas de activismo contra la violencia de g\u00e9nero<\/a>, que se desarrolla cada a\u00f1o.<\/p>\n\n\n\n<p class=\"wp-block-paragraph\"><br>Los resultados confirman lo que han alertado&nbsp;<a href=\"https:\/\/www.redsemlac-cuba.net\/redsemlac\/comunicacion\/violencias-de-genero-relatos-desde-los-medios\/\" target=\"_blank\" rel=\"noreferrer noopener\">otros estudios<\/a>: si bien la violencia de g\u00e9nero est\u00e1 presente en la agenda medi\u00e1tica, a\u00fan se aborda desde un enfoque informativo, de manera superficial y poco sistem\u00e1tica, con ausencia de voces y testimonios de las mujeres.<\/p>\n\n\n\n<p class=\"wp-block-paragraph\"><br>Como aspectos positivos, el equipo de investigaci\u00f3n identific\u00f3 que no se reproducen estereotipos ni revictimizaci\u00f3n; existen medios y profesionales que s\u00ed apuestan por un tratamiento sistem\u00e1tico y crece el protagonismo de la FMC como fuente de informaci\u00f3n en los medios territoriales.<\/p>\n\n\n\n<p class=\"wp-block-paragraph\"><br>\u00abCreemos importante asumir estrategias que incluyan la mirada cr\u00edtica de c\u00f3mo se representan las violencias, para contribuir con recomendaciones a un mejor tratamiento medi\u00e1tico, generar alianzas con medios feministas e&nbsp;<a href=\"https:\/\/www.redsemlac-cuba.net\/redsemlac\/violencia\/ahi-es-una-campana-con-pulso-adolescente-para-frenar-las-violencias\/\" target=\"_blank\" rel=\"noreferrer noopener\">impulsar campa\u00f1as<\/a>&nbsp;que busquen el cambio de imaginarios, con mensajes positivos e innovadores\u00bb, detalla Yohanka Vald\u00e9s Jim\u00e9nez.<\/p>\n\n\n\n<p class=\"wp-block-paragraph\"><br>Las experiencias comunitarias, apoyadas desde \u00abNo m\u00e1s\u0085\u00bb se suman a las que en Cuba apuestan por la coordinaci\u00f3n entre instituciones, la mirada territorial y una comunicaci\u00f3n transformadora que coloque a las mujeres en el centro.<\/p>\n\n\n\n<p class=\"wp-block-paragraph\">SEM-SEMlac\/lgp<em><\/em><\/p>\n\n\n\n<p class=\"wp-block-paragraph\"><\/p>\n","protected":false},"excerpt":{"rendered":"<p>Lirians Gordillo Pi\u00f1aSemM\u00e9xico\/SEMlac, La Habana, 9 de febrero, 2026.- La&nbsp;violencia de g\u00e9nero&nbsp;resulta un problema complejo y en Cuba se identifican apuestas diversas para atenderla, que ponen en el centro a las mujeres. \u00abUna se percata de que las mujeres llegan desarmadas, con incertidumbre y mucha necesidad de informaci\u00f3n. Como profesionales tenemos el deber de estar [&hellip;]<\/p>\n","protected":false},"author":3,"featured_media":102575,"comment_status":"open","ping_status":"open","sticky":false,"template":"","format":"standard","meta":{"_monsterinsights_skip_tracking":false,"footnotes":""},"categories":[748],"tags":[],"class_list":["post-102564","post","type-post","status-publish","format-standard","has-post-thumbnail","category-cultura-feminista"],"_links":{"self":[{"href":"https:\/\/redsemlac.com\/semmexico\/wp-json\/wp\/v2\/posts\/102564","targetHints":{"allow":["GET"]}}],"collection":[{"href":"https:\/\/redsemlac.com\/semmexico\/wp-json\/wp\/v2\/posts"}],"about":[{"href":"https:\/\/redsemlac.com\/semmexico\/wp-json\/wp\/v2\/types\/post"}],"author":[{"embeddable":true,"href":"https:\/\/redsemlac.com\/semmexico\/wp-json\/wp\/v2\/users\/3"}],"replies":[{"embeddable":true,"href":"https:\/\/redsemlac.com\/semmexico\/wp-json\/wp\/v2\/comments?post=102564"}],"version-history":[{"count":0,"href":"https:\/\/redsemlac.com\/semmexico\/wp-json\/wp\/v2\/posts\/102564\/revisions"}],"wp:featuredmedia":[{"embeddable":true,"href":"https:\/\/redsemlac.com\/semmexico\/wp-json\/wp\/v2\/media\/102575"}],"wp:attachment":[{"href":"https:\/\/redsemlac.com\/semmexico\/wp-json\/wp\/v2\/media?parent=102564"}],"wp:term":[{"taxonomy":"category","embeddable":true,"href":"https:\/\/redsemlac.com\/semmexico\/wp-json\/wp\/v2\/categories?post=102564"},{"taxonomy":"post_tag","embeddable":true,"href":"https:\/\/redsemlac.com\/semmexico\/wp-json\/wp\/v2\/tags?post=102564"}],"curies":[{"name":"wp","href":"https:\/\/api.w.org\/{rel}","templated":true}]}}