{"id":102562,"date":"2026-02-09T19:59:07","date_gmt":"2026-02-10T01:59:07","guid":{"rendered":"https:\/\/redsemlac.com\/semmexico\/?p=102562"},"modified":"2026-02-09T19:59:08","modified_gmt":"2026-02-10T01:59:08","slug":"cuba-estadisticas-para-no-subestimar-la-violencia","status":"publish","type":"post","link":"https:\/\/redsemlac.com\/semmexico\/cuba-estadisticas-para-no-subestimar-la-violencia\/","title":{"rendered":"Cuba: Estad\u00edsticas para no subestimar la violencia"},"content":{"rendered":"\n<ul class=\"wp-block-list\">\n<li>Brindan informaci\u00f3n sobre un problema social serio<\/li>\n\n\n\n<li>Pueden orientar una asignaci\u00f3n de recursos estatales que sea eficiente y prioritaria<\/li>\n<\/ul>\n\n\n\n<p class=\"wp-block-paragraph\">Dixie Edith<\/p>\n\n\n\n<p class=\"wp-block-paragraph\">SemM\u00e9xico\/SEMlac, La Habana, 9 de febrero, 2026.- Contar con estad\u00edsticas fiables y actualizadas sobre las violencias machistas en Cuba es crucial para entender esa grave problem\u00e1tica y luego dise\u00f1ar las respuestas necesarias para atenderla, coinciden especialistas.<\/p>\n\n\n\n<p class=\"wp-block-paragraph\"><br>\u00abLos datos ofrecen informaci\u00f3n para ajustar la prevenci\u00f3n y enfrentamiento a las violencias de g\u00e9nero. No son necesariamente la demostraci\u00f3n de la magnitud de un fen\u00f3meno, pero s\u00ed la constataci\u00f3n de su existencia\u00bb, considera la soci\u00f3loga&nbsp;<a href=\"https:\/\/directoriogenero.redsemlac-cuba.net\/clotilde-proveyer-cervantes-la-habana-1955\/\" target=\"_blank\" rel=\"noreferrer noopener\">Clotilde Proveyer Cervantes<\/a>, profesora de la Universidad de La Habana, en un&nbsp;<a href=\"https:\/\/www.redsemlac-cuba.net\/redsemlac\/violencia\/violencia-y-estadisticas-donde-poner-las-miradas\/\" target=\"_blank\" rel=\"noreferrer noopener\">debate<\/a>&nbsp;publicado por SEMlac.<\/p>\n\n\n\n<p class=\"wp-block-paragraph\"><br>\u00abSi adem\u00e1s est\u00e1n&nbsp;<a href=\"https:\/\/www.redsemlac-cuba.net\/redsemlac\/sociedad-y-cultura\/urgen-estadisticas-desagregadas-para-atender-desigualdades\/\" target=\"_blank\" rel=\"noreferrer noopener\">desagregados<\/a>&nbsp;y son oportunos, fiables, nos brindan informaci\u00f3n sobre un problema social serio y nos hacen un llamado de atenci\u00f3n\u00bb, agrega Proveyer, quien tambi\u00e9n coordina el Grupo asesor de la Federaci\u00f3n de Mujeres Cubanas (FMC) para la atenci\u00f3n y prevenci\u00f3n de la violencia de g\u00e9nero.<br>Para la experta, las estad\u00edsticas ayudan a visibilizar un fen\u00f3meno naturalizado, \u00abque se legitima mediante el poder patriarcal\u00bb y, por tanto, funcionan como constataci\u00f3n p\u00fablica de que esos hechos ocurren y de que es importante atenderlos.<\/p>\n\n\n\n<p class=\"wp-block-paragraph\"><br>En opini\u00f3n de la jurista&nbsp;<a href=\"https:\/\/directoriogenero.redsemlac-cuba.net\/arlin-perez-duharte-santiago-de-cuba-1971\/\" target=\"_blank\" rel=\"noreferrer noopener\">Arlin P\u00e9rez Duharte<\/a>, tener estad\u00edsticas \u00abcontribuye al diagn\u00f3stico objetivo e indispensable que precisa un sistema jur\u00eddico que busque eficacia\u00bb, dice en entrevista con SEMlac.<\/p>\n\n\n\n<p class=\"wp-block-paragraph\"><br>\u00abLas cifras son esenciales tambi\u00e9n para evaluar el impacto normativo de instrumentos como el C\u00f3digo Penal y para realizar los ajustes que la pr\u00e1ctica evidencie como necesarios, por ejemplo, al evaluar las variaciones en el n\u00famero de denuncias o en las manifestaciones de violencia que m\u00e1s se repiten\u00bb, afirma la tambi\u00e9n profesora de la Facultad de Derecho de la Universidad de La Habana.<\/p>\n\n\n\n<p class=\"wp-block-paragraph\"><br>Pero, adem\u00e1s, \u00abpueden orientar una asignaci\u00f3n de recursos estatales que sea eficiente y prioritaria, para que la protecci\u00f3n de los bienes jur\u00eddicos -como la vida, la integridad y la dignidad- se concrete en los territorios y sectores con mayor vulnerabilidad\u00bb, agrega.<\/p>\n\n\n\n<p class=\"wp-block-paragraph\"><br>En tanto, la psic\u00f3loga Rachel Lambert Correoso, profesora del Centro de Estudios Demogr\u00e1ficos (Cedem), apunta que son importantes no solo para cuantificar el problema, \u00absino porque revelan patrones conductuales y estructurales que requieren intervenci\u00f3n\u00bb.<\/p>\n\n\n\n<p class=\"wp-block-paragraph\"><br>Aunque en la naci\u00f3n caribe\u00f1a existen propuestas recientes como el&nbsp;<a href=\"https:\/\/www.genero.onei.gob.cu\/indicadores\/indicador24\" target=\"_blank\" rel=\"noreferrer noopener\">Observatorio de Cuba sobre Igualdad de G\u00e9nero<\/a>&nbsp;y algunas encuestas han incluido estad\u00edsticas sobre violencias de g\u00e9nero y sexuales, la disponibilidad de datos en torno a esta problem\u00e1tica sigue siendo limitada y poco sistem\u00e1tica.<\/p>\n\n\n\n<p class=\"wp-block-paragraph\"><br><strong>Lo que existe<\/strong><\/p>\n\n\n\n<p class=\"wp-block-paragraph\"><br><a href=\"https:\/\/www.redsemlac-cuba.net\/redsemlac\/violencia\/mujeres-jovenes-y-sin-vinculo-laboral-entre-principales-victimas-de-femicidios\/\" target=\"_blank\" rel=\"noreferrer noopener\">Con cierre de 2024<\/a>, en su \u00e1rea 5 sobre marcos normativos y sistemas de protecci\u00f3n contra todas las formas de discriminaci\u00f3n y violencia, el Observatorio visibiliza estad\u00edsticas sobre mujeres mayores de 15 a\u00f1os, \u00ab<a href=\"https:\/\/www.genero.onei.gob.cu\/indicadores\/indicador24\" target=\"_blank\" rel=\"noreferrer noopener\">v\u00edctimas de asesinato por razones de g\u00e9nero<\/a>\u00ab; \u00ab<a href=\"https:\/\/www.genero.onei.gob.cu\/indicadores\/indicador25\" target=\"_blank\" rel=\"noreferrer noopener\">v\u00edctimas de asesinato ocasionado por su pareja o ex &#8211; pareja \u00edntima<\/a>\u00bb y \u00abv\u00ed<a href=\"https:\/\/www.genero.onei.gob.cu\/indicadores\/indicador26\" target=\"_blank\" rel=\"noreferrer noopener\">ctimas de violencia sexual (tipificado como delito)<\/a>\u00ab.<\/p>\n\n\n\n<p class=\"wp-block-paragraph\"><br>Sin embargo, en todos los casos se trata del resultado de procesos judiciales juzgados en el a\u00f1o, lo cual deja fuera los casos denunciados que a\u00fan no est\u00e1n radicados en tribunales y aquellos hechos que no llegan a denunciarse o conocerse.<\/p>\n\n\n\n<p class=\"wp-block-paragraph\"><br>Esa plataforma digital tambi\u00e9n incorpora algunos datos de la&nbsp;<a href=\"https:\/\/www.genero.onei.gob.cu\/documents\/informes\/1_enig2016.pdf\" target=\"_blank\" rel=\"noreferrer noopener\">Encuesta Nacional sobre Igualdad de G\u00e9nero<\/a>&nbsp;(Enig), cuya edici\u00f3n m\u00e1s reciente es de 2016, con lo cual ya no se ajustan al contexto actual.<\/p>\n\n\n\n<p class=\"wp-block-paragraph\"><br>Si se tiene en cuenta que estudios internacionales como los realizados por la&nbsp;<a href=\"https:\/\/www.paho.org\/es\/noticias\/19-11-2025-violencia-contra-mujeres-es-generalizada-americas-segun-nuevas-estimaciones\" target=\"_blank\" rel=\"noreferrer noopener\">Organizaci\u00f3n Panamericana de la Salud<\/a>&nbsp;revelan que la verg\u00fcenza y el estigma asociados con la violencia de g\u00e9nero dificultan la denuncia, \u00ablo que sugiere que las cifras reales son probablemente mucho m\u00e1s altas\u00bb, la incidencia real de esas violencias en Cuba podr\u00eda superar ampliamente los datos reportados.<\/p>\n\n\n\n<p class=\"wp-block-paragraph\"><br>Ello representa un desaf\u00edo adicional, como se reconoci\u00f3 durante el XVI Encuentro Internacional Ciencias Penales 2025, realizado en La Habana del 26 al 28 de marzo del pasado a\u00f1o.<\/p>\n\n\n\n<p class=\"wp-block-paragraph\"><br>En ese camino, Ana Hern\u00e1ndez Mur, fiscal jefa de la Direcci\u00f3n de Informaci\u00f3n y An\u00e1lisis de la Fiscal\u00eda General de la Rep\u00fablica de Cuba,&nbsp;<a href=\"https:\/\/www.redsemlac-cuba.net\/redsemlac\/violencia\/contar-la-violencia-es-esencial-para-atenderla-y-prevenirla\/\" target=\"_blank\" rel=\"noreferrer noopener\">present\u00f3 una propuesta de registro inform\u00e1tico interoperable<\/a>&nbsp;en uno de los paneles del evento cient\u00edfico.<br>Ese proyecto, dijo, busca articular registros administrativos policiales y de la fiscal\u00eda, pero tambi\u00e9n de procesos judiciales, hechos sancionados y del sistema penitenciario, a partir del estudio de experiencias internacionales y regionales.<br>Actualmente los datos se recogen sobre plataformas inform\u00e1ticas particulares de cada instituci\u00f3n, pero se trabaja \u00aben una herramienta que permita interoperar estas plataformas, con lo cual vamos a obtener informaci\u00f3n integrada, incluso a nivel de consejo popular\u00bb, detall\u00f3 la fiscal.<\/p>\n\n\n\n<p class=\"wp-block-paragraph\"><br>Uno de los desaf\u00edos principales, reconoci\u00f3 Hern\u00e1ndez Mur, es ampliar el conteo m\u00e1s all\u00e1 de los casos juzgados, que son los que hoy se visibilizan en el Observatorio: \u00abo sea, poder incluir aquellos que nunca llegan a los tribunales porque el agresor se suicida u otra raz\u00f3n, ampliando as\u00ed el an\u00e1lisis m\u00e1s all\u00e1 de las sentencias judiciales\u00bb, reflexion\u00f3.<\/p>\n\n\n\n<p class=\"wp-block-paragraph\"><br>En paralelo, el proyecto&nbsp;<a href=\"https:\/\/cuba.unfpa.org\/es\/news\/inicia-diagn%C3%B3stico-en-40-municipios-de-cuba-para-fortalecer-la-respuesta-nacional-la-violencia\" target=\"_blank\" rel=\"noreferrer noopener\">\u00abApoyo a la respuesta nacional a la violencia basada en g\u00e9nero en Cuba\u00bb<\/a>, coordinado por la FMC con apoyo t\u00e9cnico del Fondo de Poblaci\u00f3n de las Naciones Unidas (Unfpa) y financiado por la Embajada de Canad\u00e1, inici\u00f3 en 2025 un diagn\u00f3stico en 40 municipios del pa\u00eds sobre la situaci\u00f3n de estas violencias y la capacidad de respuesta de los servicios.<\/p>\n\n\n\n<p class=\"wp-block-paragraph\"><br>La iniciativa busca crear o fortalecer la calidad y disponibilidad de los servicios nacionales y territoriales para la atenci\u00f3n al problema y contribuir a la deconstrucci\u00f3n de normas sociales y estereotipos que perpet\u00faan la violencia.<\/p>\n\n\n\n<p class=\"wp-block-paragraph\"><br><strong>Un recorrido al contexto<\/strong><\/p>\n\n\n\n<p class=\"wp-block-paragraph\"><br>La demanda de datos no es nueva en la naci\u00f3n caribe\u00f1a y ha ido transitando desde el silencio casi absoluto, hasta el reconocimiento de su necesidad en a\u00f1os m\u00e1s recientes.<\/p>\n\n\n\n<p class=\"wp-block-paragraph\"><br>Ya en el a\u00f1o 2000,&nbsp;<a href=\"https:\/\/docstore.ohchr.org\/SelfServices\/FilesHandler.ashx?enc=yNj7gKPGwVt\/Nsz9Yxq1LvK6SVGZDHerZZOA88aDqbJoPEWR\/F5IdTEaynHhygm5A7\/TRKqcP8cd\/eQNppXsnDMFFatRVlImB6MNU\/3VY6I=\" target=\"_blank\" rel=\"noreferrer noopener\">un informe de Radhika Coomaraswamy<\/a>, relatora especial de la Organizaci\u00f3n de Naciones Unidas (ONU), hab\u00eda identificado la carencia de estad\u00edsticas como un problema que requer\u00eda de atenci\u00f3n en Cuba, tras su visita al pa\u00eds en 1999 por invitaci\u00f3n del Gobierno.<\/p>\n\n\n\n<p class=\"wp-block-paragraph\"><br>A partir de entonces, en los informes ante el Comit\u00e9 de Expertos de la Convenci\u00f3n de las Naciones Unidas para la Eliminaci\u00f3n de todas las formas de Discriminaci\u00f3n contra la Mujer (Cedaw) se comenzaron a introducir datos sobre violencia provenientes de los registros de las Casas de Orientaci\u00f3n a la Mujer y la Familia de la FMC.<\/p>\n\n\n\n<p class=\"wp-block-paragraph\"><br>M\u00e1s adelante, en la segunda d\u00e9cada del siglo XXI, algunas encuestas nacionales incorporaron preguntas que permitieron obtener cifras vinculadas a la ocurrencia de violencias diversas.<\/p>\n\n\n\n<p class=\"wp-block-paragraph\"><br>As\u00ed, la Encuesta de Indicadores M\u00faltiples (MICS-2014) mostr\u00f3 que 27 por ciento de las mujeres conoc\u00eda a alguna mujer golpeada por su pareja; la de Indicadores de Prevenci\u00f3n de Infecci\u00f3n por el VIH\/sida (2015) report\u00f3 que 9,3 por ciento de las mujeres fueron v\u00edctimas de violencia f\u00edsica o sexual por parte de su pareja en el a\u00f1o anterior y que en m\u00e1s de la mitad de las parejas (53,3%) se registr\u00f3 alguna forma de violencia psicol\u00f3gica.<\/p>\n\n\n\n<p class=\"wp-block-paragraph\"><br>Finalmente, la Enig-2016 ofreci\u00f3 una radiograf\u00eda m\u00e1s detallada: 39,6 por ciento de las mujeres report\u00f3 haber sufrido violencia \u00aben alg\u00fan momento de su vida\u00bb y la psicol\u00f3gica fue la m\u00e1s frecuente.<\/p>\n\n\n\n<p class=\"wp-block-paragraph\"><br>Seg\u00fan la Enig, adem\u00e1s, 6,6 por ciento de las mujeres sufri\u00f3 violencia econ\u00f3mica en los \u00faltimos 12 meses; 2,4 por ciento, violencia f\u00edsica y 2,2 por ciento, violencia sexual. Solo 3,7 por ciento de las v\u00edctimas asegur\u00f3 haber acudido a alguna instituci\u00f3n \u00abbuscando ayuda\u00bb.<\/p>\n\n\n\n<p class=\"wp-block-paragraph\"><br>Una actualizaci\u00f3n de 2017 de la Encuesta sobre Indicadores de VIH\/sida evidenci\u00f3, adem\u00e1s, la vulnerabilidad de poblaciones espec\u00edficas: 70,2 por ciento de las personas trans con pareja estable report\u00f3 violencia f\u00edsica o sexual. A este grupo siguieron las personas que se prostituyen (22%).<\/p>\n\n\n\n<p class=\"wp-block-paragraph\"><br>En tanto, las Mics-2019 incluyeron la percepci\u00f3n de seguridad. Un 3,8 por ciento de las mujeres declar\u00f3 sentirse \u00abinseguras\u00bb o \u00abmuy inseguras\u00bb caminando solas de noche en su vecindario.<\/p>\n\n\n\n<p class=\"wp-block-paragraph\"><br>M\u00e1s recientemente, en 2022, la Encuesta Nacional de Fecundidad asoci\u00f3 la iniciaci\u00f3n sexual temprana a cuestiones negativas como la violencia de pareja: 30 por ciento de las personas que se iniciaron sexualmente antes de los 18 a\u00f1os calific\u00f3 la experiencia como no satisfactoria.<\/p>\n\n\n\n<p class=\"wp-block-paragraph\"><br>Estad\u00edsticas oficiales continuas como los Anuarios de Salud registran fallecimientos por agresi\u00f3n desagregadas por sexo, pero no especifican si el motivo est\u00e1 relacionado con discriminaci\u00f3n o violencia de g\u00e9nero.<\/p>\n\n\n\n<p class=\"wp-block-paragraph\"><br><strong>Los datos son el primer paso<\/strong><\/p>\n\n\n\n<p class=\"wp-block-paragraph\"><br>Contar con estad\u00edsticas de calidad -incluidas sistematizaciones hist\u00f3ricas- puede abrir la puerta a estudios m\u00e1s profundos y abarcadores, coinciden las especialistas entrevistadas por SEMlac.<\/p>\n\n\n\n<p class=\"wp-block-paragraph\"><br>\u00abEs estrat\u00e9gico para la labor de fiscales y jueces y para una administraci\u00f3n de justicia que integre una real perspectiva de g\u00e9nero\u00bb, precisa P\u00e9rez Duharte. \u00abLas cifras facilitan que los operadores jur\u00eddicos contextualicen un caso particular dentro de un patr\u00f3n m\u00e1s amplio, lo cual es fundamental para la interpretaci\u00f3n de la ley y para evitar la minimizaci\u00f3n de un hecho particular\u00bb.<\/p>\n\n\n\n<p class=\"wp-block-paragraph\"><br>La jurista se\u00f1ala, adem\u00e1s, la funci\u00f3n \u00abpedag\u00f3gica\u00bb de las cifras, \u00abesencial para la deconstrucci\u00f3n de patrones socioculturales, al visibilizar la gravedad del problema, lo que contribuye a la sensibilizaci\u00f3n colectiva\u00bb. \u00abPuede generar un efecto de confianza institucional que aliente a las v\u00edctimas a interponer denuncia\u00bb, agrega.<br>Proveyer Cervantes coincide. En su opini\u00f3n, tener nociones del monto de los hechos de violencia permite crear una percepci\u00f3n de riesgo en la poblaci\u00f3n y tambi\u00e9n genera alertas entre los decisores.<\/p>\n\n\n\n<p class=\"wp-block-paragraph\"><br>Para estas expertas, sin datos robustos y sistem\u00e1ticos, la violencia se subestima. Las estad\u00edsticas, por tanto, resultan una herramienta esencial para romper el silencio y guiar la prevenci\u00f3n.<\/p>\n\n\n\n<p class=\"wp-block-paragraph\">SEM-SEMlac\/de<\/p>\n\n\n\n<p class=\"wp-block-paragraph\"><\/p>\n","protected":false},"excerpt":{"rendered":"<p>Dixie Edith SemM\u00e9xico\/SEMlac, La Habana, 9 de febrero, 2026.- Contar con estad\u00edsticas fiables y actualizadas sobre las violencias machistas en Cuba es crucial para entender esa grave problem\u00e1tica y luego dise\u00f1ar las respuestas necesarias para atenderla, coinciden especialistas. \u00abLos datos ofrecen informaci\u00f3n para ajustar la prevenci\u00f3n y enfrentamiento a las violencias de g\u00e9nero. No son [&hellip;]<\/p>\n","protected":false},"author":3,"featured_media":102573,"comment_status":"open","ping_status":"open","sticky":false,"template":"","format":"standard","meta":{"_monsterinsights_skip_tracking":false,"footnotes":""},"categories":[748],"tags":[],"class_list":["post-102562","post","type-post","status-publish","format-standard","has-post-thumbnail","category-cultura-feminista"],"_links":{"self":[{"href":"https:\/\/redsemlac.com\/semmexico\/wp-json\/wp\/v2\/posts\/102562","targetHints":{"allow":["GET"]}}],"collection":[{"href":"https:\/\/redsemlac.com\/semmexico\/wp-json\/wp\/v2\/posts"}],"about":[{"href":"https:\/\/redsemlac.com\/semmexico\/wp-json\/wp\/v2\/types\/post"}],"author":[{"embeddable":true,"href":"https:\/\/redsemlac.com\/semmexico\/wp-json\/wp\/v2\/users\/3"}],"replies":[{"embeddable":true,"href":"https:\/\/redsemlac.com\/semmexico\/wp-json\/wp\/v2\/comments?post=102562"}],"version-history":[{"count":0,"href":"https:\/\/redsemlac.com\/semmexico\/wp-json\/wp\/v2\/posts\/102562\/revisions"}],"wp:featuredmedia":[{"embeddable":true,"href":"https:\/\/redsemlac.com\/semmexico\/wp-json\/wp\/v2\/media\/102573"}],"wp:attachment":[{"href":"https:\/\/redsemlac.com\/semmexico\/wp-json\/wp\/v2\/media?parent=102562"}],"wp:term":[{"taxonomy":"category","embeddable":true,"href":"https:\/\/redsemlac.com\/semmexico\/wp-json\/wp\/v2\/categories?post=102562"},{"taxonomy":"post_tag","embeddable":true,"href":"https:\/\/redsemlac.com\/semmexico\/wp-json\/wp\/v2\/tags?post=102562"}],"curies":[{"name":"wp","href":"https:\/\/api.w.org\/{rel}","templated":true}]}}